{"id":6330,"date":"2010-01-16T01:12:57","date_gmt":"2010-01-16T00:12:57","guid":{"rendered":"http:\/\/www.schiebener.net\/wordpress\/?p=6330"},"modified":"2010-01-16T01:12:57","modified_gmt":"2010-01-16T00:12:57","slug":"umleitung-neues-aus-der-anstalt-iran-wolfgang-lieb-in-paderborn-und-eine-hauptschule-weniger-in-brilon","status":"publish","type":"post","link":"https:\/\/www.schiebener.net\/wordpress\/umleitung-neues-aus-der-anstalt-iran-wolfgang-lieb-in-paderborn-und-eine-hauptschule-weniger-in-brilon\/","title":{"rendered":"Umleitung: Neues aus der Anstalt, Iran, Wolfgang Lieb in Paderborn und eine Hauptschule weniger in Brilon"},"content":{"rendered":"<p><img loading=\"lazy\" decoding=\"async\" class=\"alignleft size-full wp-image-2311\" src=\"http:\/\/www.schiebener.net\/wordpress\/wp-content\/uploads\/2009\/02\/umleitung.gif\" alt=\"\" width=\"110\" height=\"28\" \/><strong>Neues aus der Anstalt:<\/strong> &#8222;K\u00f6hler, K\u00f6hler, oller N\u00f6ler&#8220; &#8230; <a href=\"http:\/\/bieseveih.de\/2010\/01\/15\/neues-aus-der-anstalt-%E2%80%9Ekohler-kohler-oller-noler%E2%80%9C\/\" target=\"_blank\">bieseveih<\/a><\/p>\n<p><strong>Iran:<\/strong> Die Revolution der Kinder &#8211; eine Buchbesprechung &#8230; <a href=\"http:\/\/hpd.de\/node\/8601\" target=\"_blank\">hpd<\/a><\/p>\n<p><strong>Wolfgang Lieb:<\/strong> Dienstag in Paderborn &#8230; <a href=\"http:\/\/www.nachdenkseiten.de\/?p=4461\" target=\"_blank\">nachdenkseiten<\/a><\/p>\n<p><strong>Brilon:<\/strong> Eduard-Pape Hauptschule schlie\u00dft, Realschulzweig kommt &#8230; <a href=\"http:\/\/www.derwesten.de\/staedte\/brilon\/Aus-fuer-die-Eduard-Pape-Hauptschule-id2384987.html\" target=\"_blank\">wpbrilon<\/a><\/p>\n","protected":false},"excerpt":{"rendered":"<p>Neues aus der Anstalt: &#8222;K\u00f6hler, K\u00f6hler, oller N\u00f6ler&#8220; &#8230; bieseveih Iran: Die Revolution der Kinder &#8211; eine Buchbesprechung &#8230; hpd Wolfgang Lieb: Dienstag in Paderborn &#8230; nachdenkseiten Brilon: Eduard-Pape Hauptschule &hellip; <a href=\"https:\/\/www.schiebener.net\/wordpress\/umleitung-neues-aus-der-anstalt-iran-wolfgang-lieb-in-paderborn-und-eine-hauptschule-weniger-in-brilon\/\" class=\"more-link\"><span class=\"screen-reader-text\">\u201eUmleitung: Neues aus der Anstalt, Iran, Wolfgang Lieb in Paderborn und eine Hauptschule weniger in Brilon\u201c <\/span>weiterlesen<\/a><\/p>\n","protected":false},"author":3,"featured_media":0,"comment_status":"open","ping_status":"open","sticky":false,"template":"","format":"standard","meta":{"footnotes":""},"categories":[3,218,80,24,379],"tags":[579,1183,573,1182,1093],"class_list":["post-6330","post","type-post","status-publish","format-standard","hentry","category-bildung-und-schule","category-bucher","category-lokales","category-politik","category-umleitung","tag-brilon","tag-eduard-pape-hauptschule","tag-iran","tag-priol","tag-wolfgang-lieb"],"_links":{"self":[{"href":"https:\/\/www.schiebener.net\/wordpress\/wp-json\/wp\/v2\/posts\/6330","targetHints":{"allow":["GET"]}}],"collection":[{"href":"https:\/\/www.schiebener.net\/wordpress\/wp-json\/wp\/v2\/posts"}],"about":[{"href":"https:\/\/www.schiebener.net\/wordpress\/wp-json\/wp\/v2\/types\/post"}],"author":[{"embeddable":true,"href":"https:\/\/www.schiebener.net\/wordpress\/wp-json\/wp\/v2\/users\/3"}],"replies":[{"embeddable":true,"href":"https:\/\/www.schiebener.net\/wordpress\/wp-json\/wp\/v2\/comments?post=6330"}],"version-history":[{"count":0,"href":"https:\/\/www.schiebener.net\/wordpress\/wp-json\/wp\/v2\/posts\/6330\/revisions"}],"wp:attachment":[{"href":"https:\/\/www.schiebener.net\/wordpress\/wp-json\/wp\/v2\/media?parent=6330"}],"wp:term":[{"taxonomy":"category","embeddable":true,"href":"https:\/\/www.schiebener.net\/wordpress\/wp-json\/wp\/v2\/categories?post=6330"},{"taxonomy":"post_tag","embeddable":true,"href":"https:\/\/www.schiebener.net\/wordpress\/wp-json\/wp\/v2\/tags?post=6330"}],"curies":[{"name":"wp","href":"https:\/\/api.w.org\/{rel}","templated":true}]}}