{"id":62992,"date":"2026-01-27T09:47:56","date_gmt":"2026-01-27T08:47:56","guid":{"rendered":"https:\/\/www.schiebener.net\/wordpress\/?p=62992"},"modified":"2026-01-27T09:47:56","modified_gmt":"2026-01-27T08:47:56","slug":"heute-jaehrt-sich-die-befreiung-des-konzentrations-und-vernichtungslagers-auschwitz","status":"publish","type":"post","link":"https:\/\/www.schiebener.net\/wordpress\/heute-jaehrt-sich-die-befreiung-des-konzentrations-und-vernichtungslagers-auschwitz\/","title":{"rendered":"Heute j\u00e4hrt sich die Befreiung des Konzentrations- und Vernichtungslagers Auschwitz"},"content":{"rendered":"\n<h3 class=\"wp-block-heading\">Impulse f\u00fcr die digitale Bildungsarbeit<\/h3>\n\n\n<div class=\"wp-block-image\">\n<figure class=\"aligncenter size-large\"><a href=\"https:\/\/www.schiebener.net\/wordpress\/wp-content\/uploads\/2026\/01\/20260127ArolsenArchivesKlein.jpg\" target=\"_blank\" rel=\" noreferrer noopener\"><img loading=\"lazy\" decoding=\"async\" width=\"683\" height=\"1024\" src=\"https:\/\/www.schiebener.net\/wordpress\/wp-content\/uploads\/2026\/01\/20260127ArolsenArchivesKlein-683x1024.jpg\" alt=\"Die ge\u00f6ffnete wei\u00df-graue Schublade eines Archivschranks. Darin sind hintereinander viele  braunorangene Karteikarten mit getippten Angaben. Eine wei\u00dfliche Karteikarte liegt zur Veranschaulichung vornan horizontal \u00fcber den senkrechten anderen Karten. Man kann noch einzelne W\u00f6rter wie &quot;kommunistischer&quot; lesen.\" class=\"wp-image-62993\" srcset=\"https:\/\/www.schiebener.net\/wordpress\/wp-content\/uploads\/2026\/01\/20260127ArolsenArchivesKlein-683x1024.jpg 683w, https:\/\/www.schiebener.net\/wordpress\/wp-content\/uploads\/2026\/01\/20260127ArolsenArchivesKlein-200x300.jpg 200w, https:\/\/www.schiebener.net\/wordpress\/wp-content\/uploads\/2026\/01\/20260127ArolsenArchivesKlein-768x1152.jpg 768w, https:\/\/www.schiebener.net\/wordpress\/wp-content\/uploads\/2026\/01\/20260127ArolsenArchivesKlein.jpg 1024w\" sizes=\"auto, (max-width: 709px) 85vw, (max-width: 909px) 67vw, (max-width: 984px) 61vw, (max-width: 1362px) 45vw, 600px\" \/><\/a><figcaption class=\"wp-element-caption\">Die Zentrale Namenkartei (ZNK) ist ein wichtiges Archivsystem der Arolsen Archives. Sie umfasst rund 50 Millionen Hinweiskarten, die Informationen zu etwa 17,5 Millionen Menschen enthalten. Die ZNK war \u00fcber viele Jahrzehnte das wichtigste Arbeitsmittel bei der Suche nach Informationen \u00fcber NS-Opfer und deren Schicksale. (Bild: ArolsenArchives)<\/figcaption><\/figure>\n<\/div>\n\n\n<p><strong>Am 27. Januar j\u00e4hrt sich die Befreiung des Konzentrations- und Vernichtungslagers Auschwitz. Mit dem Gedenktag wird an die Verbrechen des Holocaust erinnert. Zugleich stellt sich die Frage, wie Erinnerung heute gestaltet und historisches Lernen gelingen kann. <\/strong><\/p>\n\n\n\n<p><em>(Der Artikel beruht auf einem Newsletter der <a href=\"https:\/\/arolsen-archives.org\" target=\"_blank\" rel=\"noreferrer noopener\">Arolsen Archives<\/a>)<\/em><\/p>\n\n\n\n<p>Junge Menschen eignen sich Wissen zunehmend \u00fcber digitale Formate und soziale Medien an. Daher ist es wichtig, Erinnerungskultur auch in diesen digitalen Lebenswelten zu verankern und p\u00e4dagogisch zu begleiten. <\/p>\n\n\n\n<p>Die Arolsen Archives stellen Bildungsangebote vor, die P\u00e4dagog*innen konkrete M\u00f6glichkeiten bieten, digitale Inhalte zum Thema Shoah im Unterricht einzusetzen \u2013 als zeitgem\u00e4\u00dfen Einstieg und Anlass f\u00fcr vertiefende, kritische Reflexion.<\/p>\n\n\n\n<!--more-->\n\n\n\n<p><strong><a href=\"https:\/\/newsletter.arolsen-archives.org\/c\/114044195\/0b7a26a32092-t99cjw\" target=\"_blank\" rel=\"noreferrer noopener\">Shoah Stories<\/a> ist eine neue digitale Bildungsplattform<\/strong>, die <strong>Kurzvideos aus sozialen Medien<\/strong> wie TikTok und Instagram f\u00fcr die Vermittlung des Holocaust im Unterricht nutzbar macht. Sie b\u00fcndelt Beitr\u00e4ge von \u00fcber <strong>30 Holocaust-Gedenkst\u00e4tten, Museen und Bildungseinrichtungen<\/strong> weltweit und erg\u00e4nzt diese um p\u00e4dagogisch aufbereitete Materialien in mehreren Sprachen.<\/p>\n\n\n\n<p>Ziel ist es, Erinnerungskultur zeitgem\u00e4\u00df und verantwortungsvoll in digitalen Lebenswelten zu verankern. Auch die Arolsen Archives tragen mit Kurzvideos und Unterrichtseinheiten zur Plattform bei. <strong>F\u00fcr Lehrkr\u00e4fte<\/strong> stehen diese und weitere <a href=\"https:\/\/newsletter.arolsen-archives.org\/c\/114075668\/0b7a26a32092-t99cjw\" target=\"_blank\" rel=\"noreferrer noopener\"><strong>Bildungsmaterialien<\/strong><\/a> kostenfrei zur Verf\u00fcgung. <strong>A<\/strong><strong>b M\u00e4rz 2026 <\/strong>werden au\u00dferdem <strong>Fortbildungen<\/strong> zum <strong>Einsatz der Plattform im Unterricht<\/strong> angeboten. Anmeldung unter: <a href=\"mailto:info@shoahstories.video\" target=\"_blank\" rel=\"noreferrer noopener\">info@shoahstories.video<\/a><\/p>\n\n\n\n<h5 class=\"wp-block-heading\">Lernmodul <\/h5>\n\n\n\n<p>Jugendliche erkunden <strong>f\u00fcnf virtuelle Wohnzimmer aus unterschiedlichen Phasen<\/strong>\u00a0der Nachkriegszeit und entdecken in <strong>Alltagsgegenst\u00e4nden Spuren des Erinnerns<\/strong>. Das Modul eignet sich besonders zur Vertiefung im Unterricht, etwa im Anschluss an einen thematischen Einstieg oder die Arbeit mit digitalen Materialien, und f\u00f6rdert historisches Urteilsverm\u00f6gen und Medienkompetenz.<br \/><a href=\"https:\/\/school.arolsen-archives.org\/minigame\/nochmal-hingeschaut\/\" target=\"_blank\" rel=\"noreferrer noopener\">https:\/\/school.arolsen-archives.org\/minigame\/nochmal-hingeschaut\/<\/a><\/p>\n\n\n\n<h5 class=\"wp-block-heading\">Gemeinsam erinnern: Start der #everynamecounts-Challenge<\/h5>\n\n\n\n<p>Am Montag, den 26.01., starten die Arolsen Archives ihre diesj\u00e4hrige #everynamecounts-Challenge. Rund um den Holocaust-Gedenktag sollen gemeinsam 58.000 Dokumente, die die Verbrechen der Nazis beweisen, digitalisiert werden.<br \/><a href=\"https:\/\/everynamecounts.arolsen-archives.org\" target=\"_blank\" rel=\"noreferrer noopener\">https:\/\/everynamecounts.arolsen-archives.org<\/a><\/p>\n\n\n\n<h5 class=\"wp-block-heading\">Ausschreibung: Dein History-Lab f\u00fcr neue Perspektiven\u00a0<\/h5>\n\n\n\n<p>Die Stiftung EVZ l\u00e4dt junge Menschen (18\u201329 Jahre) ein, eigene Erinnerungsprojekte zur Geschichte des Nationalsozialismus und ihrer Bedeutung f\u00fcr die Gegenwart zu entwickeln. \u201e<a href=\"https:\/\/www.stiftung-evz.de\/was-wir-foerdern\/jugend-erinnert-vor-ort-engagiert\/dein-historylab\/\" target=\"_blank\" rel=\"noreferrer noopener\">Dein Historylab f\u00fcr neue Perspektiven<\/a>\u201c bietet fachliche Begleitung, Austausch und eine Projektf\u00f6rderung von bis zu 1.000 Euro.<br \/>Bewerbungsschluss ist der 31. Januar 2026.<br \/><a href=\"https:\/\/www.stiftung-evz.de\/was-wir-foerdern\/jugend-erinnert-vor-ort-engagiert\/dein-historylab\/?utm_source=CleverReach&amp;utm_medium=email&amp;utm_campaign=Bildungsnewsletter+2026%2F01&amp;utm_content=Mailing_16800663\" target=\"_blank\" rel=\"noreferrer noopener\">https:\/\/www.stiftung-evz.de\/was-wir-foerdern\/jugend-erinnert-vor-ort-engagiert\/dein-historylab\/<\/a><\/p>\n","protected":false},"excerpt":{"rendered":"<p>Impulse f\u00fcr die digitale Bildungsarbeit Am 27. Januar j\u00e4hrt sich die Befreiung des Konzentrations- und Vernichtungslagers Auschwitz. Mit dem Gedenktag wird an die Verbrechen des Holocaust erinnert. Zugleich stellt sich &hellip; <a href=\"https:\/\/www.schiebener.net\/wordpress\/heute-jaehrt-sich-die-befreiung-des-konzentrations-und-vernichtungslagers-auschwitz\/\" class=\"more-link\"><span class=\"screen-reader-text\">\u201eHeute j\u00e4hrt sich die Befreiung des Konzentrations- und Vernichtungslagers Auschwitz\u201c <\/span>weiterlesen<\/a><\/p>\n","protected":false},"author":3,"featured_media":0,"comment_status":"open","ping_status":"open","sticky":false,"template":"","format":"standard","meta":{"footnotes":""},"categories":[8668,3,319,303,6,7507,8669,6314],"tags":[8736],"class_list":["post-62992","post","type-post","status-publish","format-standard","hentry","category-antisemitismus","category-bildung-und-schule","category-geschichte","category-in-unserem-briefkasten","category-kalenderblatt","category-nationalsozialismus","category-rassismus","category-rechtsextremismus","tag-arolsen-archives"],"_links":{"self":[{"href":"https:\/\/www.schiebener.net\/wordpress\/wp-json\/wp\/v2\/posts\/62992","targetHints":{"allow":["GET"]}}],"collection":[{"href":"https:\/\/www.schiebener.net\/wordpress\/wp-json\/wp\/v2\/posts"}],"about":[{"href":"https:\/\/www.schiebener.net\/wordpress\/wp-json\/wp\/v2\/types\/post"}],"author":[{"embeddable":true,"href":"https:\/\/www.schiebener.net\/wordpress\/wp-json\/wp\/v2\/users\/3"}],"replies":[{"embeddable":true,"href":"https:\/\/www.schiebener.net\/wordpress\/wp-json\/wp\/v2\/comments?post=62992"}],"version-history":[{"count":0,"href":"https:\/\/www.schiebener.net\/wordpress\/wp-json\/wp\/v2\/posts\/62992\/revisions"}],"wp:attachment":[{"href":"https:\/\/www.schiebener.net\/wordpress\/wp-json\/wp\/v2\/media?parent=62992"}],"wp:term":[{"taxonomy":"category","embeddable":true,"href":"https:\/\/www.schiebener.net\/wordpress\/wp-json\/wp\/v2\/categories?post=62992"},{"taxonomy":"post_tag","embeddable":true,"href":"https:\/\/www.schiebener.net\/wordpress\/wp-json\/wp\/v2\/tags?post=62992"}],"curies":[{"name":"wp","href":"https:\/\/api.w.org\/{rel}","templated":true}]}}