{"id":62984,"date":"2026-01-26T17:36:11","date_gmt":"2026-01-26T16:36:11","guid":{"rendered":"https:\/\/www.schiebener.net\/wordpress\/?p=62984"},"modified":"2026-01-26T22:09:50","modified_gmt":"2026-01-26T21:09:50","slug":"nichts-fuer-blindfische-ab-heute-alt-texte-fuer-grafiken-bilder-und-fotos","status":"publish","type":"post","link":"https:\/\/www.schiebener.net\/wordpress\/nichts-fuer-blindfische-ab-heute-alt-texte-fuer-grafiken-bilder-und-fotos\/","title":{"rendered":"Nichts f\u00fcr Blindfische? Ab heute Alt-Texte f\u00fcr Grafiken, Bilder und Fotos"},"content":{"rendered":"\n<h3 class=\"wp-block-heading\">Leider wei\u00df ich nicht, ob&#8217;s funktioniert<\/h3>\n\n\n<div class=\"wp-block-image\">\n<figure class=\"aligncenter size-large\"><a href=\"https:\/\/www.schiebener.net\/wordpress\/wp-content\/uploads\/2026\/01\/2026012604SiedlinghausenSchnee.jpg\" target=\"_blank\" rel=\" noreferrer noopener\"><img loading=\"lazy\" decoding=\"async\" width=\"768\" height=\"1024\" src=\"https:\/\/www.schiebener.net\/wordpress\/wp-content\/uploads\/2026\/01\/2026012604SiedlinghausenSchnee-768x1024.jpg\" alt=\"Eine h\u00f6lzerne Fu\u00dfg\u00e4ngerbr\u00fccke f\u00fchrt \u00fcber einen Bach. Im Hintergrund ein Zaun; eine verschneite, h\u00fcgelige Landschaft in der Ferne. Grauer Himmel. Rechts vor an der Br\u00fccke ein Holzpfahl mit einem kleinen Warnschild: Rutschgefahr!\" class=\"wp-image-62985\" srcset=\"https:\/\/www.schiebener.net\/wordpress\/wp-content\/uploads\/2026\/01\/2026012604SiedlinghausenSchnee-768x1025.jpg 768w, https:\/\/www.schiebener.net\/wordpress\/wp-content\/uploads\/2026\/01\/2026012604SiedlinghausenSchnee-225x300.jpg 225w, https:\/\/www.schiebener.net\/wordpress\/wp-content\/uploads\/2026\/01\/2026012604SiedlinghausenSchnee-1151x1536.jpg 1151w, https:\/\/www.schiebener.net\/wordpress\/wp-content\/uploads\/2026\/01\/2026012604SiedlinghausenSchnee-1200x1601.jpg 1200w, https:\/\/www.schiebener.net\/wordpress\/wp-content\/uploads\/2026\/01\/2026012604SiedlinghausenSchnee.jpg 1535w\" sizes=\"auto, (max-width: 709px) 85vw, (max-width: 909px) 67vw, (max-width: 984px) 61vw, (max-width: 1362px) 45vw, 600px\" \/><\/a><figcaption class=\"wp-element-caption\">Rutschgefahr! Verschneite Fu\u00dfg\u00e4ngerbr\u00fccke \u00fcber die Namenlose in Siedlinghausen (foto: zoom)<\/figcaption><\/figure>\n<\/div>\n\n\n<p><strong>Ich habe mich nie um Alt-Texte f\u00fcr meine Bilder im Blog gek\u00fcmmert. Das soll sich ab heute \u00e4ndern.<\/strong><br \/><br \/><a href=\"https:\/\/de.wikipedia.org\/wiki\/Alt-Text\" target=\"_blank\" rel=\"noreferrer noopener\">Wikipedia:<\/a> &#8222;Ein\u00a0<strong>Alt-Text<\/strong>\u00a0(kurz f\u00fcr\u00a0<strong>Alternativtext<\/strong>) ist eine kurze Bildbeschreibung oder eine kurze sprachliche \u00dcbersetzung eines visuellen Inhalts im Internet, die blinden Benutzern von Hilfsmitteln wie\u00a0Screenreadern\u00a0anstelle des Bildes vorgelesen wird. Alt-Texte sind eine wichtige Bedingung f\u00fcr ein\u00a0barrierefreies Internet. Sie k\u00f6nnen jedoch auch anstelle des Bildes im\u00a0Browser\u00a0angezeigt werden, wenn z.\u00a0B. die Internetverbindung zu langsam ist, um das Bild zu laden, oder wenn Bildanzeige zum beschleunigten Laden oder Einsparen von\u00a0Datenvolumen\u00a0deaktiviert ist, sowie von textbasierten Browsern.&#8220;<\/p>\n\n\n\n<p>Alt-Texte w\u00fcrden also die Blog-Barrieren f\u00fcr Menschen mit Sehbehinderungen zumindest senken.<br \/><br \/>Bei den beiden Schnee-Bildern von heute habe ich im Hintergrund in der WordPress-Mediathek flei\u00dfig Text eingegeben. <br \/><br \/>Mein Problem: Ich sehe keine Ver\u00e4nderung im Front-End, also im sichtbaren Blogartikel. Ob Screenreader diesen Text auslesen, kann ich nicht sagen, denn ich habe ein solches Hilfsmittel nicht.<\/p>\n\n\n\n<p>Ich hatte gedacht, dass der Alt-Text eventuell beim \u00dcberfahren des Bildes mit der Maus sichtbar wird. <\/p>\n\n\n\n<p>Vielleicht nutzt jemand der Blogleser*innen einen Screenreader und kann mir mitteilen, ob ein Alt-Text vorhanden ist.<\/p>\n","protected":false},"excerpt":{"rendered":"<p>Leider wei\u00df ich nicht, ob&#8217;s funktioniert Ich habe mich nie um Alt-Texte f\u00fcr meine Bilder im Blog gek\u00fcmmert. Das soll sich ab heute \u00e4ndern. Wikipedia: &#8222;Ein\u00a0Alt-Text\u00a0(kurz f\u00fcr\u00a0Alternativtext) ist eine kurze &hellip; <a href=\"https:\/\/www.schiebener.net\/wordpress\/nichts-fuer-blindfische-ab-heute-alt-texte-fuer-grafiken-bilder-und-fotos\/\" class=\"more-link\"><span class=\"screen-reader-text\">\u201eNichts f\u00fcr Blindfische? Ab heute Alt-Texte f\u00fcr Grafiken, Bilder und Fotos\u201c <\/span>weiterlesen<\/a><\/p>\n","protected":false},"author":3,"featured_media":0,"comment_status":"open","ping_status":"open","sticky":false,"template":"","format":"standard","meta":{"footnotes":""},"categories":[174,2489,80,32],"tags":[9439,945,7798],"class_list":["post-62984","post","type-post","status-publish","format-standard","hentry","category-dit-und-dat","category-in-eigener-sache","category-lokales","category-medien","tag-alt-text","tag-bloggen","tag-namenlose"],"_links":{"self":[{"href":"https:\/\/www.schiebener.net\/wordpress\/wp-json\/wp\/v2\/posts\/62984","targetHints":{"allow":["GET"]}}],"collection":[{"href":"https:\/\/www.schiebener.net\/wordpress\/wp-json\/wp\/v2\/posts"}],"about":[{"href":"https:\/\/www.schiebener.net\/wordpress\/wp-json\/wp\/v2\/types\/post"}],"author":[{"embeddable":true,"href":"https:\/\/www.schiebener.net\/wordpress\/wp-json\/wp\/v2\/users\/3"}],"replies":[{"embeddable":true,"href":"https:\/\/www.schiebener.net\/wordpress\/wp-json\/wp\/v2\/comments?post=62984"}],"version-history":[{"count":0,"href":"https:\/\/www.schiebener.net\/wordpress\/wp-json\/wp\/v2\/posts\/62984\/revisions"}],"wp:attachment":[{"href":"https:\/\/www.schiebener.net\/wordpress\/wp-json\/wp\/v2\/media?parent=62984"}],"wp:term":[{"taxonomy":"category","embeddable":true,"href":"https:\/\/www.schiebener.net\/wordpress\/wp-json\/wp\/v2\/categories?post=62984"},{"taxonomy":"post_tag","embeddable":true,"href":"https:\/\/www.schiebener.net\/wordpress\/wp-json\/wp\/v2\/tags?post=62984"}],"curies":[{"name":"wp","href":"https:\/\/api.w.org\/{rel}","templated":true}]}}