{"id":62962,"date":"2026-01-24T08:47:26","date_gmt":"2026-01-24T07:47:26","guid":{"rendered":"https:\/\/www.schiebener.net\/wordpress\/?p=62962"},"modified":"2026-01-24T08:52:17","modified_gmt":"2026-01-24T07:52:17","slug":"everynamecounts-challenge-zum-holocaust-gedenktag-2026","status":"publish","type":"post","link":"https:\/\/www.schiebener.net\/wordpress\/everynamecounts-challenge-zum-holocaust-gedenktag-2026\/","title":{"rendered":"#everynamecounts-Challenge zum Holocaust-Gedenktag 2026"},"content":{"rendered":"\n<h3 class=\"wp-block-heading\"><strong><\/strong><strong>Freiwillige k\u00f6nnen an Menschen erinnern, die aus Belgien und Frankreich nach Auschwitz deportiert wurden<\/strong><\/h3>\n\n\n<div class=\"wp-block-image\">\n<figure class=\"alignleft size-full\"><a href=\"https:\/\/www.schiebener.net\/wordpress\/wp-content\/uploads\/2026\/01\/20260124Arolsen.webp\" target=\"_blank\" rel=\" noreferrer noopener\"><img loading=\"lazy\" decoding=\"async\" width=\"680\" height=\"850\" src=\"https:\/\/www.schiebener.net\/wordpress\/wp-content\/uploads\/2026\/01\/20260124Arolsen.webp\" alt=\"\" class=\"wp-image-62963\" srcset=\"https:\/\/www.schiebener.net\/wordpress\/wp-content\/uploads\/2026\/01\/20260124Arolsen.webp 680w, https:\/\/www.schiebener.net\/wordpress\/wp-content\/uploads\/2026\/01\/20260124Arolsen-240x300.webp 240w\" sizes=\"auto, (max-width: 709px) 85vw, (max-width: 909px) 67vw, (max-width: 984px) 61vw, (max-width: 1362px) 45vw, 600px\" \/><\/a><figcaption class=\"wp-element-caption\">Grafik: Arolsen Archives<\/figcaption><\/figure>\n<\/div>\n\n\n<p><strong>Am 27. Januar 1945 befreite die Rote Armee das Konzentrationslager Auschwitz. Auch 81 Jahre sp\u00e4ter ist die Aufarbeitung der historischen Quellen und die Dokumentation der Namen der Ermordeten noch nicht abgeschlossen. Um die Erinnerung an jedes einzelne Schicksal zu bewahren, rufen die Arolsen Archives zum kommenden Holocaust-Gedenktag zur Challenge #everynamecounts auf.<\/strong> <\/p>\n\n\n\n<p>Ziel ist es, gemeinsam noch nicht digitalisierte Informationen von rund 58.000 Dokumenten zu erfassen. Im Fokus stehen in diesem Jahr Dokumente vom Archivdienst f\u00fcr Kriegsopfer aus dem Belgischen Staatsarchiv.<\/p>\n\n\n\n<!--more-->\n\n\n\n<h5 class=\"wp-block-heading\"><strong>Karteikarten \u00fcber M\u00e4nner, Frauen und Kinder, die als Juden, Sinti und Roma verfolgt wurden<\/strong><\/h5>\n\n\n\n<p>Die Kartei enth\u00e4lt wertvolle Hinweise zu den NS-Opfern, die die SS vielfach \u00fcber das Sammellager Mechelen in Belgien oder verschiedene Lager in Frankreich wie Drancy nach Auschwitz deportierte. Die Karten wurden zwischen 1941 und 1944 vom Sicherheitsdienst der deutschen Sicherheitspolizei (Sipo-SD) erstellt.<\/p>\n\n\n\n<p>Unter den Deportierten war auch die 18-j\u00e4hrige Wienerin Edith Fuchs. Sie war mit ihrem Vater und zwei Geschwistern nach Br\u00fcssel geflohen, nachdem das nationalsozialistische Deutschland im Jahr 1938 \u00d6sterreich annektiert hatte. Im Oktober 1942 wurde Edith verhaftet und in die Dossin-Kaserne in Mechelen (Belgien) verschleppt. Die Kaserne liegt auf halber Strecke zwischen Br\u00fcssel und Antwerpen, heute befinden sich hier eine Gedenkst\u00e4tte und ein Museum. In der Kaserne trieb die SS als j\u00fcdisch verfolgte Menschen sowie Sinti und Roma f\u00fcr die Deportation in die Vernichtungslager zusammen. Acht Tage nach ihrer Verhaftung wurde Edith Richtung Auschwitz deportiert und dort, wie ihr Vater, direkt ermordet.<\/p>\n\n\n\n<p>Die Kartei aus Br\u00fcssel enth\u00e4lt auch Karten zu Menschen, die untertauchen oder fliehen konnten und so der Deportation entkamen.<\/p>\n\n\n\n<p><strong>Mitmachen ist einfach<\/strong><\/p>\n\n\n\n<p>Schon wenige Minuten am Computer oder Smartphone reichen aus, um Namen und Schicksale von NS-Verfolgten sichtbar zu machen. #everynamecounts l\u00e4dt dazu ein, am gr\u00f6\u00dften digitalen Denkmal f\u00fcr die Opfer und \u00dcberlebenden der NS-Zeit mitzuwirken und gemeinsam ein Zeichen gegen das Vergessen zu setzen.<\/p>\n\n\n<div class=\"wp-block-image\">\n<figure class=\"aligncenter size-full\"><a href=\"https:\/\/www.schiebener.net\/wordpress\/wp-content\/uploads\/2026\/01\/2026012402ArolsenKlein.jpg\" target=\"_blank\" rel=\" noreferrer noopener\"><img loading=\"lazy\" decoding=\"async\" width=\"1024\" height=\"683\" src=\"https:\/\/www.schiebener.net\/wordpress\/wp-content\/uploads\/2026\/01\/2026012402ArolsenKlein.jpg\" alt=\"\" class=\"wp-image-62965\" srcset=\"https:\/\/www.schiebener.net\/wordpress\/wp-content\/uploads\/2026\/01\/2026012402ArolsenKlein.jpg 1024w, https:\/\/www.schiebener.net\/wordpress\/wp-content\/uploads\/2026\/01\/2026012402ArolsenKlein-300x200.jpg 300w, https:\/\/www.schiebener.net\/wordpress\/wp-content\/uploads\/2026\/01\/2026012402ArolsenKlein-768x512.jpg 768w\" sizes=\"auto, (max-width: 709px) 85vw, (max-width: 909px) 67vw, (max-width: 1362px) 62vw, 840px\" \/><\/a><figcaption class=\"wp-element-caption\">Verfolgung, Vernichtungslager und alle nationalsozialistischen Verbrechen gegen die Menschlichkeit d\u00fcrfen nie vergessen werden. Um die Dokumente dar\u00fcber weltweit zug\u00e4nglich zu machen, stellen die Arolsen Archives ihre Dokumente online. (Pressefoto: Arolsen Archives)<\/figcaption><\/figure>\n<\/div>\n\n\n<h5 class=\"wp-block-heading\"><strong>Die #everynamecounts-Challenge auf einen Blick<\/strong><\/h5>\n\n\n\n<ul class=\"wp-block-list\">\n<li>Rund 58.000 Dokumente aus dem belgischen Archivdienst f\u00fcr Kriegsopfer werden am Montag, den 26. Januar um 8 Uhr online gestellt<\/li>\n\n\n\n<li>Die Eingabe der Daten erfolgt \u00fcber ein leicht verst\u00e4ndliches, intuitiv nutzbares Tool:&nbsp;<a href=\"https:\/\/everynamecounts.arolsen-archives.org\/\">everynamecounts.arolsen-archives.org<\/a><\/li>\n\n\n\n<li>Teilnehmende k\u00f6nnen einen eigenen Account anlegen und eine Gruppe gr\u00fcnden, um sich gemeinsam mit Freund*innen, Familie oder Kolleg*innen zu engagieren<\/li>\n<\/ul>\n\n\n\n<hr class=\"wp-block-separator has-alpha-channel-opacity\"\/>\n\n\n\n<h5 class=\"wp-block-heading\">\u00dcber die Arolsen Archives<\/h5>\n\n\n\n<p>Die Arolsen Archives sind das weltweit gr\u00f6\u00dfte Archiv zu den Opfern und \u00dcberlebenden des Nationalsozialismus. Die Sammlung mit Hinweisen zu rund 17,5 Millionen Menschen geh\u00f6rt zum UNESCO-Weltdokumentenerbe. Sie beinhaltet Dokumente zu den verschiedenen Opfergruppen des NS-Regimes und ist eine wichtige Wissensquelle f\u00fcr die heutige Gesellschaft.<\/p>\n","protected":false},"excerpt":{"rendered":"<p>Freiwillige k\u00f6nnen an Menschen erinnern, die aus Belgien und Frankreich nach Auschwitz deportiert wurden Am 27. Januar 1945 befreite die Rote Armee das Konzentrationslager Auschwitz. Auch 81 Jahre sp\u00e4ter ist &hellip; <a href=\"https:\/\/www.schiebener.net\/wordpress\/everynamecounts-challenge-zum-holocaust-gedenktag-2026\/\" class=\"more-link\"><span class=\"screen-reader-text\">\u201e#everynamecounts-Challenge zum Holocaust-Gedenktag 2026\u201c <\/span>weiterlesen<\/a><\/p>\n","protected":false},"author":17,"featured_media":0,"comment_status":"open","ping_status":"open","sticky":false,"template":"","format":"standard","meta":{"footnotes":""},"categories":[8668,319,303,32,7507,1043,8669,6314],"tags":[8736,3282,6656],"class_list":["post-62962","post","type-post","status-publish","format-standard","hentry","category-antisemitismus","category-geschichte","category-in-unserem-briefkasten","category-medien","category-nationalsozialismus","category-pressemitteilungen","category-rassismus","category-rechtsextremismus","tag-arolsen-archives","tag-auschwitz","tag-holocaust-gedenktag"],"_links":{"self":[{"href":"https:\/\/www.schiebener.net\/wordpress\/wp-json\/wp\/v2\/posts\/62962","targetHints":{"allow":["GET"]}}],"collection":[{"href":"https:\/\/www.schiebener.net\/wordpress\/wp-json\/wp\/v2\/posts"}],"about":[{"href":"https:\/\/www.schiebener.net\/wordpress\/wp-json\/wp\/v2\/types\/post"}],"author":[{"embeddable":true,"href":"https:\/\/www.schiebener.net\/wordpress\/wp-json\/wp\/v2\/users\/17"}],"replies":[{"embeddable":true,"href":"https:\/\/www.schiebener.net\/wordpress\/wp-json\/wp\/v2\/comments?post=62962"}],"version-history":[{"count":0,"href":"https:\/\/www.schiebener.net\/wordpress\/wp-json\/wp\/v2\/posts\/62962\/revisions"}],"wp:attachment":[{"href":"https:\/\/www.schiebener.net\/wordpress\/wp-json\/wp\/v2\/media?parent=62962"}],"wp:term":[{"taxonomy":"category","embeddable":true,"href":"https:\/\/www.schiebener.net\/wordpress\/wp-json\/wp\/v2\/categories?post=62962"},{"taxonomy":"post_tag","embeddable":true,"href":"https:\/\/www.schiebener.net\/wordpress\/wp-json\/wp\/v2\/tags?post=62962"}],"curies":[{"name":"wp","href":"https:\/\/api.w.org\/{rel}","templated":true}]}}