{"id":62642,"date":"2025-12-13T20:49:11","date_gmt":"2025-12-13T19:49:11","guid":{"rendered":"https:\/\/www.schiebener.net\/wordpress\/?p=62642"},"modified":"2025-12-13T20:49:11","modified_gmt":"2025-12-13T19:49:11","slug":"hamburg-mit-dem-rollenkoffer","status":"publish","type":"post","link":"https:\/\/www.schiebener.net\/wordpress\/hamburg-mit-dem-rollenkoffer\/","title":{"rendered":"Hamburg mit dem Rollenkoffer"},"content":{"rendered":"\n<h3 class=\"wp-block-heading\">Alles muss raus<\/h3>\n\n\n<div class=\"wp-block-image\">\n<figure class=\"aligncenter size-large\"><a href=\"https:\/\/www.schiebener.net\/wordpress\/wp-content\/uploads\/2025\/12\/2025120806AlsterfleetKlein.jpg\" target=\"_blank\" rel=\" noreferrer noopener\"><img loading=\"lazy\" decoding=\"async\" width=\"768\" height=\"1024\" src=\"https:\/\/www.schiebener.net\/wordpress\/wp-content\/uploads\/2025\/12\/2025120806AlsterfleetKlein-768x1024.jpg\" alt=\"\" class=\"wp-image-62647\" srcset=\"https:\/\/www.schiebener.net\/wordpress\/wp-content\/uploads\/2025\/12\/2025120806AlsterfleetKlein-768x1025.jpg 768w, https:\/\/www.schiebener.net\/wordpress\/wp-content\/uploads\/2025\/12\/2025120806AlsterfleetKlein-225x300.jpg 225w, https:\/\/www.schiebener.net\/wordpress\/wp-content\/uploads\/2025\/12\/2025120806AlsterfleetKlein-1151x1536.jpg 1151w, https:\/\/www.schiebener.net\/wordpress\/wp-content\/uploads\/2025\/12\/2025120806AlsterfleetKlein-1200x1601.jpg 1200w, https:\/\/www.schiebener.net\/wordpress\/wp-content\/uploads\/2025\/12\/2025120806AlsterfleetKlein.jpg 1535w\" sizes=\"auto, (max-width: 709px) 85vw, (max-width: 909px) 67vw, (max-width: 984px) 61vw, (max-width: 1362px) 45vw, 600px\" \/><\/a><figcaption class=\"wp-element-caption\">Mein Rollenkoffer (foto: zoom)<\/figcaption><\/figure>\n<\/div>\n\n\n<p><strong>Auf unserem Familienbesuch in Hamburg begleitete mich &#8211; oh wie spie\u00dfig &#8211; ein Rollenkoffer, statt eines Rucksacks. Das hing damit zusammen, dass ich als Teilnehmer eines Online-Kurses viel Zeug mitschleppen musste.<\/strong><\/p>\n\n\n\n<p>Wir hatten ein Quartier in Hamburg-Altona und unsere R\u00fcckfahrt von ebendort gebucht. In einem Rutsch von Altona nach Kassel &#8211; dachten wir, aber die Deutsche Bahn setzte unsere Bahn kurzfristig erst ab Dammtor\/Hauptbahnhof ein.<\/p>\n\n\n\n<p>Dort waren zwei von drei Gep\u00e4ckaufbewahrungen au\u00dfer Betrieb und s\u00e4mtliche F\u00e4cher belegt, weil alle die gleiche Idee wie wir hatten: Koffer einschlie\u00dfen und noch ein paar Stunden durch Hamburg bummeln.<\/p>\n\n\n<div class=\"wp-block-image\">\n<figure class=\"aligncenter size-large\"><a href=\"https:\/\/www.schiebener.net\/wordpress\/wp-content\/uploads\/2025\/12\/2025120802bAlsterfleetKlein.jpg\"><img loading=\"lazy\" decoding=\"async\" width=\"1024\" height=\"768\" src=\"https:\/\/www.schiebener.net\/wordpress\/wp-content\/uploads\/2025\/12\/2025120802bAlsterfleetKlein-1024x768.jpg\" alt=\"\" class=\"wp-image-62643\" srcset=\"https:\/\/www.schiebener.net\/wordpress\/wp-content\/uploads\/2025\/12\/2025120802bAlsterfleetKlein-1024x768.jpg 1024w, https:\/\/www.schiebener.net\/wordpress\/wp-content\/uploads\/2025\/12\/2025120802bAlsterfleetKlein-300x225.jpg 300w, https:\/\/www.schiebener.net\/wordpress\/wp-content\/uploads\/2025\/12\/2025120802bAlsterfleetKlein-768x576.jpg 768w, https:\/\/www.schiebener.net\/wordpress\/wp-content\/uploads\/2025\/12\/2025120802bAlsterfleetKlein-1536x1151.jpg 1536w, https:\/\/www.schiebener.net\/wordpress\/wp-content\/uploads\/2025\/12\/2025120802bAlsterfleetKlein-1200x899.jpg 1200w, https:\/\/www.schiebener.net\/wordpress\/wp-content\/uploads\/2025\/12\/2025120802bAlsterfleetKlein.jpg 2048w\" sizes=\"auto, (max-width: 709px) 85vw, (max-width: 909px) 67vw, (max-width: 1362px) 62vw, 840px\" \/><\/a><figcaption class=\"wp-element-caption\">Am Alsterfleet, Blick zur\u00fcck Richtung Jungfernstieg (foto: zoom)<\/figcaption><\/figure>\n<\/div>\n\n\n<p>Die zweitbeste Idee war es, die Innenstadt schleunigst zu verlassen und den klackernd rumpelnden Rollenkoffer am Alsterfleet entlang bis zu den Landungsbr\u00fccken zu ziehen.<\/p>\n\n\n\n<!--more-->\n\n\n\n<p>Die Vorteile: keine Weihnachtsm\u00e4rkte, kein Gewusel, keine Autos, Radfahrer*innen und kaum andere Fu\u00dfg\u00e4nger*innen. Au\u00dferdem ist der Weg neben dem Fleet sehr breit. Entspannung statt Reisestress.<\/p>\n\n\n\n<p>Zeit ohne Ende und interessante Perspektiven gab es On Top.<\/p>\n\n\n<div class=\"wp-block-image\">\n<figure class=\"aligncenter size-large\"><a href=\"https:\/\/www.schiebener.net\/wordpress\/wp-content\/uploads\/2025\/12\/2025120805AlsterfleetKlein.jpg\" target=\"_blank\" rel=\" noreferrer noopener\"><img loading=\"lazy\" decoding=\"async\" width=\"768\" height=\"1024\" src=\"https:\/\/www.schiebener.net\/wordpress\/wp-content\/uploads\/2025\/12\/2025120805AlsterfleetKlein-768x1024.jpg\" alt=\"\" class=\"wp-image-62646\" srcset=\"https:\/\/www.schiebener.net\/wordpress\/wp-content\/uploads\/2025\/12\/2025120805AlsterfleetKlein-768x1025.jpg 768w, https:\/\/www.schiebener.net\/wordpress\/wp-content\/uploads\/2025\/12\/2025120805AlsterfleetKlein-225x300.jpg 225w, https:\/\/www.schiebener.net\/wordpress\/wp-content\/uploads\/2025\/12\/2025120805AlsterfleetKlein-1151x1536.jpg 1151w, https:\/\/www.schiebener.net\/wordpress\/wp-content\/uploads\/2025\/12\/2025120805AlsterfleetKlein-1200x1601.jpg 1200w, https:\/\/www.schiebener.net\/wordpress\/wp-content\/uploads\/2025\/12\/2025120805AlsterfleetKlein.jpg 1535w\" sizes=\"auto, (max-width: 709px) 85vw, (max-width: 909px) 67vw, (max-width: 984px) 61vw, (max-width: 1362px) 45vw, 600px\" \/><\/a><figcaption class=\"wp-element-caption\">Blick in den M\u00f6nkedammfleet. Im Hintergrund das Mahnmal St. Nikolai-Kirche. (foto: zoom)<\/figcaption><\/figure>\n<\/div>\n\n\n<p>Wenn ich mein eigenes Foto oben richtig interpretiere, handelt es sich um einen Blick vom Alsterfleet in den M\u00f6nkedammfleet. Im Hintergrund ist das <em>Mahnmal St. Nikolai<\/em> zu sehen. <\/p>\n\n\n\n<p><a href=\"https:\/\/de.wikipedia.org\/wiki\/Ehemalige_Hauptkirche_St._Nikolai_(Hamburg)\" target=\"_blank\" rel=\"noreferrer noopener\">Kurzfassung aus Wikipedia<\/a>: <br \/>\u201eBei den Luftangriffen auf Hamburg w\u00e4hrend des Zweiten Weltkriegs diente der Turm der Nikolaikirche als Zielmarkierung der britischen und amerikanischen Luftstreitkr\u00e4fte. Am 25.\u00a0Juli\u00a01943 wurde die Kirche durch Fliegerbomben im Rahmen der \u201eOperation Gomorrha\u201c schwer besch\u00e4digt. Das Dach st\u00fcrzte ein und verw\u00fcstete den Innenraum. Die W\u00e4nde bekamen Risse, blieben aber weitgehend stehen, ebenso der Turm.\u201c<\/p>\n\n\n\n<p>Am Ende des Alsterfleets hatte sich der Himmel zugezogen. Das Licht reichte noch f\u00fcr ein leidliches Bild der Elbphilharmonie.<\/p>\n\n\n<div class=\"wp-block-image\">\n<figure class=\"aligncenter size-large\"><a href=\"https:\/\/www.schiebener.net\/wordpress\/wp-content\/uploads\/2025\/12\/2025120807Elbphilharmonie-scaled.jpg\" target=\"_blank\" rel=\" noreferrer noopener\"><img loading=\"lazy\" decoding=\"async\" width=\"768\" height=\"1024\" src=\"https:\/\/www.schiebener.net\/wordpress\/wp-content\/uploads\/2025\/12\/2025120807Elbphilharmonie-768x1024.jpg\" alt=\"\" class=\"wp-image-62648\" srcset=\"https:\/\/www.schiebener.net\/wordpress\/wp-content\/uploads\/2025\/12\/2025120807Elbphilharmonie-768x1024.jpg 768w, https:\/\/www.schiebener.net\/wordpress\/wp-content\/uploads\/2025\/12\/2025120807Elbphilharmonie-225x300.jpg 225w, https:\/\/www.schiebener.net\/wordpress\/wp-content\/uploads\/2025\/12\/2025120807Elbphilharmonie-1152x1536.jpg 1152w, https:\/\/www.schiebener.net\/wordpress\/wp-content\/uploads\/2025\/12\/2025120807Elbphilharmonie-1535x2048.jpg 1535w, https:\/\/www.schiebener.net\/wordpress\/wp-content\/uploads\/2025\/12\/2025120807Elbphilharmonie-1200x1601.jpg 1200w, https:\/\/www.schiebener.net\/wordpress\/wp-content\/uploads\/2025\/12\/2025120807Elbphilharmonie-scaled.jpg 1919w\" sizes=\"auto, (max-width: 709px) 85vw, (max-width: 909px) 67vw, (max-width: 984px) 61vw, (max-width: 1362px) 45vw, 600px\" \/><\/a><figcaption class=\"wp-element-caption\">Blick auf die Elbphilharmonie (foto: zoom)<\/figcaption><\/figure>\n<\/div>\n\n\n<p>Zum Hauptbahnhof zur\u00fcck nahmen wir die U3 mit Blick auf die Elbe. Dort angekommen Abfahrt an Gleis 14. \u00dcberraschung: p\u00fcnktlich auf die Sekunde und das bis zum Ziel. <\/p>\n\n\n\n<p>Ein Bild h\u00e4tte ich noch zum Schluss, auch wenn es nicht zum Thema <em>Alsterfleet<\/em> passt. Aber wie hei\u00dft es in der zweiten Titelzeile? Alles muss raus. <\/p>\n\n\n\n<p>Auch in Altona haben wir die orange-roten B\u00e4nke gegen Gewalt an Frauen gesehen. Hier auf dem <em>Alma-Wartenberg-Platz<\/em> in Ottensen mit dem Schild \u201eWiderstandsplatz gegen Femizide\u201c.<\/p>\n\n\n<div class=\"wp-block-image\">\n<figure class=\"aligncenter size-large\"><a href=\"https:\/\/www.schiebener.net\/wordpress\/wp-content\/uploads\/2025\/12\/2025120505AltonaBaenke.jpg\" target=\"_blank\" rel=\" noreferrer noopener\"><img loading=\"lazy\" decoding=\"async\" width=\"768\" height=\"1024\" src=\"https:\/\/www.schiebener.net\/wordpress\/wp-content\/uploads\/2025\/12\/2025120505AltonaBaenke-768x1024.jpg\" alt=\"\" class=\"wp-image-62653\" srcset=\"https:\/\/www.schiebener.net\/wordpress\/wp-content\/uploads\/2025\/12\/2025120505AltonaBaenke-768x1024.jpg 768w, https:\/\/www.schiebener.net\/wordpress\/wp-content\/uploads\/2025\/12\/2025120505AltonaBaenke-225x300.jpg 225w, https:\/\/www.schiebener.net\/wordpress\/wp-content\/uploads\/2025\/12\/2025120505AltonaBaenke-1152x1536.jpg 1152w, https:\/\/www.schiebener.net\/wordpress\/wp-content\/uploads\/2025\/12\/2025120505AltonaBaenke-1200x1600.jpg 1200w, https:\/\/www.schiebener.net\/wordpress\/wp-content\/uploads\/2025\/12\/2025120505AltonaBaenke.jpg 1536w\" sizes=\"auto, (max-width: 709px) 85vw, (max-width: 909px) 67vw, (max-width: 984px) 61vw, (max-width: 1362px) 45vw, 600px\" \/><\/a><figcaption class=\"wp-element-caption\">Widerstandsplatz gegen Femizide auf dem Alma-Wartenberg-Platz (foto: zoom)<\/figcaption><\/figure>\n<\/div>\n\n\n<p>Ein paar Zeilen \u00fcber <strong>Alma Wartenberg (geb. 1871 in Ottensen)<\/strong>:<\/p>\n\n\n\n<p>\u201eIn Ottensen war sie ma\u00dfgeblich am Aufbau der proletarischen Frauenbewegung beteiligt. Von 1902 bis 1906 wurde sie allj\u00e4hrlich auf Frauenversammlungen zur sozialdemokratischen Vertrauensfrau im Wahlkreis Ottensen\/Pinneberg gew\u00e4hlt. <\/p>\n\n\n\n<p>Als Agitatorin unter Arbeiterfrauen zog Wartenberg durch Schleswig-Holstein und nahm als Delegierte an Frauenkonferenzen und Parteitagen teil. 1905 initiierte sie mit anderen eine Protestkampagne gegen das skandal\u00f6se Urteil des Altonaer Schwurgerichtshofes, der vier junge M\u00e4nner aus b\u00fcrgerlichen Kreisen freisprach, nachdem er diese der Vergewaltigung eines Dienstm\u00e4dchens \u00fcberf\u00fchrt hatte. <\/p>\n\n\n\n<p>W\u00e4hrend und nach der Protestkampagne bef\u00fcrwortete Wartenberg eine Zusammenarbeit mit den sogenannten \u201eRadikalen\u201c der b\u00fcrgerlichen Frauenbewegung. Dies widersprach der Linie der Partei und brachte sie in Konflikt mit der Parteif\u00fchrung. Ein Parteiausschlussverfahren gegen sie wurde zwar eingestellt, aber als Vertrauensfrau wurde sie abgesetzt.\u201c<\/p>\n\n\n\n<p>Quelle: <a href=\"https:\/\/de.wikipedia.org\/wiki\/Alma_Wartenberg\">https:\/\/de.wikipedia.org\/wiki\/Alma_Wartenberg<\/a><\/p>\n","protected":false},"excerpt":{"rendered":"<p>Alles muss raus Auf unserem Familienbesuch in Hamburg begleitete mich &#8211; oh wie spie\u00dfig &#8211; ein Rollenkoffer, statt eines Rucksacks. Das hing damit zusammen, dass ich als Teilnehmer eines Online-Kurses &hellip; <a href=\"https:\/\/www.schiebener.net\/wordpress\/hamburg-mit-dem-rollenkoffer\/\" class=\"more-link\"><span class=\"screen-reader-text\">\u201eHamburg mit dem Rollenkoffer\u201c <\/span>weiterlesen<\/a><\/p>\n","protected":false},"author":3,"featured_media":0,"comment_status":"open","ping_status":"open","sticky":false,"template":"","format":"standard","meta":{"footnotes":""},"categories":[174,1075,2620,319,83,2489,2729],"tags":[374,2937,434,9405,9404],"class_list":["post-62642","post","type-post","status-publish","format-standard","hentry","category-dit-und-dat","category-frauen","category-frauenpolitik","category-geschichte","category-hamburg-allgemein","category-in-eigener-sache","category-reisen","tag-alster","tag-altona","tag-deutsche-bahn","tag-gewalt-gegen-frauen","tag-orange-the-world"],"_links":{"self":[{"href":"https:\/\/www.schiebener.net\/wordpress\/wp-json\/wp\/v2\/posts\/62642","targetHints":{"allow":["GET"]}}],"collection":[{"href":"https:\/\/www.schiebener.net\/wordpress\/wp-json\/wp\/v2\/posts"}],"about":[{"href":"https:\/\/www.schiebener.net\/wordpress\/wp-json\/wp\/v2\/types\/post"}],"author":[{"embeddable":true,"href":"https:\/\/www.schiebener.net\/wordpress\/wp-json\/wp\/v2\/users\/3"}],"replies":[{"embeddable":true,"href":"https:\/\/www.schiebener.net\/wordpress\/wp-json\/wp\/v2\/comments?post=62642"}],"version-history":[{"count":0,"href":"https:\/\/www.schiebener.net\/wordpress\/wp-json\/wp\/v2\/posts\/62642\/revisions"}],"wp:attachment":[{"href":"https:\/\/www.schiebener.net\/wordpress\/wp-json\/wp\/v2\/media?parent=62642"}],"wp:term":[{"taxonomy":"category","embeddable":true,"href":"https:\/\/www.schiebener.net\/wordpress\/wp-json\/wp\/v2\/categories?post=62642"},{"taxonomy":"post_tag","embeddable":true,"href":"https:\/\/www.schiebener.net\/wordpress\/wp-json\/wp\/v2\/tags?post=62642"}],"curies":[{"name":"wp","href":"https:\/\/api.w.org\/{rel}","templated":true}]}}