{"id":62630,"date":"2025-12-10T21:19:33","date_gmt":"2025-12-10T20:19:33","guid":{"rendered":"https:\/\/www.schiebener.net\/wordpress\/?p=62630"},"modified":"2025-12-10T21:19:33","modified_gmt":"2025-12-10T20:19:33","slug":"pausenbild-ich-schaeme-mich-fuer-mein-land","status":"publish","type":"post","link":"https:\/\/www.schiebener.net\/wordpress\/pausenbild-ich-schaeme-mich-fuer-mein-land\/","title":{"rendered":"Pausenbild: ich sch\u00e4me mich f\u00fcr mein Land"},"content":{"rendered":"<div class=\"wp-block-image\">\n<figure class=\"aligncenter size-full\"><a href=\"https:\/\/www.schiebener.net\/wordpress\/wp-content\/uploads\/2025\/12\/2025120801AlsterfleetKlein.jpg\" target=\"_blank\" rel=\" noreferrer noopener\"><img loading=\"lazy\" decoding=\"async\" width=\"1024\" height=\"768\" src=\"https:\/\/www.schiebener.net\/wordpress\/wp-content\/uploads\/2025\/12\/2025120801AlsterfleetKlein.jpg\" alt=\"\" class=\"wp-image-62632\" srcset=\"https:\/\/www.schiebener.net\/wordpress\/wp-content\/uploads\/2025\/12\/2025120801AlsterfleetKlein.jpg 1024w, https:\/\/www.schiebener.net\/wordpress\/wp-content\/uploads\/2025\/12\/2025120801AlsterfleetKlein-300x225.jpg 300w, https:\/\/www.schiebener.net\/wordpress\/wp-content\/uploads\/2025\/12\/2025120801AlsterfleetKlein-768x576.jpg 768w\" sizes=\"auto, (max-width: 709px) 85vw, (max-width: 909px) 67vw, (max-width: 1362px) 62vw, 840px\" \/><\/a><figcaption class=\"wp-element-caption\">Spiegelbild, einfach nur so, ohne Bezug zum Text (foto: zoom)<\/figcaption><\/figure>\n<\/div>\n\n\n<p><strong>Heute fehlen mir angesichts der schamlosen Abweisung der afghanischen Ortskr\u00e4fte die Worte. Es sind Menschen, die der Bundeswehr im Krieg geholfen hatten. Menschen, denen versprochen wurde, dass sie bei uns aufgenommen werden.<\/strong><\/p>\n\n\n\n<p>Jetzt werden sie gedem\u00fctigt und in eine ungewisse Zukunft entlassen, eventuell in den Tod getrieben. Siehe:<br \/><a href=\"https:\/\/www.tagesschau.de\/inland\/innenpolitik\/afghanistan-ortskraefte-dobrindt-100.html?at_medium=tagesschau&amp;at_campaign=DeviceSharing&amp;at_content=SiteSharing\" target=\"_blank\" rel=\"noreferrer noopener\">https:\/\/www.tagesschau.de\/inland\/innenpolitik\/afghanistan-ortskraefte-dobrindt-100.html<\/a><\/p>\n\n\n\n<p>Anders als es die Artikel\u00fcberschrift suggeriert, tr\u00e4gt nicht allein Dobrindt die Verantwortung. Das deutsche Schurkenst\u00fcck wird von der Regierungskoalition gemeinsam mit der AfD aufgef\u00fchrt.<\/p>\n\n\n\n<p>Siehe die Abstimmung von SPD, CDU\/CSU und AfD \u00fcber einen Antrag der Gr\u00fcnen im Bundestag:<br \/><a href=\"https:\/\/www.bundestag.de\/parlament\/plenum\/abstimmung\/abstimmung?id=981\" target=\"_blank\" rel=\"noreferrer noopener\">https:\/\/www.bundestag.de\/parlament\/plenum\/abstimmung\/abstimmung?id=981<\/a><\/p>\n\n\n\n<p>Und was macht der Kanzler aus dem sch\u00f6nen Sauerland? Er leckt dem greisen Autokraten im Wei\u00dfen Haus die Stiefel:<br \/><a href=\"https:\/\/www.deutschlandfunk.de\/nach-trump-kritik-merz-verweist-auf-kurskorrektur-in-migrationspolitik-100.html\" target=\"_blank\" rel=\"noreferrer noopener\">Bundeskanzler Merz hat nach der Kritik von US-Pr\u00e4sident Trump an der Migrationspolitik in Europa auf eine \u201eKurskorrektur\u201c in Deutschland verwiesen.<\/a><\/p>\n\n\n\n<p>Ich gehe jetzt ins Bett, lese ein gutes Buch und ziehe sp\u00e4ter die Decke \u00fcber den Kopf. <\/p>\n\n\n\n<p>Gute Nacht!<\/p>\n\n\n\n<p><br \/><br \/><\/p>\n","protected":false},"excerpt":{"rendered":"<p>Heute fehlen mir angesichts der schamlosen Abweisung der afghanischen Ortskr\u00e4fte die Worte. Es sind Menschen, die der Bundeswehr im Krieg geholfen hatten. Menschen, denen versprochen wurde, dass sie bei uns &hellip; <a href=\"https:\/\/www.schiebener.net\/wordpress\/pausenbild-ich-schaeme-mich-fuer-mein-land\/\" class=\"more-link\"><span class=\"screen-reader-text\">\u201ePausenbild: ich sch\u00e4me mich f\u00fcr mein Land\u201c <\/span>weiterlesen<\/a><\/p>\n","protected":false},"author":3,"featured_media":0,"comment_status":"open","ping_status":"open","sticky":false,"template":"","format":"standard","meta":{"footnotes":""},"categories":[6658,2489,24],"tags":[276,9418,861,9417],"class_list":["post-62630","post","type-post","status-publish","format-standard","hentry","category-fluechtlinge","category-in-eigener-sache","category-politik","tag-afghanistan","tag-dobrindt","tag-fluchtlinge","tag-ortskraefte"],"_links":{"self":[{"href":"https:\/\/www.schiebener.net\/wordpress\/wp-json\/wp\/v2\/posts\/62630","targetHints":{"allow":["GET"]}}],"collection":[{"href":"https:\/\/www.schiebener.net\/wordpress\/wp-json\/wp\/v2\/posts"}],"about":[{"href":"https:\/\/www.schiebener.net\/wordpress\/wp-json\/wp\/v2\/types\/post"}],"author":[{"embeddable":true,"href":"https:\/\/www.schiebener.net\/wordpress\/wp-json\/wp\/v2\/users\/3"}],"replies":[{"embeddable":true,"href":"https:\/\/www.schiebener.net\/wordpress\/wp-json\/wp\/v2\/comments?post=62630"}],"version-history":[{"count":0,"href":"https:\/\/www.schiebener.net\/wordpress\/wp-json\/wp\/v2\/posts\/62630\/revisions"}],"wp:attachment":[{"href":"https:\/\/www.schiebener.net\/wordpress\/wp-json\/wp\/v2\/media?parent=62630"}],"wp:term":[{"taxonomy":"category","embeddable":true,"href":"https:\/\/www.schiebener.net\/wordpress\/wp-json\/wp\/v2\/categories?post=62630"},{"taxonomy":"post_tag","embeddable":true,"href":"https:\/\/www.schiebener.net\/wordpress\/wp-json\/wp\/v2\/tags?post=62630"}],"curies":[{"name":"wp","href":"https:\/\/api.w.org\/{rel}","templated":true}]}}