{"id":62628,"date":"2025-12-13T13:46:20","date_gmt":"2025-12-13T12:46:20","guid":{"rendered":"https:\/\/www.schiebener.net\/wordpress\/?p=62628"},"modified":"2025-12-13T13:46:20","modified_gmt":"2025-12-13T12:46:20","slug":"friedrich-merz-gelingt-die-quadratur-des-kreises","status":"publish","type":"post","link":"https:\/\/www.schiebener.net\/wordpress\/friedrich-merz-gelingt-die-quadratur-des-kreises\/","title":{"rendered":"Friedrich Merz gelingt die Quadratur des Kreises"},"content":{"rendered":"\n<h3 class=\"wp-block-heading\">Mit Migrationsfeindlichkeit gute Fachkr\u00e4fte schnell nach Deutschland holen<\/h3>\n\n\n<div class=\"wp-block-image\">\n<figure class=\"aligncenter size-full\"><a href=\"https:\/\/www.schiebener.net\/wordpress\/wp-content\/uploads\/2025\/12\/20251213Quadratur_des_Kreises.jpg\" target=\"_blank\" rel=\" noreferrer noopener\"><img loading=\"lazy\" decoding=\"async\" width=\"960\" height=\"951\" src=\"https:\/\/www.schiebener.net\/wordpress\/wp-content\/uploads\/2025\/12\/20251213Quadratur_des_Kreises.jpg\" alt=\"\" class=\"wp-image-62650\" srcset=\"https:\/\/www.schiebener.net\/wordpress\/wp-content\/uploads\/2025\/12\/20251213Quadratur_des_Kreises.jpg 960w, https:\/\/www.schiebener.net\/wordpress\/wp-content\/uploads\/2025\/12\/20251213Quadratur_des_Kreises-300x297.jpg 300w, https:\/\/www.schiebener.net\/wordpress\/wp-content\/uploads\/2025\/12\/20251213Quadratur_des_Kreises-150x150.jpg 150w, https:\/\/www.schiebener.net\/wordpress\/wp-content\/uploads\/2025\/12\/20251213Quadratur_des_Kreises-768x761.jpg 768w\" sizes=\"auto, (max-width: 709px) 85vw, (max-width: 909px) 67vw, (max-width: 1362px) 62vw, 840px\" \/><\/a><figcaption class=\"wp-element-caption\">Laien und Mathe-Profis haben sich an der Quadratur des Kreises versucht. (Grafik: nach Alexei Kouprianov, <a href=\"https:\/\/de.wikipedia.org\/wiki\/Quadratur_des_Kreises#\/media\/Datei:01_Quadratur_des_Kreises-Einleitungsbild.svg\" target=\"_blank\" rel=\"noreferrer noopener\">https:\/\/de.wikipedia.org\/wiki\/Quadratur_des_Kreises#\/media\/Datei:01_Quadratur_des_Kreises-Einleitungsbild.svg<\/a>)<\/figcaption><\/figure>\n<\/div>\n\n\n<p><strong>Wie <a href=\"https:\/\/www.sauerlandkurier.de\/hochsauerlandkreis\/meschede\/friedrich-merz-bei-veranstaltung-in-meschede-unser-wohlstand-ist-gefaehrdet-94061372.html\" target=\"_blank\" rel=\"noreferrer noopener\">der Sauerlandkurier am 29. November<\/a> berichtete, skizzierte Bundeskanzler Friedrich Merz in einer Rede vor der Interessengemeinschaft Mescheder Wirtschaft die L\u00f6sung eines Problems, an dem schon Generationen von Mathematiker*innen scheiterten: die <a href=\"https:\/\/de.wikipedia.org\/wiki\/Quadratur_des_Kreises\" target=\"_blank\" rel=\"noreferrer noopener\">Quadratur des Kreises<\/a>.<\/strong><\/p>\n\n\n\n<p>\u201eWir wollen wieder f\u00fchrendes Industrieland sein\u201c, habe Merz gesagt, und weiter: \u201eIch tue alles daf\u00fcr, das R\u00fcckgrat unserer Volkswirtschaft zu st\u00e4rken.\u201c\u00a0<\/p>\n\n\n\n<p>Der neue und schnelle Kurs der Regierung im Hinblick auf die <em>irregul\u00e4re Migration<\/em> habe seit den Sommerferien bereits Fr\u00fcchte getragen, so der Bericht im Sauerlandkurier. Aufgrund der Grenzkontrollen sei ein R\u00fcckgang von 60 Prozent zu verzeichnen:  \u201eWir m\u00fcssen noch st\u00e4rker abschieben, wenn sich nicht integriert wird. Deutschland darf nicht \u00fcberfordert werden, das ist eine gesellschaftliche Frage.\u201c<\/p>\n\n\n\n<p>Nachdem Merz sein migrationsfeindliches Konzept beworben habe, h\u00e4ttee er betont, dass es wichtig sei, gute Fachkr\u00e4fte schnell nach Deutschland zu holen, jedoch ohne in das Sozialsystem einzuwandern. Die Trennung von Arbeitswelt und Sozialsystem werde \u00fcber das anspruchsvolle IT-Projekt, die neue digitale Plattform \u201e<a href=\"https:\/\/workandstayagency.com\/\" target=\"_blank\" rel=\"noreferrer noopener\">Work and Stay<\/a>\u201c, komplett getrennt. Deutschland m\u00fcsse f\u00fcr die klugen K\u00f6pfe dieser Welt attraktiv sein.<\/p>\n\n\n\n<p>Und somit ist die Quadratur des Kreises von Merz perfekt angedacht:<br \/><br \/>Liebe gut qualifizierte Fachkr\u00e4fte, bitte kommt in unser fremdenfeindliches Land, um zu arbeiten. Wir schaffen es n\u00e4mlich nicht mehr selber.  Aber wehe ihr wollt gleichzeitig soziale Sicherheit. Bleibt blo\u00df weg von unseren Sozialsystemen.<\/p>\n\n\n\n<p>Ihr werdet das schon verstehen, denn ihr seid ja \u201edie klugen K\u00f6pfe dieser Welt\u201c.<\/p>\n","protected":false},"excerpt":{"rendered":"<p>Mit Migrationsfeindlichkeit gute Fachkr\u00e4fte schnell nach Deutschland holen Wie der Sauerlandkurier am 29. November berichtete, skizzierte Bundeskanzler Friedrich Merz in einer Rede vor der Interessengemeinschaft Mescheder Wirtschaft die L\u00f6sung eines &hellip; <a href=\"https:\/\/www.schiebener.net\/wordpress\/friedrich-merz-gelingt-die-quadratur-des-kreises\/\" class=\"more-link\"><span class=\"screen-reader-text\">\u201eFriedrich Merz gelingt die Quadratur des Kreises\u201c <\/span>weiterlesen<\/a><\/p>\n","protected":false},"author":3,"featured_media":0,"comment_status":"open","ping_status":"open","sticky":false,"template":"","format":"standard","meta":{"footnotes":""},"categories":[542,174,6658,80,8669,2782,1208,8524],"tags":[149,6553,1970],"class_list":["post-62628","post","type-post","status-publish","format-standard","hentry","category-arbeitswelt","category-dit-und-dat","category-fluechtlinge","category-lokales","category-rassismus","category-satire","category-wirtschaft","category-wissenschaft","tag-friedrich-merz","tag-it-fachkraefte","tag-migration"],"_links":{"self":[{"href":"https:\/\/www.schiebener.net\/wordpress\/wp-json\/wp\/v2\/posts\/62628","targetHints":{"allow":["GET"]}}],"collection":[{"href":"https:\/\/www.schiebener.net\/wordpress\/wp-json\/wp\/v2\/posts"}],"about":[{"href":"https:\/\/www.schiebener.net\/wordpress\/wp-json\/wp\/v2\/types\/post"}],"author":[{"embeddable":true,"href":"https:\/\/www.schiebener.net\/wordpress\/wp-json\/wp\/v2\/users\/3"}],"replies":[{"embeddable":true,"href":"https:\/\/www.schiebener.net\/wordpress\/wp-json\/wp\/v2\/comments?post=62628"}],"version-history":[{"count":0,"href":"https:\/\/www.schiebener.net\/wordpress\/wp-json\/wp\/v2\/posts\/62628\/revisions"}],"wp:attachment":[{"href":"https:\/\/www.schiebener.net\/wordpress\/wp-json\/wp\/v2\/media?parent=62628"}],"wp:term":[{"taxonomy":"category","embeddable":true,"href":"https:\/\/www.schiebener.net\/wordpress\/wp-json\/wp\/v2\/categories?post=62628"},{"taxonomy":"post_tag","embeddable":true,"href":"https:\/\/www.schiebener.net\/wordpress\/wp-json\/wp\/v2\/tags?post=62628"}],"curies":[{"name":"wp","href":"https:\/\/api.w.org\/{rel}","templated":true}]}}