{"id":62619,"date":"2025-12-08T22:21:58","date_gmt":"2025-12-08T21:21:58","guid":{"rendered":"https:\/\/www.schiebener.net\/wordpress\/?p=62619"},"modified":"2025-12-08T22:21:58","modified_gmt":"2025-12-08T21:21:58","slug":"an-den-frieden-glauben","status":"publish","type":"post","link":"https:\/\/www.schiebener.net\/wordpress\/an-den-frieden-glauben\/","title":{"rendered":"An den Frieden glauben"},"content":{"rendered":"\n<h3 class=\"wp-block-heading\">\u00dcberlegungen des niederl\u00e4ndischen Bischofs Joris Vercammen zu Glaube, Gewalt und Frieden<\/h3>\n\n\n<div class=\"wp-block-image\">\n<figure class=\"aligncenter size-large\"><a href=\"https:\/\/www.schiebener.net\/wordpress\/wp-content\/uploads\/2025\/12\/02-Umschlag-JORIS-VERCAMMEN.jpg\" target=\"_blank\" rel=\" noreferrer noopener\"><img loading=\"lazy\" decoding=\"async\" width=\"643\" height=\"1024\" src=\"https:\/\/www.schiebener.net\/wordpress\/wp-content\/uploads\/2025\/12\/02-Umschlag-JORIS-VERCAMMEN-643x1024.jpg\" alt=\"\" class=\"wp-image-62620\" srcset=\"https:\/\/www.schiebener.net\/wordpress\/wp-content\/uploads\/2025\/12\/02-Umschlag-JORIS-VERCAMMEN-643x1024.jpg 643w, https:\/\/www.schiebener.net\/wordpress\/wp-content\/uploads\/2025\/12\/02-Umschlag-JORIS-VERCAMMEN-188x300.jpg 188w, https:\/\/www.schiebener.net\/wordpress\/wp-content\/uploads\/2025\/12\/02-Umschlag-JORIS-VERCAMMEN-768x1223.jpg 768w, https:\/\/www.schiebener.net\/wordpress\/wp-content\/uploads\/2025\/12\/02-Umschlag-JORIS-VERCAMMEN-964x1536.jpg 964w, https:\/\/www.schiebener.net\/wordpress\/wp-content\/uploads\/2025\/12\/02-Umschlag-JORIS-VERCAMMEN-1286x2048.jpg 1286w, https:\/\/www.schiebener.net\/wordpress\/wp-content\/uploads\/2025\/12\/02-Umschlag-JORIS-VERCAMMEN-1200x1911.jpg 1200w, https:\/\/www.schiebener.net\/wordpress\/wp-content\/uploads\/2025\/12\/02-Umschlag-JORIS-VERCAMMEN.jpg 1594w\" sizes=\"auto, (max-width: 709px) 85vw, (max-width: 909px) 67vw, (max-width: 984px) 61vw, (max-width: 1362px) 45vw, 600px\" \/><\/a><figcaption class=\"wp-element-caption\">Umschlagbild Joris Vercammen<\/figcaption><\/figure>\n<\/div>\n\n\n<p><strong>Das privilegierte deutsche Kirchentum dieser Tage tritt \u00f6ffentlich vor allem mit staatstragenden und milit\u00e4rfreundlichen Voten in Erscheinung. Derweil vermeldet die Redaktion der Reihe \u201eedition pace\u201c mit Dankbarkeit, dass soeben die \u00dcbersetzung des niederl\u00e4ndischen Werkes \u201eGeloof in vrede\u201c erschienen ist. Sie erschlie\u00dft einen bemerkenswerten Beitrag zu kirchlichen Friedensdiskursen auch f\u00fcr die deutschsprachige Leserschaft. \u201eIn diesem Buch entfaltet der alt-katholische Erzbischof em. Joris Vercammen von Utrecht einen Ansatz, der an die Wurzel von Unfrieden und Gewalt geht.\u201c (Franz Segbers)<\/strong><\/p>\n\n\n\n<p><em>(Pressemitteilung Redaktion \u201eedition pace\u201c)<\/em><\/p>\n\n\n\n<p>Wie bewahren wir die Perspektive des Friedens in Zeiten des Krieges? Der Traum vom Frieden darf nicht im Meer der Gewaltnachrichten untergehen. Kirchen und Christen m\u00fcssen sich Geh\u00f6r verschaffen. Doch wie ist das m\u00f6glich? Sie m\u00fcssen ihre Friedensmission aktiv aufnehmen. Umso mehr, als gerade die Religion \u2013 wenn auch nicht nur die christliche \u2013 in manchen Konflikten eine fragw\u00fcrdige Rolle zu spielen scheint. Sollte nicht die Religion selbst entwaffnet werden? Aber wie funktioniert das? Und welche Rolle spielen die Gl\u00e4ubigen und ihre Gemeinden?<\/p>\n\n\n\n<!--more-->\n\n\n\n<p>Wie in einem pastoralen Gespr\u00e4ch werden all diese Fragen in dem hier vorgelegten Buch behandelt. Erkenntnisse aus der Anthropologie, Philosophie und Theologie erm\u00f6glichen einen kritischen Blick. Quellen der Inspiration inmitten einer komplexen politischen Realit\u00e4t sind sowohl die Kirchenv\u00e4ter der ersten Jahrhunderte als auch Menschen, die sich im 20. Jahrhundert f\u00fcr den Frieden eingesetzt haben, wie der Lutheraner und UN-Generalsekret\u00e4r Dag Hammarskj\u00f6ld, der Trappistenm\u00f6nch Thomas Merton und der Hindu Mahatma Gandhi. Frieden ist eine spirituelle Angelegenheit. Gl\u00e4ubige und Nichtgl\u00e4ubige k\u00f6nnen in diesem Buch Wegweisung hin zum Frieden finden.<\/p>\n\n\n\n<p>Das Lebenshaus Schw\u00e4bische Alb ist ein Kooperationspartner bei dieser Ver\u00f6ffentlichung in der Reihe \u201eedition pace\u201c (Digitalband: <a href=\"https:\/\/www.lebenshaus-alb.de\/magazin\/media\/pdf\/Vercammen%20Friede%202025_.pdf\" target=\"_blank\" rel=\"noreferrer noopener\">https:\/\/www.lebenshaus-alb.de\/magazin\/media\/pdf\/Vercammen%20Friede%202025_.pdf<\/a>).<br \/><br \/><strong>Die sechszehn Kapitel des Buches<\/strong> | 1. Waffenklirren \u2013 2.Notfallausr\u00fcstungen \u2013 3. Sehnsucht nach Frieden \u2013 4. Religion und Gewalt \u2013 5. Religionskriege \u2013 6. Ist Krieg zu rechtfertigen? \u2013 7. Pazifismus in der Alten Kirche \u2013 8. Was ist Friede? \u2013 9. Friede als Auftrag \u2013 10. Baumeister des Friedens: Dag Hammarskj\u00f6ld \u2013 11. Entwaffnung der Religion \u2013 12. Entwaffnende Transzendenz \u2013 13. In Gott gibt es keine Gewalt \u2013 14. Befreit von Gewalt: Thomas Merton \u2013 15. Gibt es noch Hoffnung? \u2013 16. Menschen des Friedens.<br \/><\/p>\n\n\n\n<figure class=\"wp-block-pullquote has-text-align-left\"><blockquote><p>Joris Vercammen: <em>An den Frieden glauben<\/em>. \u00dcberlegungen zu Glaube, Gewalt und Frieden. Geleit- und Nachwort von Franz Segbers. (= edition pace, Bd. 40). Hamburg: BoD 2025. (ISBN: 978-3-6951-4253-8; Paperback; 176 Seiten; 9,99 Euro).<br \/><br \/><a href=\"https:\/\/buchshop.bod.de\/an-den-frieden-glauben-joris-vercammen-9783695142538\" target=\"_blank\" rel=\"noreferrer noopener\">https:\/\/buchshop.bod.de\/an-den-frieden-glauben-joris-vercammen-9783695142538<\/a><\/p><\/blockquote><\/figure>\n\n\n\n<p><strong>Der Autor<\/strong> | Joris Vercammen (geb. 1952) studierte Erziehungswissenschaften an der Katholischen Universit\u00e4t L\u00f6wen und Theologie am Theologischen und Pastoralen Zentrum in Antwerpen sowie an der Katholischen Universit\u00e4t L\u00f6wen, Institut Lumen Vitae, in Br\u00fcssel. 1997 promovierte er in Praktischer Theologie an der Katholisch-Theologischen Universit\u00e4t in Utrecht. 1979 wurde er zum Priester geweiht und arbeitete zun\u00e4chst in der Jugendseelsorge der r\u00f6misch-katholischen Di\u00f6zese Antwerpen. Im Jahr 1988 wechselte er in die altkatholische Erzdi\u00f6zese Utrecht, wo er sowohl in der Grundseelsorge, in der Begleitung von Gemeinden als auch in der theologischen Ausbildung (Praktische Theologie und Ekklesiologie) t\u00e4tig war. Im Jahr 2000 wurde er zum 83. Erzbischof von Utrecht gew\u00e4hlt, ein Amt, das er bis zu seiner Emeritierung im Jahr 2020 innehatte. Von 2006 bis 2022 war er Mitglied des Zentralausschusses des \u00d6kumenischen Rates der Kirchen. Zu seinen fr\u00fcheren Ver\u00f6ffentlichungen geh\u00f6ren u.a.: \u201eOud- en Nieuw-Katholiek. De spirituele zoektocht van die andere katholieken\u201c (2012) und \u201eOm de Menswording. Praktische-theologische bijdragen aan het oud-katholieke denken over de kerk\u201c (2022).<br \/><br \/><strong>Der Herausgeber<\/strong> | Franz Segbers (geb. 1949), Dr. theol., em. Prof. f\u00fcr Sozialethik am Fachbereich evangelische Theologie, Universit\u00e4t Marburg, alt-katholischer Theologe.<\/p>\n","protected":false},"excerpt":{"rendered":"<p>\u00dcberlegungen des niederl\u00e4ndischen Bischofs Joris Vercammen zu Glaube, Gewalt und Frieden Das privilegierte deutsche Kirchentum dieser Tage tritt \u00f6ffentlich vor allem mit staatstragenden und milit\u00e4rfreundlichen Voten in Erscheinung. Derweil vermeldet &hellip; <a href=\"https:\/\/www.schiebener.net\/wordpress\/an-den-frieden-glauben\/\" class=\"more-link\"><span class=\"screen-reader-text\">\u201eAn den Frieden glauben\u201c <\/span>weiterlesen<\/a><\/p>\n","protected":false},"author":17,"featured_media":0,"comment_status":"open","ping_status":"open","sticky":false,"template":"","format":"standard","meta":{"footnotes":""},"categories":[218,303,1043,49],"tags":[8969,1323],"class_list":["post-62619","post","type-post","status-publish","format-standard","hentry","category-bucher","category-in-unserem-briefkasten","category-pressemitteilungen","category-religion","tag-frieden","tag-krieg"],"_links":{"self":[{"href":"https:\/\/www.schiebener.net\/wordpress\/wp-json\/wp\/v2\/posts\/62619","targetHints":{"allow":["GET"]}}],"collection":[{"href":"https:\/\/www.schiebener.net\/wordpress\/wp-json\/wp\/v2\/posts"}],"about":[{"href":"https:\/\/www.schiebener.net\/wordpress\/wp-json\/wp\/v2\/types\/post"}],"author":[{"embeddable":true,"href":"https:\/\/www.schiebener.net\/wordpress\/wp-json\/wp\/v2\/users\/17"}],"replies":[{"embeddable":true,"href":"https:\/\/www.schiebener.net\/wordpress\/wp-json\/wp\/v2\/comments?post=62619"}],"version-history":[{"count":0,"href":"https:\/\/www.schiebener.net\/wordpress\/wp-json\/wp\/v2\/posts\/62619\/revisions"}],"wp:attachment":[{"href":"https:\/\/www.schiebener.net\/wordpress\/wp-json\/wp\/v2\/media?parent=62619"}],"wp:term":[{"taxonomy":"category","embeddable":true,"href":"https:\/\/www.schiebener.net\/wordpress\/wp-json\/wp\/v2\/categories?post=62619"},{"taxonomy":"post_tag","embeddable":true,"href":"https:\/\/www.schiebener.net\/wordpress\/wp-json\/wp\/v2\/tags?post=62619"}],"curies":[{"name":"wp","href":"https:\/\/api.w.org\/{rel}","templated":true}]}}