{"id":62604,"date":"2025-12-08T21:19:36","date_gmt":"2025-12-08T20:19:36","guid":{"rendered":"https:\/\/www.schiebener.net\/wordpress\/?p=62604"},"modified":"2025-12-08T21:19:36","modified_gmt":"2025-12-08T20:19:36","slug":"ausstellungstipp-blutiger-boden-die-tatorte-des-nsu","status":"publish","type":"post","link":"https:\/\/www.schiebener.net\/wordpress\/ausstellungstipp-blutiger-boden-die-tatorte-des-nsu\/","title":{"rendered":"Ausstellungstipp: Blutiger Boden &#8211; die Tatorte des NSU"},"content":{"rendered":"\n<h3 class=\"wp-block-heading\">Eine Ausstellung von Regina Schmeken im Altonaer Museum<\/h3>\n\n\n<div class=\"wp-block-image\">\n<figure class=\"aligncenter size-large\"><a href=\"https:\/\/www.schiebener.net\/wordpress\/wp-content\/uploads\/2025\/12\/2025120601HHBlutigerBoden.jpg\" target=\"_blank\" rel=\" noreferrer noopener\"><img loading=\"lazy\" decoding=\"async\" width=\"768\" height=\"1024\" src=\"https:\/\/www.schiebener.net\/wordpress\/wp-content\/uploads\/2025\/12\/2025120601HHBlutigerBoden-768x1024.jpg\" alt=\"\" class=\"wp-image-62605\" srcset=\"https:\/\/www.schiebener.net\/wordpress\/wp-content\/uploads\/2025\/12\/2025120601HHBlutigerBoden-768x1024.jpg 768w, https:\/\/www.schiebener.net\/wordpress\/wp-content\/uploads\/2025\/12\/2025120601HHBlutigerBoden-225x300.jpg 225w, https:\/\/www.schiebener.net\/wordpress\/wp-content\/uploads\/2025\/12\/2025120601HHBlutigerBoden-1152x1536.jpg 1152w, https:\/\/www.schiebener.net\/wordpress\/wp-content\/uploads\/2025\/12\/2025120601HHBlutigerBoden-1200x1600.jpg 1200w, https:\/\/www.schiebener.net\/wordpress\/wp-content\/uploads\/2025\/12\/2025120601HHBlutigerBoden.jpg 1536w\" sizes=\"auto, (max-width: 709px) 85vw, (max-width: 909px) 67vw, (max-width: 984px) 61vw, (max-width: 1362px) 45vw, 600px\" \/><\/a><\/figure>\n<\/div>\n\n\n<p><strong>S\u00fcleyman Task\u00f6pr\u00fc wurde am 27. Juni 2001 in seinem Lebensmittelladen in der Sch\u00fctzenstra\u00dfe in Altona von zwei Terroristen des Nationalsozialistischen Untergrunds (NSU) ermordet. Er war eines von zehn Todesopfern einer brutalen Anschlagsserie, die zwischen 2000 und 2007 in acht deutschen St\u00e4dten von Mitgliedern des NSU ver\u00fcbt wurde.<\/strong> <\/p>\n\n\n\n<p><em>(Infotext nach dem Ausstellungsflyer)<\/em><\/p>\n\n\n\n<p>Die Opfer waren neun M\u00e4nner t\u00fcrkischer und griechischer Abstammung sowie eine Polizistin. Bei zwei Sprengstoffanschl\u00e4gen des NSU in K\u00f6ln gab es zudem viele Verletzte und Schwerverletzte. <\/p>\n\n\n\n<p>Das Altonaer Museum und die Fotok\u00fcnstlerin <a href=\"https:\/\/reginaschmeken.com\/\" target=\"_blank\" rel=\"noreferrer noopener\">Regina Schmeken<\/a> erinnern mit dieser Ausstellung an Enver Simsek, Abdurrahim \u00d6z\u00fcdogru, S\u00fcleyman Task\u00f6pr\u00fc, Habil Kili\u00e7, Mehmet Turgut, Ismail Yasar, Theodoros Boulgarides, Mehmet Kubasik, Halit Yozgat und Mich\u00e8le Kiesewetter. <\/p>\n\n\n\n<!--more-->\n\n\n\n<p>Am 27. Juni 2026 j\u00e4hrt sich der Mord an dem 31j\u00e4hrigen S\u00fcleyman Task\u00f6pr\u00fc, der in der Sch\u00fctzenstra\u00dfe in Bahrenfeld ver\u00fcbt wurde, zum 25. Mal.<\/p>\n\n\n<div class=\"wp-block-image\">\n<figure class=\"aligncenter size-large\"><a href=\"https:\/\/www.schiebener.net\/wordpress\/wp-content\/uploads\/2025\/12\/2025120602HHBlutigerBoden.jpg\" target=\"_blank\" rel=\" noreferrer noopener\"><img loading=\"lazy\" decoding=\"async\" width=\"1024\" height=\"768\" src=\"https:\/\/www.schiebener.net\/wordpress\/wp-content\/uploads\/2025\/12\/2025120602HHBlutigerBoden-1024x768.jpg\" alt=\"\" class=\"wp-image-62606\" srcset=\"https:\/\/www.schiebener.net\/wordpress\/wp-content\/uploads\/2025\/12\/2025120602HHBlutigerBoden-1024x768.jpg 1024w, https:\/\/www.schiebener.net\/wordpress\/wp-content\/uploads\/2025\/12\/2025120602HHBlutigerBoden-300x225.jpg 300w, https:\/\/www.schiebener.net\/wordpress\/wp-content\/uploads\/2025\/12\/2025120602HHBlutigerBoden-768x576.jpg 768w, https:\/\/www.schiebener.net\/wordpress\/wp-content\/uploads\/2025\/12\/2025120602HHBlutigerBoden-1536x1152.jpg 1536w, https:\/\/www.schiebener.net\/wordpress\/wp-content\/uploads\/2025\/12\/2025120602HHBlutigerBoden-1200x900.jpg 1200w, https:\/\/www.schiebener.net\/wordpress\/wp-content\/uploads\/2025\/12\/2025120602HHBlutigerBoden.jpg 2048w\" sizes=\"auto, (max-width: 709px) 85vw, (max-width: 909px) 67vw, (max-width: 1362px) 62vw, 840px\" \/><\/a><figcaption class=\"wp-element-caption\">Blick in den Ausstellungsraum (foto: zoom)<\/figcaption><\/figure>\n<\/div>\n\n\n<p><a href=\"https:\/\/reginaschmeken.com\/\" target=\"_blank\" rel=\"noreferrer noopener\">Die K\u00fcnstlerin Regina Schmeken<\/a> besuchte 2013 und 2015\/2016 die Tatorte des NSU. Ihre gro\u00dfformatigen Schwarzwei\u00dfaufnahmen zeigen die verst\u00f6rende Normalit\u00e4t der Schaupl\u00e4tze von Hass und Gewalt inmitten deutscher St\u00e4dte. Ihre Fotografien versuchen das Ungeheuerliche dieser Taten begreifbar zu machen und rufen in Erinnerung: Die Attentate waren Angriffe auf universelle Menschenrechte und damit auch auf unsere gesamte Gesellschaft. <\/p>\n\n\n<div class=\"wp-block-image\">\n<figure class=\"aligncenter size-large\"><a href=\"https:\/\/www.schiebener.net\/wordpress\/wp-content\/uploads\/2025\/12\/2025120603HHBlutigerBoden.jpg\" target=\"_blank\" rel=\" noreferrer noopener\"><img loading=\"lazy\" decoding=\"async\" width=\"1024\" height=\"768\" src=\"https:\/\/www.schiebener.net\/wordpress\/wp-content\/uploads\/2025\/12\/2025120603HHBlutigerBoden-1024x768.jpg\" alt=\"\" class=\"wp-image-62607\" srcset=\"https:\/\/www.schiebener.net\/wordpress\/wp-content\/uploads\/2025\/12\/2025120603HHBlutigerBoden-1024x768.jpg 1024w, https:\/\/www.schiebener.net\/wordpress\/wp-content\/uploads\/2025\/12\/2025120603HHBlutigerBoden-300x225.jpg 300w, https:\/\/www.schiebener.net\/wordpress\/wp-content\/uploads\/2025\/12\/2025120603HHBlutigerBoden-768x576.jpg 768w, https:\/\/www.schiebener.net\/wordpress\/wp-content\/uploads\/2025\/12\/2025120603HHBlutigerBoden-1536x1152.jpg 1536w, https:\/\/www.schiebener.net\/wordpress\/wp-content\/uploads\/2025\/12\/2025120603HHBlutigerBoden-1200x900.jpg 1200w, https:\/\/www.schiebener.net\/wordpress\/wp-content\/uploads\/2025\/12\/2025120603HHBlutigerBoden.jpg 2048w\" sizes=\"auto, (max-width: 709px) 85vw, (max-width: 909px) 67vw, (max-width: 1362px) 62vw, 840px\" \/><\/a><figcaption class=\"wp-element-caption\">Mehmet Kubasik (39), Dortmund, Malinckrodtstra\u00dfe, 4. April 2006<\/figcaption><\/figure>\n<\/div>\n\n\n<p>Der Ausstellungstitel verweist auf die Orte der Verbrechen, sowie auf die nationalsozialistische Propagandaformel \u201eBlut und Boden\u201c. Der NSU berief sich auf diese Ideologie und hielt sich durch sie f\u00fcr berechtigt, Menschen zu t\u00f6ten. Die Ausstellung reflektiert nicht nur die brutalen Taten, die vor 25 Jahren, am 9. September 2000 in N\u00fcrnberg mit der Ermordung von Enver Simsek begannen, sie gedenkt vor allem auch der Menschen, die ihr Leben verloren haben.<\/p>\n\n\n<div class=\"wp-block-image\">\n<figure class=\"aligncenter size-large\"><a href=\"https:\/\/www.schiebener.net\/wordpress\/wp-content\/uploads\/2025\/12\/2025120604HHBlutigerBoden.jpg\" target=\"_blank\" rel=\" noreferrer noopener\"><img loading=\"lazy\" decoding=\"async\" width=\"1024\" height=\"768\" src=\"https:\/\/www.schiebener.net\/wordpress\/wp-content\/uploads\/2025\/12\/2025120604HHBlutigerBoden-1024x768.jpg\" alt=\"\" class=\"wp-image-62608\" srcset=\"https:\/\/www.schiebener.net\/wordpress\/wp-content\/uploads\/2025\/12\/2025120604HHBlutigerBoden-1024x768.jpg 1024w, https:\/\/www.schiebener.net\/wordpress\/wp-content\/uploads\/2025\/12\/2025120604HHBlutigerBoden-300x225.jpg 300w, https:\/\/www.schiebener.net\/wordpress\/wp-content\/uploads\/2025\/12\/2025120604HHBlutigerBoden-768x576.jpg 768w, https:\/\/www.schiebener.net\/wordpress\/wp-content\/uploads\/2025\/12\/2025120604HHBlutigerBoden-1536x1152.jpg 1536w, https:\/\/www.schiebener.net\/wordpress\/wp-content\/uploads\/2025\/12\/2025120604HHBlutigerBoden-1200x900.jpg 1200w, https:\/\/www.schiebener.net\/wordpress\/wp-content\/uploads\/2025\/12\/2025120604HHBlutigerBoden.jpg 2048w\" sizes=\"auto, (max-width: 709px) 85vw, (max-width: 909px) 67vw, (max-width: 1362px) 62vw, 840px\" \/><\/a><figcaption class=\"wp-element-caption\">Halit Yozgat (21), Kassel, Holl\u00e4ndische Stra\u00dfe, 6. April 2006<\/figcaption><\/figure>\n<\/div>\n\n\n<p>Begleitend zur Ausstellung l\u00e4dt ein zus\u00e4tzlicher Raum mit Videointerviews von Zeitzeug*innen, Engagierten und Betroffenen und mit einer partizipativen Installation dazu ein, \u00fcber das Erinnern nachzudenken: Wer waren die Get\u00f6teten? Wer erinnert, an wen wird erinnert \u2013 und wer wird \u00fcbersehen? <\/p>\n\n\n\n<p>Die Interviews sind ca. 7 bis 9 Minuten lang. Ich bin von Hocker zu Hocker gewandert und habe mir alle sechs angeh\u00f6rt. Es lohnt sich. <\/p>\n\n\n\n<p>Neben der K\u00fcnstlerin selbst, kommen zwei Betroffene (der Neffe von S\u00fcleyman Task\u00f6pr\u00fc sowie ein \u00dcberlebender des Mordanschlags von M\u00f6lln 1992), eine Journalistin und Prozessbegleiterin (Annette Rammelsberger, S\u00fcddeutsche), die engagierte Ombudsfrau f\u00fcr die Opfer und \u00dcberlebenden Barbara John und  eine Bundestagsabgeordnete (Saliha Aydan \u00d6zoguz, von 2013 bis 2018 Beauftragte der Bundesregierung f\u00fcr Migration, Fl\u00fcchtlinge und Integration) zu Wort.<\/p>\n\n\n\n<p>Der Raum thematisiert auch die rechte Gewalt in Hamburg seit 1945 und informiert dar\u00fcber, wie sich jede und jeder gegen Rechtsextremismus und Diskriminierung im Alltag engagieren kann.<\/p>\n\n\n<div class=\"wp-block-image\">\n<figure class=\"aligncenter size-large\"><a href=\"https:\/\/www.schiebener.net\/wordpress\/wp-content\/uploads\/2025\/12\/2025120605HHBlutigerBoden.jpg\" target=\"_blank\" rel=\" noreferrer noopener\"><img loading=\"lazy\" decoding=\"async\" width=\"1024\" height=\"768\" src=\"https:\/\/www.schiebener.net\/wordpress\/wp-content\/uploads\/2025\/12\/2025120605HHBlutigerBoden-1024x768.jpg\" alt=\"\" class=\"wp-image-62609\" srcset=\"https:\/\/www.schiebener.net\/wordpress\/wp-content\/uploads\/2025\/12\/2025120605HHBlutigerBoden-1024x768.jpg 1024w, https:\/\/www.schiebener.net\/wordpress\/wp-content\/uploads\/2025\/12\/2025120605HHBlutigerBoden-300x225.jpg 300w, https:\/\/www.schiebener.net\/wordpress\/wp-content\/uploads\/2025\/12\/2025120605HHBlutigerBoden-768x576.jpg 768w, https:\/\/www.schiebener.net\/wordpress\/wp-content\/uploads\/2025\/12\/2025120605HHBlutigerBoden-1536x1152.jpg 1536w, https:\/\/www.schiebener.net\/wordpress\/wp-content\/uploads\/2025\/12\/2025120605HHBlutigerBoden-1200x900.jpg 1200w, https:\/\/www.schiebener.net\/wordpress\/wp-content\/uploads\/2025\/12\/2025120605HHBlutigerBoden.jpg 2048w\" sizes=\"auto, (max-width: 709px) 85vw, (max-width: 909px) 67vw, (max-width: 1362px) 62vw, 840px\" \/><\/a><\/figure>\n<\/div>\n\n\n<p>Eine 60-min\u00fctige F\u00fchrung durch die Sonderausstellung <a href=\"https:\/\/www.shmh.de\/ausstellungen\/blutiger-boden-altonaer-museum\/\" target=\"_blank\" rel=\"noreferrer noopener\">&#8222;Blutiger Boden. Die Tatorte des NSU&#8220;<\/a> vermittelt Besucher*Innen einen \u00dcberblick \u00fcber die Ausstellung mit Fotografien von Regina Schmeken.<\/p>\n\n\n\n<p><strong>Anmerkung:<\/strong> Leider kann ich die Buchstaben des t\u00fcrkischen Alphabets nicht darstellen. Die Namen sind daher mit den n\u00e4chst\u00e4hnlichen Buchstaben geschrieben.<\/p>\n","protected":false},"excerpt":{"rendered":"<p>Eine Ausstellung von Regina Schmeken im Altonaer Museum S\u00fcleyman Task\u00f6pr\u00fc wurde am 27. Juni 2001 in seinem Lebensmittelladen in der Sch\u00fctzenstra\u00dfe in Altona von zwei Terroristen des Nationalsozialistischen Untergrunds (NSU) &hellip; <a href=\"https:\/\/www.schiebener.net\/wordpress\/ausstellungstipp-blutiger-boden-die-tatorte-des-nsu\/\" class=\"more-link\"><span class=\"screen-reader-text\">\u201eAusstellungstipp: Blutiger Boden &#8211; die Tatorte des NSU\u201c <\/span>weiterlesen<\/a><\/p>\n","protected":false},"author":3,"featured_media":0,"comment_status":"open","ping_status":"open","sticky":false,"template":"","format":"standard","meta":{"footnotes":""},"categories":[319,83,6,854,32,8669,6314],"tags":[9416,6206,1433,5450],"class_list":["post-62604","post","type-post","status-publish","format-standard","hentry","category-geschichte","category-hamburg-allgemein","category-kalenderblatt","category-kunst","category-medien","category-rassismus","category-rechtsextremismus","tag-altonaer-museum","tag-ausstellung","tag-fotografie","tag-nsu-morde"],"_links":{"self":[{"href":"https:\/\/www.schiebener.net\/wordpress\/wp-json\/wp\/v2\/posts\/62604","targetHints":{"allow":["GET"]}}],"collection":[{"href":"https:\/\/www.schiebener.net\/wordpress\/wp-json\/wp\/v2\/posts"}],"about":[{"href":"https:\/\/www.schiebener.net\/wordpress\/wp-json\/wp\/v2\/types\/post"}],"author":[{"embeddable":true,"href":"https:\/\/www.schiebener.net\/wordpress\/wp-json\/wp\/v2\/users\/3"}],"replies":[{"embeddable":true,"href":"https:\/\/www.schiebener.net\/wordpress\/wp-json\/wp\/v2\/comments?post=62604"}],"version-history":[{"count":0,"href":"https:\/\/www.schiebener.net\/wordpress\/wp-json\/wp\/v2\/posts\/62604\/revisions"}],"wp:attachment":[{"href":"https:\/\/www.schiebener.net\/wordpress\/wp-json\/wp\/v2\/media?parent=62604"}],"wp:term":[{"taxonomy":"category","embeddable":true,"href":"https:\/\/www.schiebener.net\/wordpress\/wp-json\/wp\/v2\/categories?post=62604"},{"taxonomy":"post_tag","embeddable":true,"href":"https:\/\/www.schiebener.net\/wordpress\/wp-json\/wp\/v2\/tags?post=62604"}],"curies":[{"name":"wp","href":"https:\/\/api.w.org\/{rel}","templated":true}]}}