{"id":62589,"date":"2025-12-06T21:18:49","date_gmt":"2025-12-06T20:18:49","guid":{"rendered":"https:\/\/www.schiebener.net\/wordpress\/?p=62589"},"modified":"2025-12-06T22:01:34","modified_gmt":"2025-12-06T21:01:34","slug":"austellungstipp-philip-montgomery-american-cycles-in-den-hamburger-deichtorhallen","status":"publish","type":"post","link":"https:\/\/www.schiebener.net\/wordpress\/austellungstipp-philip-montgomery-american-cycles-in-den-hamburger-deichtorhallen\/","title":{"rendered":"Austellungstipp: Philip Montgomery, American Cycles in den Hamburger Deichtorhallen"},"content":{"rendered":"<div class=\"wp-block-image\">\n<figure class=\"aligncenter size-large\"><a href=\"https:\/\/www.schiebener.net\/wordpress\/wp-content\/uploads\/2025\/12\/2025120503HHDeichtorhallen.jpg\" target=\"_blank\" rel=\" noreferrer noopener\"><img loading=\"lazy\" decoding=\"async\" width=\"1024\" height=\"768\" src=\"https:\/\/www.schiebener.net\/wordpress\/wp-content\/uploads\/2025\/12\/2025120503HHDeichtorhallen-1024x768.jpg\" alt=\"\" class=\"wp-image-62591\" srcset=\"https:\/\/www.schiebener.net\/wordpress\/wp-content\/uploads\/2025\/12\/2025120503HHDeichtorhallen-1024x768.jpg 1024w, https:\/\/www.schiebener.net\/wordpress\/wp-content\/uploads\/2025\/12\/2025120503HHDeichtorhallen-300x225.jpg 300w, https:\/\/www.schiebener.net\/wordpress\/wp-content\/uploads\/2025\/12\/2025120503HHDeichtorhallen-768x576.jpg 768w, https:\/\/www.schiebener.net\/wordpress\/wp-content\/uploads\/2025\/12\/2025120503HHDeichtorhallen-1536x1152.jpg 1536w, https:\/\/www.schiebener.net\/wordpress\/wp-content\/uploads\/2025\/12\/2025120503HHDeichtorhallen-1200x900.jpg 1200w, https:\/\/www.schiebener.net\/wordpress\/wp-content\/uploads\/2025\/12\/2025120503HHDeichtorhallen.jpg 2048w\" sizes=\"auto, (max-width: 709px) 85vw, (max-width: 909px) 67vw, (max-width: 1362px) 62vw, 840px\" \/><\/a><figcaption class=\"wp-element-caption\">Eingang zum provisorischen Museumsgeb\u00e4ude (foto: zoom)<\/figcaption><\/figure>\n<\/div>\n\n\n<p><strong>Falls ihr in der n\u00e4chsten Zeit zuf\u00e4llig in Hamburg vorbeikommt, schaut euch die <a href=\"https:\/\/www.deichtorhallen.de\/de\/ausstellungen\/philip-montgomery\" target=\"_blank\" rel=\"noreferrer noopener\">Ausstellung American Cycles<\/a> an. Der Fotograf Philip Montgmery (Mexiko\/USA) zeigt in f\u00fcnf Themenbl\u00f6cken mit \u00fcber 100 Schwarz-Wei\u00df-Bildern die Umbr\u00fcche in der US-amerikanischen Gesellschaft von 2014 bis heute.<\/strong><br \/><br \/>Jedes Foto erz\u00e4hlt seine eigene kleine Geschichte und derer gibt es viele: Drogentote, Rassismus, Klimawandel (Br\u00e4nde, St\u00fcrme und Fluten), Gef\u00e4ngnissystem, Razzien, Wohnungsnot (bitter: Chrismas Eviction), Demonstrationen, Kunst, Medien, Politik und ihre Akteure &#8230;<br \/><\/p>\n\n\n<div class=\"wp-block-image\">\n<figure class=\"aligncenter size-large\"><a href=\"https:\/\/www.schiebener.net\/wordpress\/wp-content\/uploads\/2025\/12\/2025120508HHMontgomery.jpg\" target=\"_blank\" rel=\" noreferrer noopener\"><img loading=\"lazy\" decoding=\"async\" width=\"768\" height=\"1024\" src=\"https:\/\/www.schiebener.net\/wordpress\/wp-content\/uploads\/2025\/12\/2025120508HHMontgomery-768x1024.jpg\" alt=\"\" class=\"wp-image-62593\" srcset=\"https:\/\/www.schiebener.net\/wordpress\/wp-content\/uploads\/2025\/12\/2025120508HHMontgomery-768x1024.jpg 768w, https:\/\/www.schiebener.net\/wordpress\/wp-content\/uploads\/2025\/12\/2025120508HHMontgomery-225x300.jpg 225w, https:\/\/www.schiebener.net\/wordpress\/wp-content\/uploads\/2025\/12\/2025120508HHMontgomery-1152x1536.jpg 1152w, https:\/\/www.schiebener.net\/wordpress\/wp-content\/uploads\/2025\/12\/2025120508HHMontgomery-1200x1600.jpg 1200w, https:\/\/www.schiebener.net\/wordpress\/wp-content\/uploads\/2025\/12\/2025120508HHMontgomery.jpg 1536w\" sizes=\"auto, (max-width: 709px) 85vw, (max-width: 909px) 67vw, (max-width: 984px) 61vw, (max-width: 1362px) 45vw, 600px\" \/><\/a><figcaption class=\"wp-element-caption\">Im Inneren des tempor\u00e4ren Hauses der Photographie (foto:zoom)<\/figcaption><\/figure>\n<\/div>\n\n\n<p>Die Themenkreise lauten <em>Fragmente der Gegenwart<\/em>, <em>Risse und Allianzen<\/em>, <em>Kontrollr\u00e4ume<\/em>, <em>Nerv\u00f6se Systeme<\/em>, <em>American Mirror<\/em>. <\/p>\n\n\n\n<p>Ja, auch Trump, seine Erm\u00f6glicher*innen und Anh\u00e4nger*innen kommen selbstverst\u00e4ndlich vor. Aber schon beim Betrachten der Milizversammlung von bewaffneten Teilnehmern auf einem offenen Feld, diesem <em>disziplinierten Schauspiel bewaffneter Bereitschaft<\/em>, ahnt man, dass die Probleme der US-amerikanischen Gesellschaft historisch tiefer liegen als im gegenw\u00e4rtigen Autoritarismus\/Faschismus des Trump-Systems.<\/p>\n\n\n<div class=\"wp-block-image\">\n<figure class=\"aligncenter size-large\"><a href=\"https:\/\/www.schiebener.net\/wordpress\/wp-content\/uploads\/2025\/12\/2025120505HHDeichtorhallen.jpg\" target=\"_blank\" rel=\" noreferrer noopener\"><img loading=\"lazy\" decoding=\"async\" width=\"1024\" height=\"768\" src=\"https:\/\/www.schiebener.net\/wordpress\/wp-content\/uploads\/2025\/12\/2025120505HHDeichtorhallen-1024x768.jpg\" alt=\"\" class=\"wp-image-62592\" srcset=\"https:\/\/www.schiebener.net\/wordpress\/wp-content\/uploads\/2025\/12\/2025120505HHDeichtorhallen-1024x768.jpg 1024w, https:\/\/www.schiebener.net\/wordpress\/wp-content\/uploads\/2025\/12\/2025120505HHDeichtorhallen-300x225.jpg 300w, https:\/\/www.schiebener.net\/wordpress\/wp-content\/uploads\/2025\/12\/2025120505HHDeichtorhallen-768x576.jpg 768w, https:\/\/www.schiebener.net\/wordpress\/wp-content\/uploads\/2025\/12\/2025120505HHDeichtorhallen-1536x1152.jpg 1536w, https:\/\/www.schiebener.net\/wordpress\/wp-content\/uploads\/2025\/12\/2025120505HHDeichtorhallen-1200x900.jpg 1200w, https:\/\/www.schiebener.net\/wordpress\/wp-content\/uploads\/2025\/12\/2025120505HHDeichtorhallen.jpg 2048w\" sizes=\"auto, (max-width: 709px) 85vw, (max-width: 909px) 67vw, (max-width: 1362px) 62vw, 840px\" \/><\/a><figcaption class=\"wp-element-caption\">Der provisorische Container-Bau von au\u00dfen (foto: zoom)<\/figcaption><\/figure>\n<\/div>\n\n\n<p>Einige Bilder und Texte kann man sich vor dem Ausstellungsbesuch auf der Website des Museums anschauen: <a href=\"https:\/\/www.deichtorhallen.de\/de\/ausstellungen\/philip-montgomery\/\" target=\"_blank\" rel=\"noreferrer noopener\">https:\/\/www.deichtorhallen.de\/de\/ausstellungen\/philip-montgomery\/<\/a><\/p>\n\n\n\n<p>Zwei nebeneinander geh\u00e4ngte Fotos m\u00f6chte ich kurz vorstellen.<\/p>\n\n\n<div class=\"wp-block-image\">\n<figure class=\"aligncenter size-large\"><a href=\"https:\/\/www.schiebener.net\/wordpress\/wp-content\/uploads\/2025\/12\/20251207HHDeichtorhallenMontgomery.jpg\" target=\"_blank\" rel=\" noreferrer noopener\"><img loading=\"lazy\" decoding=\"async\" width=\"1024\" height=\"768\" src=\"https:\/\/www.schiebener.net\/wordpress\/wp-content\/uploads\/2025\/12\/20251207HHDeichtorhallenMontgomery-1024x768.jpg\" alt=\"\" class=\"wp-image-62590\" srcset=\"https:\/\/www.schiebener.net\/wordpress\/wp-content\/uploads\/2025\/12\/20251207HHDeichtorhallenMontgomery-1024x768.jpg 1024w, https:\/\/www.schiebener.net\/wordpress\/wp-content\/uploads\/2025\/12\/20251207HHDeichtorhallenMontgomery-300x225.jpg 300w, https:\/\/www.schiebener.net\/wordpress\/wp-content\/uploads\/2025\/12\/20251207HHDeichtorhallenMontgomery-768x576.jpg 768w, https:\/\/www.schiebener.net\/wordpress\/wp-content\/uploads\/2025\/12\/20251207HHDeichtorhallenMontgomery-1536x1152.jpg 1536w, https:\/\/www.schiebener.net\/wordpress\/wp-content\/uploads\/2025\/12\/20251207HHDeichtorhallenMontgomery-1200x900.jpg 1200w, https:\/\/www.schiebener.net\/wordpress\/wp-content\/uploads\/2025\/12\/20251207HHDeichtorhallenMontgomery.jpg 2048w\" sizes=\"auto, (max-width: 709px) 85vw, (max-width: 909px) 67vw, (max-width: 1362px) 62vw, 840px\" \/><\/a><figcaption class=\"wp-element-caption\">Photo Nr. 28 und Nr. 29: Constance Wynn und George Floyd Square (foto: zoom)<br \/> <\/figcaption><\/figure>\n<\/div>\n\n\n<p>Auf dem kleinen Bild oben links ist Constance Wynn am Wahltag 2024 im vorderen Wohnzimmer ihres Hauses in Wilkes-Barre, das von ihrem Urgro\u00dfvater erbaut wurde, zu sehen. Wynns Vorfahren entkamen der Sklaverei, indem sie vor dem B\u00fcrgerkrieg nach Pennsylvania flohen. &#8222;Das macht mir Angst&#8220;, sagte Constance Wynn. &#8222;Ich muss verstehen, was er [Donald Trump] vorhat.&#8220;<\/p>\n\n\n\n<p><em>Speedway, George Floyd Square, Minneapolis, Minnesota, June 2020<\/em> lautet der Titel des gr\u00f6\u00dferen Fotos. Auch wenn sich die Proteste gegen rassistische Gewalt und f\u00fcr Gleichberechtigung nach dem Mord an George Floyd durch Derek Chauvin , einen wei\u00dfen Polizisten, weltweit ausbreiteten, blieb die Verkehrskreuzung, an der er in Minneapolis starb, das Epizentrum der Bewegung. Demonstrant*innen besetzten den Bereich monatelang, auch w\u00e4hrend des Prozesses gegen Chauvin, in dem er im April 2021 f\u00fcr schuldig befunden wurde. Montgomery belichtet die Details dieses Versammlungsortes, an dem Menschen sich auf Sofas ausruhen, sowie das Dach der Speedway-Tankstelle auf der anderen Stra\u00dfenseite, wo die Tage seit Floyds Tod gez\u00e4hlt wurden.<\/p>\n\n\n\n<p>Beide Beschreibungen habe ich dem unverzichtbaren Booklet entnommen, welches kostenlos am Ticket-Schalter ausliegt. Es enth\u00e4lt weiterf\u00fchrende Informationen zu den einzelnen Bereichen und Bildern der Ausstellung. F\u00fcr mich war es zum Verst\u00e4ndnis unverzichtbar. <\/p>\n","protected":false},"excerpt":{"rendered":"<p>Falls ihr in der n\u00e4chsten Zeit zuf\u00e4llig in Hamburg vorbeikommt, schaut euch die Ausstellung American Cycles an. Der Fotograf Philip Montgmery (Mexiko\/USA) zeigt in f\u00fcnf Themenbl\u00f6cken mit \u00fcber 100 Schwarz-Wei\u00df-Bildern &hellip; <a href=\"https:\/\/www.schiebener.net\/wordpress\/austellungstipp-philip-montgomery-american-cycles-in-den-hamburger-deichtorhallen\/\" class=\"more-link\"><span class=\"screen-reader-text\">\u201eAustellungstipp: Philip Montgomery, American Cycles in den Hamburger Deichtorhallen\u201c <\/span>weiterlesen<\/a><\/p>\n","protected":false},"author":3,"featured_media":0,"comment_status":"open","ping_status":"open","sticky":false,"template":"","format":"standard","meta":{"footnotes":""},"categories":[1732,83,674,854,32,8669,6314,2729,173],"tags":[6206,9414,6176,1433,61,9415],"class_list":["post-62589","post","type-post","status-publish","format-standard","hentry","category-freizeit","category-hamburg-allgemein","category-kultur","category-kunst","category-medien","category-rassismus","category-rechtsextremismus","category-reisen","category-usa","tag-ausstellung","tag-deichtorhallen","tag-donald-trump","tag-fotografie","tag-hamburg","tag-philip-montgomery"],"_links":{"self":[{"href":"https:\/\/www.schiebener.net\/wordpress\/wp-json\/wp\/v2\/posts\/62589","targetHints":{"allow":["GET"]}}],"collection":[{"href":"https:\/\/www.schiebener.net\/wordpress\/wp-json\/wp\/v2\/posts"}],"about":[{"href":"https:\/\/www.schiebener.net\/wordpress\/wp-json\/wp\/v2\/types\/post"}],"author":[{"embeddable":true,"href":"https:\/\/www.schiebener.net\/wordpress\/wp-json\/wp\/v2\/users\/3"}],"replies":[{"embeddable":true,"href":"https:\/\/www.schiebener.net\/wordpress\/wp-json\/wp\/v2\/comments?post=62589"}],"version-history":[{"count":0,"href":"https:\/\/www.schiebener.net\/wordpress\/wp-json\/wp\/v2\/posts\/62589\/revisions"}],"wp:attachment":[{"href":"https:\/\/www.schiebener.net\/wordpress\/wp-json\/wp\/v2\/media?parent=62589"}],"wp:term":[{"taxonomy":"category","embeddable":true,"href":"https:\/\/www.schiebener.net\/wordpress\/wp-json\/wp\/v2\/categories?post=62589"},{"taxonomy":"post_tag","embeddable":true,"href":"https:\/\/www.schiebener.net\/wordpress\/wp-json\/wp\/v2\/tags?post=62589"}],"curies":[{"name":"wp","href":"https:\/\/api.w.org\/{rel}","templated":true}]}}