{"id":62544,"date":"2025-11-28T10:07:39","date_gmt":"2025-11-28T09:07:39","guid":{"rendered":"https:\/\/www.schiebener.net\/wordpress\/?p=62544"},"modified":"2025-11-28T10:48:08","modified_gmt":"2025-11-28T09:48:08","slug":"schwaechere-co2-vorgaben-vcd-kritisiert-rolle-rueckwaerts-beim-klimaschutz","status":"publish","type":"post","link":"https:\/\/www.schiebener.net\/wordpress\/schwaechere-co2-vorgaben-vcd-kritisiert-rolle-rueckwaerts-beim-klimaschutz\/","title":{"rendered":"Schw\u00e4chere CO2-Vorgaben \u2013 VCD kritisiert Rolle r\u00fcckw\u00e4rts beim Klimaschutz"},"content":{"rendered":"\n<p><strong>Union und SPD haben sich heute Nacht auf eine Schw\u00e4chung des Klimaschutzes im Verkehr geeinigt: Die Bundesregierung will sich in Br\u00fcssel daf\u00fcr einsetzen, die CO2-Vorgaben ab 2035 abzuschw\u00e4chen. Damit legt die Bundesregierung die Axt an den Klimaschutz im Verkehr und bremst die E-Mobilit\u00e4t aus, kritisiert der \u00f6kologische Verkehrsclub VCD.<\/strong><\/p>\n\n\n\n<p><em>(Pressemitteilung VCD)<\/em><\/p>\n\n\n\n<p>\u201eDie Bundesregierung m\u00fcsste alle Hebel in Bewegung setzen, damit die Elektromobilit\u00e4t volle Fahrt aufnimmt\u201c, sagte die VCD-Bundesvorsitzende Christiane Rohleder. \u201eStattdessen macht sie eine Rolle r\u00fcckw\u00e4rts. Das schadet dem Klimaschutz und unserer Industrie gleichzeitig.\u201c China habe l\u00e4ngst verstanden, dass die Zukunft elektrisch ist. \u201eEs untergr\u00e4bt auch die Planungssicherheit, wenn beschlossene EU-Regelungen gleich wieder in Frage gestellt werden. Den Schaden haben die Unternehmen, die im Vertrauen auf diese Regelungen investiert haben.\u201c<\/p>\n\n\n\n<p>Rohleder sieht in den angestrebten \u00c4nderungen eine Mogelpackung, da Plug-In-Hybride im Realbetrieb dreimal mehr CO2 aussto\u00dfen, als die Werbung verspricht: \u201eAuch nach 2035 sollen sogenannte \u201ahocheffiziente Verbrenner\u2018 zul\u00e4ssig sein, wenn sie mit E-Fuels oder Biosprit betrieben werden. Doch E-Fuels werden auch k\u00fcnftig rar und teuer bleiben, und sie werden dort ben\u00f6tigt, wo andere L\u00f6sungen schwierig sind \u2013 etwa bei Flugzeugen.\u201c Besonders fatal sei der st\u00e4rkere Einsatz von Agrokraftstoffen: \u201eGetreide geh\u00f6rt auf den Teller und nicht in den Tank\u201c, so Rohleder. \u201eZumal der Klimanutzen zweifelhaft ist.\u201c<\/p>\n\n\n\n<!--more-->\n\n\n\n<p>Ob und wie die CO2-Vorgaben ab 2035 tats\u00e4chlich ge\u00e4ndert werden, h\u00e4ngt von der EU-Kommission, von den -Mitgliedsstaaten und dem -Parlament ab. Aber die deutsche Position beeinflusst in erheblichem Ma\u00dfe, wie die Entscheidung letztendlich ausf\u00e4llt.\u201eDamit haben Union und SPD dem europ\u00e4ischen Klimaschutz einen B\u00e4rendienst erwiesen\u201c, so Rohleder.<\/p>\n","protected":false},"excerpt":{"rendered":"<p>Union und SPD haben sich heute Nacht auf eine Schw\u00e4chung des Klimaschutzes im Verkehr geeinigt: Die Bundesregierung will sich in Br\u00fcssel daf\u00fcr einsetzen, die CO2-Vorgaben ab 2035 abzuschw\u00e4chen. Damit legt &hellip; <a href=\"https:\/\/www.schiebener.net\/wordpress\/schwaechere-co2-vorgaben-vcd-kritisiert-rolle-rueckwaerts-beim-klimaschutz\/\" class=\"more-link\"><span class=\"screen-reader-text\">\u201eSchw\u00e4chere CO2-Vorgaben \u2013 VCD kritisiert Rolle r\u00fcckw\u00e4rts beim Klimaschutz\u201c <\/span>weiterlesen<\/a><\/p>\n","protected":false},"author":17,"featured_media":0,"comment_status":"open","ping_status":"open","sticky":false,"template":"","format":"standard","meta":{"footnotes":""},"categories":[303,8406,1043,549,618],"tags":[8404,1426],"class_list":["post-62544","post","type-post","status-publish","format-standard","hentry","category-in-unserem-briefkasten","category-klimakrise","category-pressemitteilungen","category-umwelt","category-verkehr","tag-co2","tag-vcd"],"_links":{"self":[{"href":"https:\/\/www.schiebener.net\/wordpress\/wp-json\/wp\/v2\/posts\/62544","targetHints":{"allow":["GET"]}}],"collection":[{"href":"https:\/\/www.schiebener.net\/wordpress\/wp-json\/wp\/v2\/posts"}],"about":[{"href":"https:\/\/www.schiebener.net\/wordpress\/wp-json\/wp\/v2\/types\/post"}],"author":[{"embeddable":true,"href":"https:\/\/www.schiebener.net\/wordpress\/wp-json\/wp\/v2\/users\/17"}],"replies":[{"embeddable":true,"href":"https:\/\/www.schiebener.net\/wordpress\/wp-json\/wp\/v2\/comments?post=62544"}],"version-history":[{"count":0,"href":"https:\/\/www.schiebener.net\/wordpress\/wp-json\/wp\/v2\/posts\/62544\/revisions"}],"wp:attachment":[{"href":"https:\/\/www.schiebener.net\/wordpress\/wp-json\/wp\/v2\/media?parent=62544"}],"wp:term":[{"taxonomy":"category","embeddable":true,"href":"https:\/\/www.schiebener.net\/wordpress\/wp-json\/wp\/v2\/categories?post=62544"},{"taxonomy":"post_tag","embeddable":true,"href":"https:\/\/www.schiebener.net\/wordpress\/wp-json\/wp\/v2\/tags?post=62544"}],"curies":[{"name":"wp","href":"https:\/\/api.w.org\/{rel}","templated":true}]}}