{"id":62514,"date":"2025-11-25T19:59:07","date_gmt":"2025-11-25T18:59:07","guid":{"rendered":"https:\/\/www.schiebener.net\/wordpress\/?p=62514"},"modified":"2025-11-25T20:03:47","modified_gmt":"2025-11-25T19:03:47","slug":"trendwende-bei-der-kommunalen-energiegesellschaft-eeh","status":"publish","type":"post","link":"https:\/\/www.schiebener.net\/wordpress\/trendwende-bei-der-kommunalen-energiegesellschaft-eeh\/","title":{"rendered":"Hochsauerlandkreis: Trendwende bei der kommunalen Energiegesellschaft EEH?"},"content":{"rendered":"<div class=\"wp-block-image\">\n<figure class=\"aligncenter size-large\"><a href=\"https:\/\/www.schiebener.net\/wordpress\/wp-content\/uploads\/2025\/11\/2025112306WEAMannstein.jpg\" target=\"_blank\" rel=\" noreferrer noopener\"><img loading=\"lazy\" decoding=\"async\" width=\"1024\" height=\"683\" src=\"https:\/\/www.schiebener.net\/wordpress\/wp-content\/uploads\/2025\/11\/2025112306WEAMannstein-1024x683.jpg\" alt=\"\" class=\"wp-image-62516\" srcset=\"https:\/\/www.schiebener.net\/wordpress\/wp-content\/uploads\/2025\/11\/2025112306WEAMannstein-1024x683.jpg 1024w, https:\/\/www.schiebener.net\/wordpress\/wp-content\/uploads\/2025\/11\/2025112306WEAMannstein-300x200.jpg 300w, https:\/\/www.schiebener.net\/wordpress\/wp-content\/uploads\/2025\/11\/2025112306WEAMannstein-768x512.jpg 768w, https:\/\/www.schiebener.net\/wordpress\/wp-content\/uploads\/2025\/11\/2025112306WEAMannstein-1536x1024.jpg 1536w, https:\/\/www.schiebener.net\/wordpress\/wp-content\/uploads\/2025\/11\/2025112306WEAMannstein-1200x800.jpg 1200w, https:\/\/www.schiebener.net\/wordpress\/wp-content\/uploads\/2025\/11\/2025112306WEAMannstein.jpg 2048w\" sizes=\"auto, (max-width: 709px) 85vw, (max-width: 909px) 67vw, (max-width: 1362px) 62vw, 840px\" \/><\/a><figcaption class=\"wp-element-caption\">Symbolbild Windenergie: Soll RWE in der kommunalen Energiegesellschaft viel Geld an der Projektierung der Anlagen verdienen? (foto: zoom)<\/figcaption><\/figure>\n<\/div>\n\n\n<p><strong>Im Blog der Sauerl\u00e4nder B\u00fcrgerliste (SBL) wurde schon h\u00e4ufiger kritisch \u00fcber die vom Kreis geplante kommunale Energiegesellschaft berichtet, z.B. hier: <a href=\"https:\/\/sbl-fraktion.de\/?p=11693\" target=\"_blank\" rel=\"noreferrer noopener\">https:\/\/sbl-fraktion.de\/?p=11693<\/a> Die SBL habe die F\u00f6rderung Erneuerbarer Energien immer f\u00fcr wichtig gehalten. Allerdings gelte dies nicht f\u00fcr die von der Mehrheit des Kreistags geplante Art der Umsetzung in einer kommunalen Gesellschaft, in der die RWE letztlich die Mehrheit erhalten und au\u00dferdem viel Geld an der Projektierung der Anlagen verdienen sollte.<\/strong><\/p>\n\n\n\n<p><em>(Die Sauerl\u00e4nder B\u00fcrgerliste berichtet <a href=\"https:\/\/sbl-fraktion.de\/?p=11859\" target=\"_blank\" rel=\"noreferrer noopener\">aktuell auf ihrer Website<\/a>)<\/em><\/p>\n\n\n\n<p>Bisher wurde dieses Modell von Landrat und CDU-Fraktion hoch gepriesen. Dies \u00e4ndert sich aktuell. Die SBL-Kreistagsfraktion hatte zur Kreistagssitzung am 24.10.2025 einen \u201cBericht \u00fcber die Arbeit der EEH\u201d beantragt.<\/p>\n\n\n\n<!--more-->\n\n\n\n<p>Im Antrag stand u.a.: \u201cAm 21.06.2024 hat der Kreistag die Gr\u00fcndung der \u201eErneuerbare Energien Hochsauerlandkreis GmbH\u201c (EEH) beschlossen. Anders als geplant, beteiligen sich an dieser Gesellschaft nur 4 der 12 kreisangeh\u00f6rigen Kommunen, woraus sich eine gr\u00f6\u00dfere Verantwortung des Kreises als urspr\u00fcnglich geplant ergibt. Von konkreten Aktionen und Planungen dieser Gesellschaft ist dem Kreistag bisher wenig bekannt geworden, ebenso wie von der f\u00fcr die Durchf\u00fchrung von Projekten zur Energieerzeugung bestimmten weiteren Gesellschaft WiSo. Daher soll die Gesch\u00e4ftsf\u00fchrung der EEH dem Kreistag \u00fcber ihre T\u00e4tigkeiten und Planungen berichten und einen Bericht zur Lage geben.\u201d<\/p>\n\n\n\n<p>In der Sitzung selbst sagte die Gesch\u00e4ftsf\u00fchrung nichts, sondern erstellte vorher einen schriftlichen Bericht, aus dem hervorgeht, dass es keine konkreten Projekte gibt, deren Realisierung wahrscheinlich ist.<\/p>\n\n\n\n<p>Aber der Landrat \u00e4u\u00dferte sich im Kreistag erstmals kritisch zu dieser Gesellschaft.<br \/>Im Protokoll dieser Sitzung ist \u00fcber die Ausf\u00fchrungen des (bisherigen) Landrats zu lesen:<br \/><br \/>\u201cZu Beginn des Gr\u00fcndungsprozesses der EEH gab es andere Voraussetzungen, insbesondere durch die fehlende Regionalplanung. Aktuell ist die Entwicklung sehr beschr\u00e4nkt und viele Kommunen lehnen eine Positivplanung in ihrem Stadt- bzw. Gemeindegebiet ab. Die weitere Diskussion in den Kommunen bleibt abzuwarten. Im Zweifel m\u00fcssen die neugew\u00e4hlten Kreistagsmitglieder erneut \u00fcber die derzeitige Organisationsform der EEH beraten. Die von Herrn Loos geforderte Aufstellung \u00fcber die bisher entstandenen Kosten der EEH werden der Niederschrift beigef\u00fcgt.\u201d<\/p>\n\n\n\n<p>\u00dcber die bisher f\u00fcr die EEH entstandenen Kosten steht im Protokoll:<br \/>\u201cBeratungs- und Gr\u00fcndungskosten der EEH ca. 153.400 \u20ac<br \/>Beihilferechtliches Gutachten ca. 48.000 \u20ac<br \/>Gesch\u00e4ftsf\u00fchrung (seit Januar 2024) ca. 52.000 \u20ac<br \/>Summe ca. 253.400 \u20ac\u201d<\/p>\n","protected":false},"excerpt":{"rendered":"<p>Im Blog der Sauerl\u00e4nder B\u00fcrgerliste (SBL) wurde schon h\u00e4ufiger kritisch \u00fcber die vom Kreis geplante kommunale Energiegesellschaft berichtet, z.B. hier: https:\/\/sbl-fraktion.de\/?p=11693 Die SBL habe die F\u00f6rderung Erneuerbarer Energien immer f\u00fcr &hellip; <a href=\"https:\/\/www.schiebener.net\/wordpress\/trendwende-bei-der-kommunalen-energiegesellschaft-eeh\/\" class=\"more-link\"><span class=\"screen-reader-text\">\u201eHochsauerlandkreis: Trendwende bei der kommunalen Energiegesellschaft EEH?\u201c <\/span>weiterlesen<\/a><\/p>\n","protected":false},"author":3,"featured_media":0,"comment_status":"open","ping_status":"open","sticky":false,"template":"","format":"standard","meta":{"footnotes":""},"categories":[8406,80,549],"tags":[9406,3617,755,227],"class_list":["post-62514","post","type-post","status-publish","format-standard","hentry","category-klimakrise","category-lokales","category-umwelt","tag-eeh","tag-erneuerbare-energie","tag-rwe","tag-sauerlander-burgerliste"],"_links":{"self":[{"href":"https:\/\/www.schiebener.net\/wordpress\/wp-json\/wp\/v2\/posts\/62514","targetHints":{"allow":["GET"]}}],"collection":[{"href":"https:\/\/www.schiebener.net\/wordpress\/wp-json\/wp\/v2\/posts"}],"about":[{"href":"https:\/\/www.schiebener.net\/wordpress\/wp-json\/wp\/v2\/types\/post"}],"author":[{"embeddable":true,"href":"https:\/\/www.schiebener.net\/wordpress\/wp-json\/wp\/v2\/users\/3"}],"replies":[{"embeddable":true,"href":"https:\/\/www.schiebener.net\/wordpress\/wp-json\/wp\/v2\/comments?post=62514"}],"version-history":[{"count":0,"href":"https:\/\/www.schiebener.net\/wordpress\/wp-json\/wp\/v2\/posts\/62514\/revisions"}],"wp:attachment":[{"href":"https:\/\/www.schiebener.net\/wordpress\/wp-json\/wp\/v2\/media?parent=62514"}],"wp:term":[{"taxonomy":"category","embeddable":true,"href":"https:\/\/www.schiebener.net\/wordpress\/wp-json\/wp\/v2\/categories?post=62514"},{"taxonomy":"post_tag","embeddable":true,"href":"https:\/\/www.schiebener.net\/wordpress\/wp-json\/wp\/v2\/tags?post=62514"}],"curies":[{"name":"wp","href":"https:\/\/api.w.org\/{rel}","templated":true}]}}