{"id":62499,"date":"2025-11-24T16:06:49","date_gmt":"2025-11-24T15:06:49","guid":{"rendered":"https:\/\/www.schiebener.net\/wordpress\/?p=62499"},"modified":"2025-11-24T16:09:54","modified_gmt":"2025-11-24T15:09:54","slug":"der-kreistag-des-hsk-hat-sich-konstituiert-stellvertretende-landraete-gewaehlt-ausschussvorsitzende-bestimmt","status":"publish","type":"post","link":"https:\/\/www.schiebener.net\/wordpress\/der-kreistag-des-hsk-hat-sich-konstituiert-stellvertretende-landraete-gewaehlt-ausschussvorsitzende-bestimmt\/","title":{"rendered":"Der Kreistag des HSK hat sich konstituiert: Stellvertretende Landr\u00e4te gew\u00e4hlt \u2013 Ausschussvorsitzende bestimmt"},"content":{"rendered":"\n<h3 class=\"wp-block-heading\">Br\u00f6ckelnde &#8222;Brandmauer&#8220;: AfD erh\u00e4lt den Vorsitz des Wahlpr\u00fcfungsausschusses<\/h3>\n\n\n<div class=\"wp-block-image\">\n<figure class=\"aligncenter size-full\"><a href=\"https:\/\/www.schiebener.net\/wordpress\/wp-content\/uploads\/2025\/11\/20251124GremienHSKKlein.jpg\" target=\"_blank\" rel=\" noreferrer noopener\"><img loading=\"lazy\" decoding=\"async\" width=\"1024\" height=\"541\" src=\"https:\/\/www.schiebener.net\/wordpress\/wp-content\/uploads\/2025\/11\/20251124GremienHSKKlein.jpg\" alt=\"\" class=\"wp-image-62500\" srcset=\"https:\/\/www.schiebener.net\/wordpress\/wp-content\/uploads\/2025\/11\/20251124GremienHSKKlein.jpg 1024w, https:\/\/www.schiebener.net\/wordpress\/wp-content\/uploads\/2025\/11\/20251124GremienHSKKlein-300x158.jpg 300w, https:\/\/www.schiebener.net\/wordpress\/wp-content\/uploads\/2025\/11\/20251124GremienHSKKlein-768x406.jpg 768w\" sizes=\"auto, (max-width: 709px) 85vw, (max-width: 909px) 67vw, (max-width: 1362px) 62vw, 840px\" \/><\/a><figcaption class=\"wp-element-caption\">Landrat Thomas Grosche (CDU) (r.) mit seinen Stellvertretungen (v.l.n.r.): Sascha Walenta (CDU), Nathalie Evers-Stumpf (SPD) und Hiltrud Schmidt (CDU).  (Foto: Pressestelle HSK)<\/figcaption><\/figure>\n<\/div>\n\n\n<p><strong>Der Kreistag des Hochsauerlandkreises hat in seiner konstituierenden Sitzung am Freitag, 21. November, wichtige Personalentscheidungen getroffen. Nachdem Thomas Grosche als neuer Landrat zu Beginn vereidigt wurde, w\u00e4hlte das Gremium seine Stellvertretungen: Best\u00e4tigt als 1. Stellvertretende Landr\u00e4tin wurde Hiltrud Schmidt (CDU), 2. Stellvertretender Landrat ist nun Sascha Walenta (CDU) und als 3. Stellvertretende Landr\u00e4tin fungiert Nathalie Evers-Stumpf (SPD). Die in Teilen <a href=\"https:\/\/rsw.beck.de\/aktuell\/daily\/meldung\/detail\/afd-verfassungswidrig-verfassungsrechtler-empfehlen-parteiverbotsantrag\" target=\"_blank\" rel=\"noreferrer noopener\">verfassungswidrige<\/a> und <a href=\"https:\/\/www.tagesschau.de\/inland\/innenpolitik\/afd-verfassungsschutz-rechtsextremismus-100.html\">gesichert rechtsextremistische<\/a> AfD stellt den Vorsitzenden des Wahlpr\u00fcfungsausschusses und den Stellvertreter im Ausschuss f\u00fcr Bauen, Verkehr und Mobilit\u00e4t.<\/strong><\/p>\n\n\n\n<p>Folgende Aussch\u00fcsse und Vorsitzende sind eingerichtet bzw. gew\u00e4hlt worden:<\/p>\n\n\n\n<p><strong>Gesundheits- und Sozialausschuss<\/strong><br \/>Vorsitzender: Friedrich Nies (CDU), Stellvertreter: Marian Hellmund (Die Linke)<\/p>\n\n\n\n<p><strong>Ausschuss f\u00fcr Bauen, Verkehr und Mobilit\u00e4t<\/strong><br \/>Vorsitzende: Anna Kaufhold (CDU), Stellvertreter: Jan Bornemann (AfD)<\/p>\n\n\n\n<p><strong>Ausschuss f\u00fcr Wirtschaft, Struktur und Tourismus<\/strong><br \/>Vorsitzender: Peter Newiger (SPD), Stellvertreter: Klaus Schulte (CDU)<\/p>\n\n\n\n<p><strong>Schulausschuss<\/strong><br \/>Vorsitzender: Wolfgang Diekmann (CDU), Stellvertreterin: Nathalie Evers-Stumpf (SPD)<\/p>\n\n\n\n<p><strong>Kulturausschuss<\/strong><br \/>Vorsitzender: Werner Wolff (CDU), Stellvertreter: Markus Ebert (SPD)<\/p>\n\n\n\n<p><strong>Ausschuss f\u00fcr Umwelt, Landwirtschaft und Forsten<\/strong><br \/>Vorsitzende: Helle S\u00f6nnecken (B\u00fcndnis 90\/Die Gr\u00fcnen), Stellvertreter: Bernd Liesenfeld (CDU)<\/p>\n\n\n\n<p><strong>Betriebsausschuss<\/strong><br \/>Vorsitzender: Ludger B\u00f6ddeker (SPD), Stellvertreter: Frank Schauerte (CDU)<\/p>\n\n\n\n<p><strong>Ausschuss f\u00fcr Digitalisierung und Verwaltungsmodernisierung<\/strong><br \/>Vorsitzende: Christiane Schmidt (CDU), Stellvertreter: Maurice Hachenei (CDU)<\/p>\n\n\n\n<p><strong>Rechnungspr\u00fcfungsausschuss<\/strong><br \/>Vorsitzender: Bernd Liesenfeld (CDU), Stellvertreter: Wolfgang Fischer (CDU)<\/p>\n\n\n\n<p><strong>Wahlpr\u00fcfungsausschuss<\/strong><br \/>Vorsitzender: Ralf Landgraf (AfD), Stellvertreter: Ralf Fischer (CDU)<\/p>\n\n\n\n<p><strong>Hinweis: Der Kreisjugendhilfeausschuss<\/strong> w\u00e4hlt seine Vorsitzenden in der ersten Sitzung selbst.<\/p>\n","protected":false},"excerpt":{"rendered":"<p>Br\u00f6ckelnde &#8222;Brandmauer&#8220;: AfD erh\u00e4lt den Vorsitz des Wahlpr\u00fcfungsausschusses Der Kreistag des Hochsauerlandkreises hat in seiner konstituierenden Sitzung am Freitag, 21. November, wichtige Personalentscheidungen getroffen. Nachdem Thomas Grosche als neuer Landrat &hellip; <a href=\"https:\/\/www.schiebener.net\/wordpress\/der-kreistag-des-hsk-hat-sich-konstituiert-stellvertretende-landraete-gewaehlt-ausschussvorsitzende-bestimmt\/\" class=\"more-link\"><span class=\"screen-reader-text\">\u201eDer Kreistag des HSK hat sich konstituiert: Stellvertretende Landr\u00e4te gew\u00e4hlt \u2013 Ausschussvorsitzende bestimmt\u201c <\/span>weiterlesen<\/a><\/p>\n","protected":false},"author":17,"featured_media":0,"comment_status":"open","ping_status":"open","sticky":false,"template":"","format":"standard","meta":{"footnotes":""},"categories":[303,80,24,1043,6314],"tags":[4271,494],"class_list":["post-62499","post","type-post","status-publish","format-standard","hentry","category-in-unserem-briefkasten","category-lokales","category-politik","category-pressemitteilungen","category-rechtsextremismus","tag-afd","tag-kreistag-meschede"],"_links":{"self":[{"href":"https:\/\/www.schiebener.net\/wordpress\/wp-json\/wp\/v2\/posts\/62499","targetHints":{"allow":["GET"]}}],"collection":[{"href":"https:\/\/www.schiebener.net\/wordpress\/wp-json\/wp\/v2\/posts"}],"about":[{"href":"https:\/\/www.schiebener.net\/wordpress\/wp-json\/wp\/v2\/types\/post"}],"author":[{"embeddable":true,"href":"https:\/\/www.schiebener.net\/wordpress\/wp-json\/wp\/v2\/users\/17"}],"replies":[{"embeddable":true,"href":"https:\/\/www.schiebener.net\/wordpress\/wp-json\/wp\/v2\/comments?post=62499"}],"version-history":[{"count":0,"href":"https:\/\/www.schiebener.net\/wordpress\/wp-json\/wp\/v2\/posts\/62499\/revisions"}],"wp:attachment":[{"href":"https:\/\/www.schiebener.net\/wordpress\/wp-json\/wp\/v2\/media?parent=62499"}],"wp:term":[{"taxonomy":"category","embeddable":true,"href":"https:\/\/www.schiebener.net\/wordpress\/wp-json\/wp\/v2\/categories?post=62499"},{"taxonomy":"post_tag","embeddable":true,"href":"https:\/\/www.schiebener.net\/wordpress\/wp-json\/wp\/v2\/tags?post=62499"}],"curies":[{"name":"wp","href":"https:\/\/api.w.org\/{rel}","templated":true}]}}