{"id":62444,"date":"2025-11-18T18:51:19","date_gmt":"2025-11-18T17:51:19","guid":{"rendered":"https:\/\/www.schiebener.net\/wordpress\/?p=62444"},"modified":"2025-11-18T18:51:19","modified_gmt":"2025-11-18T17:51:19","slug":"arnsberger-wald-vergangenheit-gegenwart-nationalpark","status":"publish","type":"post","link":"https:\/\/www.schiebener.net\/wordpress\/arnsberger-wald-vergangenheit-gegenwart-nationalpark\/","title":{"rendered":"Arnsberger Wald: Vergangenheit, Gegenwart, Nationalpark"},"content":{"rendered":"\n<h3 class=\"wp-block-heading\">Wandel der Vogelwelt sowie Spuren historischer Landnutzung &#8211; Vortr\u00e4ge und Diskussionen<\/h3>\n\n\n<div class=\"wp-block-image\">\n<figure class=\"aligncenter size-large\"><a href=\"https:\/\/www.schiebener.net\/wordpress\/wp-content\/uploads\/2025\/11\/Veranstaltungsflyer-Plakat.jpg.jpg\" target=\"_blank\" rel=\" noreferrer noopener\"><img loading=\"lazy\" decoding=\"async\" width=\"725\" height=\"1024\" src=\"https:\/\/www.schiebener.net\/wordpress\/wp-content\/uploads\/2025\/11\/Veranstaltungsflyer-Plakat.jpg-725x1024.jpg\" alt=\"\" class=\"wp-image-62445\" srcset=\"https:\/\/www.schiebener.net\/wordpress\/wp-content\/uploads\/2025\/11\/Veranstaltungsflyer-Plakat.jpg-725x1024.jpg 725w, https:\/\/www.schiebener.net\/wordpress\/wp-content\/uploads\/2025\/11\/Veranstaltungsflyer-Plakat.jpg-212x300.jpg 212w, https:\/\/www.schiebener.net\/wordpress\/wp-content\/uploads\/2025\/11\/Veranstaltungsflyer-Plakat.jpg-768x1085.jpg 768w, https:\/\/www.schiebener.net\/wordpress\/wp-content\/uploads\/2025\/11\/Veranstaltungsflyer-Plakat.jpg-1087x1536.jpg 1087w, https:\/\/www.schiebener.net\/wordpress\/wp-content\/uploads\/2025\/11\/Veranstaltungsflyer-Plakat.jpg.jpg 1123w\" sizes=\"auto, (max-width: 709px) 85vw, (max-width: 909px) 67vw, (max-width: 984px) 61vw, (max-width: 1362px) 45vw, 600px\" \/><\/a><figcaption class=\"wp-element-caption\">Veranstaltungsplakat, bitte teilen!<\/figcaption><\/figure>\n<\/div>\n\n\n<p class=\"wp-block-paragraph\"><strong>Der Arnsberger Wald hat wohl noch nie in so kurzer Zeit eine derart radikale Umgestaltung erfahren wie in den letzten Jahren. St\u00fcrme, D\u00fcrre und die darauffolgenden Sch\u00e4dlingskalamit\u00e4ten haben das Landschaftsbild umgekrempelt. Aber wider Erwarten profitieren Flora und Fauna von dieser Entwicklung.<\/strong> <\/p>\n\n\n\n<p class=\"wp-block-paragraph\"><em>(<a href=\"https:\/\/nationalpark-arnsberger-wald.de\/eventreader-nationalpark\/arnsberger-wald-vergangenheit-gegenwart-nationalpark.html\" target=\"_blank\" rel=\"noreferrer noopener\">Pressemitteilung BUND \/ VCD<\/a>)<\/em><\/p>\n\n\n\n<p class=\"wp-block-paragraph\">Die gro\u00dffl\u00e4chigen Fichten-Kalamit\u00e4ten haben zu einer enormen Bestandszunahme von Offenlandarten wie Neunt\u00f6ter, Schwarzkehlchen und Wendehals gef\u00fchrt. Aber auch in den Buchenw\u00e4ldern gibt es Ver\u00e4nderungen. Beispielsweise hat sich der auff\u00e4llige Schwarzspecht erst Anfang des 20. Jahrhunderts in Westfalen angesiedelt. Als Gro\u00dfh\u00f6hlenbauer erm\u00f6glicht er die Ansiedlung weiterer Arten, wie z. B. Hohltaube und Raufu\u00dfkauz.<\/p>\n\n\n\n<!--more-->\n\n\n\n<p class=\"wp-block-paragraph\">\u00dcber diese Entwicklung referiert <strong>Andreas K\u00e4mpfer-Lauenstein<\/strong> unter dem Titel:<strong><em>Wandel der Vogelwelt des Arnsberger Waldes in den letzten 50 Jahren. <\/em><\/strong>Der Referent aus Geseke ist Biologe und versierter Ornithologe. Seit vielen Jahren streift er beruflich und privat durch die W\u00e4lder Nordrhein-Westfalens und dokumentiert die Entwicklung des Vogelbestandes.<\/p>\n\n\n\n<p class=\"wp-block-paragraph\">Der Einfluss des Menschen pr\u00e4gt das Erscheinungsbild des Arnsberger Waldes seit hunderten von Jahren. Welche Spuren dieser Einfluss hinterlassen hat, und wie sie sich bis in die heutige Zeit auswirken<s>,<\/s> ist das Thema des zweiten Vortrages an diesem Abend: <strong><em>Spuren historischer Landnutzung im Arnsberger Wald. Der Referent, <\/em>Hans-Joachim Berger aus Bad Sassendorf<\/strong>, war an der Entwicklung des Schwammwaldprojektes f\u00fcr den Arnsberger Wald beteiligt.<\/p>\n\n\n\n<p class=\"wp-block-paragraph\">Auch wenn noch nicht alles optimal ist, stellt der Arnsberger Wald bereits in seiner jetzigen Auspr\u00e4gung das Juwel im Westf\u00e4lischen Waldmeer dar. Ein Nationalpark w\u00fcrde ihm den passenden Schliff verleihen. In der anschlie\u00dfenden Diskussion soll er\u00f6rtert werden, wie ein Nationalpark auf den Landesfl\u00e4chen im Naturpark realisiert werden kann.<\/p>\n\n\n\n<p class=\"wp-block-paragraph\">Moderiert wird die Veranstaltung von Klaus Brunsmeier (BUND NRW Landesverband).<\/p>\n\n\n\n<p class=\"wp-block-paragraph\"><strong>Veranstaltungsort:<\/strong> Kreishaus in Meschede<br \/><strong>Adresse: <\/strong>Steinstra\u00dfe 27, D-59872 Meschede<br \/><strong>Zeit:<\/strong> Donnerstag, 27.11.2025 | 18:30 Uhr<\/p>\n\n\n\n<p class=\"wp-block-paragraph\">Die Veranstaltung ist kostenlos, eine Spende willkommen.<\/p>\n","protected":false},"excerpt":{"rendered":"<p>Wandel der Vogelwelt sowie Spuren historischer Landnutzung &#8211; Vortr\u00e4ge und Diskussionen Der Arnsberger Wald hat wohl noch nie in so kurzer Zeit eine derart radikale Umgestaltung erfahren wie in den &hellip; <a href=\"https:\/\/www.schiebener.net\/wordpress\/arnsberger-wald-vergangenheit-gegenwart-nationalpark\/\" class=\"more-link\"><span class=\"screen-reader-text\">\u201eArnsberger Wald: Vergangenheit, Gegenwart, Nationalpark\u201c <\/span>weiterlesen<\/a><\/p>\n","protected":false},"author":17,"featured_media":0,"comment_status":"open","ping_status":"open","sticky":false,"template":"","format":"standard","meta":{"footnotes":""},"categories":[303,80,6413,1043,549],"tags":[8069,6037,9350,8460],"class_list":["post-62444","post","type-post","status-publish","format-standard","hentry","category-in-unserem-briefkasten","category-lokales","category-nrw","category-pressemitteilungen","category-umwelt","tag-arnsberger-wald","tag-bund","tag-naturpark","tag-vcd-kreisverband-hsk"],"_links":{"self":[{"href":"https:\/\/www.schiebener.net\/wordpress\/wp-json\/wp\/v2\/posts\/62444","targetHints":{"allow":["GET"]}}],"collection":[{"href":"https:\/\/www.schiebener.net\/wordpress\/wp-json\/wp\/v2\/posts"}],"about":[{"href":"https:\/\/www.schiebener.net\/wordpress\/wp-json\/wp\/v2\/types\/post"}],"author":[{"embeddable":true,"href":"https:\/\/www.schiebener.net\/wordpress\/wp-json\/wp\/v2\/users\/17"}],"replies":[{"embeddable":true,"href":"https:\/\/www.schiebener.net\/wordpress\/wp-json\/wp\/v2\/comments?post=62444"}],"version-history":[{"count":0,"href":"https:\/\/www.schiebener.net\/wordpress\/wp-json\/wp\/v2\/posts\/62444\/revisions"}],"wp:attachment":[{"href":"https:\/\/www.schiebener.net\/wordpress\/wp-json\/wp\/v2\/media?parent=62444"}],"wp:term":[{"taxonomy":"category","embeddable":true,"href":"https:\/\/www.schiebener.net\/wordpress\/wp-json\/wp\/v2\/categories?post=62444"},{"taxonomy":"post_tag","embeddable":true,"href":"https:\/\/www.schiebener.net\/wordpress\/wp-json\/wp\/v2\/tags?post=62444"}],"curies":[{"name":"wp","href":"https:\/\/api.w.org\/{rel}","templated":true}]}}