{"id":6239,"date":"2010-01-05T12:33:10","date_gmt":"2010-01-05T11:33:10","guid":{"rendered":"http:\/\/www.schiebener.net\/wordpress\/?p=6239"},"modified":"2010-01-05T12:33:10","modified_gmt":"2010-01-05T11:33:10","slug":"gefunden-der-feind-in-der-wiege","status":"publish","type":"post","link":"https:\/\/www.schiebener.net\/wordpress\/gefunden-der-feind-in-der-wiege\/","title":{"rendered":"Gefunden: Der Feind in der Wiege"},"content":{"rendered":"<p>Gestern, am Montag, den 4. Januar,\u00a0 habe ich in der S\u00fcddeutschen Zeitung auf Seite 2 den Beitrag von Wolfgang Benz &#8222;Was die Antisemiten des 19. Jahrhunderts und manche &#8222;Islamkritiker&#8220; des 21. Jahrhunderts eint&#8220; gelesen.<\/p>\n<p>Wolfgang Benz, der das Zentrum f\u00fcr Antisemitismusforschung an der Technischen Universit\u00e4t Berlin leitet, untersucht in dem Artikel die Konstruktionsbedingungen von Feindbildern.<\/p>\n<p>Die \u00dcberlegungen von Benz halte ich f\u00fcr sehr lesens- und nachdenkenswert:<\/p>\n<p>Zitat:<\/p>\n<blockquote><p>&#8222;Das Feindbild &#8222;Westen&#8220; im arabischen Kulturkreis wird von Populisten im Westen mit dem Feindbild &#8222;Islam&#8220; erwidert. Es folgt den gleichen Konstruktionsprinzipien.<\/p>\n<p>Feindbilder bedienen verbreitete Sehns\u00fcchte nach schlichter Welterkl\u00e4rung, die durch rigorose Unterscheidung von Gut (das immer f\u00fcr das Eigene steht) und B\u00f6se (das stets das Fremde verk\u00f6rpert) sowie darauf basierender Ausgrenzung und Schuldzuweisung zu gewinnen ist. Feindbilder, die eine solche Welt beschw\u00f6ren, lindern politische und soziale Frustrationen und heben das Selbstgef\u00fchl. &#8230; <a href=\"http:\/\/www.sueddeutsche.de\/politik\/837\/499119\/text\/\" target=\"_blank\">alles lesen<\/a><\/p><\/blockquote>\n","protected":false},"excerpt":{"rendered":"<p>Gestern, am Montag, den 4. Januar,\u00a0 habe ich in der S\u00fcddeutschen Zeitung auf Seite 2 den Beitrag von Wolfgang Benz &#8222;Was die Antisemiten des 19. Jahrhunderts und manche &#8222;Islamkritiker&#8220; des &hellip; <a href=\"https:\/\/www.schiebener.net\/wordpress\/gefunden-der-feind-in-der-wiege\/\" class=\"more-link\"><span class=\"screen-reader-text\">\u201eGefunden: Der Feind in der Wiege\u201c <\/span>weiterlesen<\/a><\/p>\n","protected":false},"author":3,"featured_media":0,"comment_status":"open","ping_status":"open","sticky":false,"template":"","format":"standard","meta":{"footnotes":""},"categories":[32,46,49],"tags":[362,1155,1156,1154],"class_list":["post-6239","post","type-post","status-publish","format-standard","hentry","category-medien","category-philosophie","category-religion","tag-antisemitismus","tag-islam","tag-islamkritik","tag-wolfgang-benz"],"_links":{"self":[{"href":"https:\/\/www.schiebener.net\/wordpress\/wp-json\/wp\/v2\/posts\/6239","targetHints":{"allow":["GET"]}}],"collection":[{"href":"https:\/\/www.schiebener.net\/wordpress\/wp-json\/wp\/v2\/posts"}],"about":[{"href":"https:\/\/www.schiebener.net\/wordpress\/wp-json\/wp\/v2\/types\/post"}],"author":[{"embeddable":true,"href":"https:\/\/www.schiebener.net\/wordpress\/wp-json\/wp\/v2\/users\/3"}],"replies":[{"embeddable":true,"href":"https:\/\/www.schiebener.net\/wordpress\/wp-json\/wp\/v2\/comments?post=6239"}],"version-history":[{"count":0,"href":"https:\/\/www.schiebener.net\/wordpress\/wp-json\/wp\/v2\/posts\/6239\/revisions"}],"wp:attachment":[{"href":"https:\/\/www.schiebener.net\/wordpress\/wp-json\/wp\/v2\/media?parent=6239"}],"wp:term":[{"taxonomy":"category","embeddable":true,"href":"https:\/\/www.schiebener.net\/wordpress\/wp-json\/wp\/v2\/categories?post=6239"},{"taxonomy":"post_tag","embeddable":true,"href":"https:\/\/www.schiebener.net\/wordpress\/wp-json\/wp\/v2\/tags?post=6239"}],"curies":[{"name":"wp","href":"https:\/\/api.w.org\/{rel}","templated":true}]}}