{"id":62336,"date":"2025-11-07T09:53:58","date_gmt":"2025-11-07T08:53:58","guid":{"rendered":"https:\/\/www.schiebener.net\/wordpress\/?p=62336"},"modified":"2025-11-07T09:53:58","modified_gmt":"2025-11-07T08:53:58","slug":"personalia-aus-dem-hochsauerland-wirtschaftsfoerderung-bekommt-neue-geschaeftsfuehrung","status":"publish","type":"post","link":"https:\/\/www.schiebener.net\/wordpress\/personalia-aus-dem-hochsauerland-wirtschaftsfoerderung-bekommt-neue-geschaeftsfuehrung\/","title":{"rendered":"Personalia aus dem Hochsauerland: Wirtschaftsf\u00f6rderung bekommt neue Gesch\u00e4ftsf\u00fchrung"},"content":{"rendered":"<div class=\"wp-block-image\">\n<figure class=\"aligncenter size-large\"><a href=\"https:\/\/www.schiebener.net\/wordpress\/wp-content\/uploads\/2025\/11\/20251107WFGHSK_Klein-scaled.jpg\" target=\"_blank\" rel=\" noreferrer noopener\"><img loading=\"lazy\" decoding=\"async\" width=\"1024\" height=\"681\" src=\"https:\/\/www.schiebener.net\/wordpress\/wp-content\/uploads\/2025\/11\/20251107WFGHSK_Klein-1024x681.jpg\" alt=\"\" class=\"wp-image-62337\" srcset=\"https:\/\/www.schiebener.net\/wordpress\/wp-content\/uploads\/2025\/11\/20251107WFGHSK_Klein-1024x681.jpg 1024w, https:\/\/www.schiebener.net\/wordpress\/wp-content\/uploads\/2025\/11\/20251107WFGHSK_Klein-300x200.jpg 300w, https:\/\/www.schiebener.net\/wordpress\/wp-content\/uploads\/2025\/11\/20251107WFGHSK_Klein-768x511.jpg 768w, https:\/\/www.schiebener.net\/wordpress\/wp-content\/uploads\/2025\/11\/20251107WFGHSK_Klein-1536x1022.jpg 1536w, https:\/\/www.schiebener.net\/wordpress\/wp-content\/uploads\/2025\/11\/20251107WFGHSK_Klein-2048x1363.jpg 2048w, https:\/\/www.schiebener.net\/wordpress\/wp-content\/uploads\/2025\/11\/20251107WFGHSK_Klein-1200x798.jpg 1200w\" sizes=\"auto, (max-width: 709px) 85vw, (max-width: 909px) 67vw, (max-width: 1362px) 62vw, 840px\" \/><\/a><figcaption class=\"wp-element-caption\">Oliver D\u00fclme (3.v.l.) und Manuel Sellmann (2.v.l.) bilden die neue Spitze der Wirtschaftsf\u00f6rderung des Hochsauerlandkreises und folgen auf Frank Linnekugel (links) und Peter Brandenburg (rechts). (Foto: HSK)<\/figcaption><\/figure>\n<\/div>\n\n\n<p><strong>Oliver D\u00fclme folgt als Gesch\u00e4ftsf\u00fchrer auf Frank Linnekugel und Kreisk\u00e4mmerer Manuel Sellmann \u00fcbernimmt die Aufgaben als Gesch\u00e4ftsf\u00fchrer von Peter Brandenburg bei der Wirtschaftsf\u00f6rderungsgesellschaft Hochsauerlandkreis (WFG). Diese Personalentscheidungen traf die Gesellschafterversammlung der WFG am 17. Oktober einstimmig. <\/strong><\/p>\n\n\n\n<p><em>(Pressemitteilung HSK)<\/em><\/p>\n\n\n\n<p>Der Wechsel an der Spitze der WFG wurde erforderlich, da Frank Linnekugel am 1. November 2025 das B\u00fcrgermeisteramt der Stadt Medebach angetreten hat.<br \/>Der 42-j\u00e4hrige Oliver D\u00fclme wurde im Oktober 2024 als Prokurist bei der WFG eingestellt und folgt nun mit seiner vorherigen Erfahrung als Wirtschaftsf\u00f6rderer und Gesch\u00e4ftsf\u00fchrer bei der Briloner Wirtschaft und Tourismus GmbH auf Linnekugel.<\/p>\n\n\n\n<!--more-->\n\n\n\n<p>Nach seinem Studium in Bayreuth zog es den Diplom-Geografen mit Schwerpunkt Wirtschaftsgeografie zur\u00fcck in seine Heimat Marsberg-Erlinghausen. Dort lebt er mit seiner Frau und zwei KindernDie Wirtschaftsf\u00f6rderungsgesellschaft des Hochsauerlandkreises legt ihren Schwerpunkt auf die Vernetzung der Wirtschaft im Hochsauerlandkreis. Weiterhin m\u00f6chte D\u00fclme erfolgreichen Projekte, wie z.B. Familienfreundliche Unternehmen im HSK, Heimvorteil sowie das Klimaschutz- und Energienetzwerk SIN_KEEN fortf\u00fchren. Ein weiterer Fokus liegt auf der Unterst\u00fctzung der heimischen Wirtschaft bei Transformation und Digitalisierung, etwa durch das Projekt Produktion. Digital.S\u00fcdwestfalen+ (PDS+) mit verschiedenen Angeboten z.B. im Bereich Cybersicherheit. Die Entwicklung neuer Gewerbe- und Industriegebiete bleibt ein weiterer Schwerpunkt der WFG. Der kontinuierliche Austausch mit Kommunen, Kammern, Verb\u00e4nden und weiteren regionalen Akteuren ist f\u00fcr D\u00fclme zentral, um gemeinsam auf neue Herausforderungen reagieren zu k\u00f6nnen.<\/p>\n","protected":false},"excerpt":{"rendered":"<p>Oliver D\u00fclme folgt als Gesch\u00e4ftsf\u00fchrer auf Frank Linnekugel und Kreisk\u00e4mmerer Manuel Sellmann \u00fcbernimmt die Aufgaben als Gesch\u00e4ftsf\u00fchrer von Peter Brandenburg bei der Wirtschaftsf\u00f6rderungsgesellschaft Hochsauerlandkreis (WFG). Diese Personalentscheidungen traf die Gesellschafterversammlung &hellip; <a href=\"https:\/\/www.schiebener.net\/wordpress\/personalia-aus-dem-hochsauerland-wirtschaftsfoerderung-bekommt-neue-geschaeftsfuehrung\/\" class=\"more-link\"><span class=\"screen-reader-text\">\u201ePersonalia aus dem Hochsauerland: Wirtschaftsf\u00f6rderung bekommt neue Gesch\u00e4ftsf\u00fchrung\u201c <\/span>weiterlesen<\/a><\/p>\n","protected":false},"author":17,"featured_media":0,"comment_status":"open","ping_status":"open","sticky":false,"template":"","format":"standard","meta":{"footnotes":""},"categories":[303,80,1043,1208],"tags":[835],"class_list":["post-62336","post","type-post","status-publish","format-standard","hentry","category-in-unserem-briefkasten","category-lokales","category-pressemitteilungen","category-wirtschaft","tag-hochsauerlandkreis"],"_links":{"self":[{"href":"https:\/\/www.schiebener.net\/wordpress\/wp-json\/wp\/v2\/posts\/62336","targetHints":{"allow":["GET"]}}],"collection":[{"href":"https:\/\/www.schiebener.net\/wordpress\/wp-json\/wp\/v2\/posts"}],"about":[{"href":"https:\/\/www.schiebener.net\/wordpress\/wp-json\/wp\/v2\/types\/post"}],"author":[{"embeddable":true,"href":"https:\/\/www.schiebener.net\/wordpress\/wp-json\/wp\/v2\/users\/17"}],"replies":[{"embeddable":true,"href":"https:\/\/www.schiebener.net\/wordpress\/wp-json\/wp\/v2\/comments?post=62336"}],"version-history":[{"count":0,"href":"https:\/\/www.schiebener.net\/wordpress\/wp-json\/wp\/v2\/posts\/62336\/revisions"}],"wp:attachment":[{"href":"https:\/\/www.schiebener.net\/wordpress\/wp-json\/wp\/v2\/media?parent=62336"}],"wp:term":[{"taxonomy":"category","embeddable":true,"href":"https:\/\/www.schiebener.net\/wordpress\/wp-json\/wp\/v2\/categories?post=62336"},{"taxonomy":"post_tag","embeddable":true,"href":"https:\/\/www.schiebener.net\/wordpress\/wp-json\/wp\/v2\/tags?post=62336"}],"curies":[{"name":"wp","href":"https:\/\/api.w.org\/{rel}","templated":true}]}}