{"id":62211,"date":"2025-10-22T19:46:50","date_gmt":"2025-10-22T17:46:50","guid":{"rendered":"https:\/\/www.schiebener.net\/wordpress\/?p=62211"},"modified":"2025-10-22T19:46:50","modified_gmt":"2025-10-22T17:46:50","slug":"an-tagen-wie-diesen","status":"publish","type":"post","link":"https:\/\/www.schiebener.net\/wordpress\/an-tagen-wie-diesen\/","title":{"rendered":"An Tagen wie diesen&#8230;"},"content":{"rendered":"\n<h3 class=\"wp-block-heading\">&#8230;<strong>gehe ich gern auf dem Kahlen Asten spazieren<\/strong><\/h3>\n\n\n<div class=\"wp-block-image\">\n<figure class=\"aligncenter size-large\"><a href=\"https:\/\/www.schiebener.net\/wordpress\/wp-content\/uploads\/2025\/10\/2025102201KahlerAstenBaum.jpg\" target=\"_blank\" rel=\" noreferrer noopener\"><img loading=\"lazy\" decoding=\"async\" width=\"746\" height=\"1024\" src=\"https:\/\/www.schiebener.net\/wordpress\/wp-content\/uploads\/2025\/10\/2025102201KahlerAstenBaum-746x1024.jpg\" alt=\"\" class=\"wp-image-62213\" srcset=\"https:\/\/www.schiebener.net\/wordpress\/wp-content\/uploads\/2025\/10\/2025102201KahlerAstenBaum-746x1024.jpg 746w, https:\/\/www.schiebener.net\/wordpress\/wp-content\/uploads\/2025\/10\/2025102201KahlerAstenBaum-218x300.jpg 218w, https:\/\/www.schiebener.net\/wordpress\/wp-content\/uploads\/2025\/10\/2025102201KahlerAstenBaum-768x1055.jpg 768w, https:\/\/www.schiebener.net\/wordpress\/wp-content\/uploads\/2025\/10\/2025102201KahlerAstenBaum-1118x1536.jpg 1118w, https:\/\/www.schiebener.net\/wordpress\/wp-content\/uploads\/2025\/10\/2025102201KahlerAstenBaum-1200x1648.jpg 1200w, https:\/\/www.schiebener.net\/wordpress\/wp-content\/uploads\/2025\/10\/2025102201KahlerAstenBaum.jpg 1491w\" sizes=\"auto, (max-width: 709px) 85vw, (max-width: 909px) 67vw, (max-width: 984px) 61vw, (max-width: 1362px) 45vw, 600px\" \/><\/a><figcaption class=\"wp-element-caption\">Kahle-Asten-Stimmung am 22. Oktober 2025 (fotos: zoom)<\/figcaption><\/figure>\n<\/div>\n\n\n<p><strong>Tr\u00fcbes Herbstwetter muss kein Grund f\u00fcr Depressionen sein. Bei Nebel und Tr\u00fcbsal zieht es mich h\u00e4ufig auf den Kahlen Asten.<br \/><\/strong><br \/>Wie ein Mantra schleicht sich jedesmal die erste Zeile eines Gedichts von Hermann Hesse in meine Synapsen. Es ist nicht zu verhindern. Seltsam im Nebel zu wandern!<\/p>\n\n\n\n<p><strong><em>Im Nebel<\/em><\/strong><br \/><em>Seltsam, im Nebel zu wandern!<br \/>Einsam ist jeder Busch und Stein,<br \/>Kein Baum sieht den andern,<br \/>Jeder ist allein.<\/em><br \/><em>&#8230;<\/em><\/p>\n\n\n\n<p>Hesse zu lesen war damals, lang ist es her, quasi Pflicht, Teil unserer Jugendkultur. Mindestens Siddhartha und den Steppenwolf. Das Glasperlenspiel habe ich ebenfalls geschafft. Wir haben B\u00fccher gefressen. Ich war eher ein Dostojewsky-Fan. Schuld und S\u00fchne, heute neu \u00fcbersetzt mit Verbrechen und Strafe. Die Zeit der Ironie und Satire begann, als mir die zehnb\u00e4ndige Tucholsky-Augabe in die H\u00e4nde fiel. Danke, liebe Stadtb\u00fccherei.<\/p>\n\n\n\n<p>Hesse ist eine Randnotiz geworden.<\/p>\n\n\n\n<p>Eigentlich wollte ich die B\u00e4ume zeigen. Der n\u00e4chste erinnert mich an einen raffgierigen, verbrecherischen und gro\u00dfm\u00e4uligen US-amerikanischen Politiker. Seht ihr es auch?<\/p>\n\n\n\n<p>Bei den unteren beiden habe ich noch keine deutlichen Assoziationen. <\/p>\n\n\n\n<p>Seltsam im Nebel zu wandern!<\/p>\n\n\n\n<figure class=\"wp-block-image size-large\"><img loading=\"lazy\" decoding=\"async\" width=\"729\" height=\"1024\" src=\"https:\/\/www.schiebener.net\/wordpress\/wp-content\/uploads\/2025\/10\/2025102204KahlerAstenBaum-729x1024.jpg\" alt=\"\" class=\"wp-image-62215\" srcset=\"https:\/\/www.schiebener.net\/wordpress\/wp-content\/uploads\/2025\/10\/2025102204KahlerAstenBaum-729x1024.jpg 729w, https:\/\/www.schiebener.net\/wordpress\/wp-content\/uploads\/2025\/10\/2025102204KahlerAstenBaum-213x300.jpg 213w, https:\/\/www.schiebener.net\/wordpress\/wp-content\/uploads\/2025\/10\/2025102204KahlerAstenBaum-768x1080.jpg 768w, https:\/\/www.schiebener.net\/wordpress\/wp-content\/uploads\/2025\/10\/2025102204KahlerAstenBaum-1093x1536.jpg 1093w, https:\/\/www.schiebener.net\/wordpress\/wp-content\/uploads\/2025\/10\/2025102204KahlerAstenBaum-1200x1687.jpg 1200w, https:\/\/www.schiebener.net\/wordpress\/wp-content\/uploads\/2025\/10\/2025102204KahlerAstenBaum.jpg 1457w\" sizes=\"auto, (max-width: 709px) 85vw, (max-width: 909px) 67vw, (max-width: 984px) 61vw, (max-width: 1362px) 45vw, 600px\" \/><\/figure>\n\n\n\n<figure class=\"wp-block-image size-large\"><img loading=\"lazy\" decoding=\"async\" width=\"882\" height=\"1024\" src=\"https:\/\/www.schiebener.net\/wordpress\/wp-content\/uploads\/2025\/10\/202510220qKahlerAstenBaum-882x1024.jpg\" alt=\"\" class=\"wp-image-62212\" srcset=\"https:\/\/www.schiebener.net\/wordpress\/wp-content\/uploads\/2025\/10\/202510220qKahlerAstenBaum-882x1024.jpg 882w, https:\/\/www.schiebener.net\/wordpress\/wp-content\/uploads\/2025\/10\/202510220qKahlerAstenBaum-258x300.jpg 258w, https:\/\/www.schiebener.net\/wordpress\/wp-content\/uploads\/2025\/10\/202510220qKahlerAstenBaum-768x892.jpg 768w, https:\/\/www.schiebener.net\/wordpress\/wp-content\/uploads\/2025\/10\/202510220qKahlerAstenBaum-1323x1536.jpg 1323w, https:\/\/www.schiebener.net\/wordpress\/wp-content\/uploads\/2025\/10\/202510220qKahlerAstenBaum-1200x1393.jpg 1200w, https:\/\/www.schiebener.net\/wordpress\/wp-content\/uploads\/2025\/10\/202510220qKahlerAstenBaum.jpg 1764w\" sizes=\"auto, (max-width: 709px) 85vw, (max-width: 909px) 67vw, (max-width: 1362px) 62vw, 840px\" \/><\/figure>\n\n\n\n<figure class=\"wp-block-image size-large\"><img loading=\"lazy\" decoding=\"async\" width=\"1024\" height=\"786\" src=\"https:\/\/www.schiebener.net\/wordpress\/wp-content\/uploads\/2025\/10\/2025102203KahlerAstenBaum-1024x786.jpg\" alt=\"\" class=\"wp-image-62214\" srcset=\"https:\/\/www.schiebener.net\/wordpress\/wp-content\/uploads\/2025\/10\/2025102203KahlerAstenBaum-1024x786.jpg 1024w, https:\/\/www.schiebener.net\/wordpress\/wp-content\/uploads\/2025\/10\/2025102203KahlerAstenBaum-300x230.jpg 300w, https:\/\/www.schiebener.net\/wordpress\/wp-content\/uploads\/2025\/10\/2025102203KahlerAstenBaum-768x590.jpg 768w, https:\/\/www.schiebener.net\/wordpress\/wp-content\/uploads\/2025\/10\/2025102203KahlerAstenBaum-1536x1179.jpg 1536w, https:\/\/www.schiebener.net\/wordpress\/wp-content\/uploads\/2025\/10\/2025102203KahlerAstenBaum-1200x921.jpg 1200w, https:\/\/www.schiebener.net\/wordpress\/wp-content\/uploads\/2025\/10\/2025102203KahlerAstenBaum.jpg 2048w\" sizes=\"auto, (max-width: 709px) 85vw, (max-width: 909px) 67vw, (max-width: 1362px) 62vw, 840px\" \/><\/figure>\n","protected":false},"excerpt":{"rendered":"<p>&#8230;gehe ich gern auf dem Kahlen Asten spazieren Tr\u00fcbes Herbstwetter muss kein Grund f\u00fcr Depressionen sein. Bei Nebel und Tr\u00fcbsal zieht es mich h\u00e4ufig auf den Kahlen Asten.Wie ein Mantra &hellip; <a href=\"https:\/\/www.schiebener.net\/wordpress\/an-tagen-wie-diesen\/\" class=\"more-link\"><span class=\"screen-reader-text\">\u201eAn Tagen wie diesen&#8230;\u201c <\/span>weiterlesen<\/a><\/p>\n","protected":false},"author":3,"featured_media":0,"comment_status":"open","ping_status":"open","sticky":false,"template":"","format":"standard","meta":{"footnotes":""},"categories":[218,174,2489,6,674,2241,549],"tags":[3818,1058,3546,2938],"class_list":["post-62211","post","type-post","status-publish","format-standard","hentry","category-bucher","category-dit-und-dat","category-in-eigener-sache","category-kalenderblatt","category-kultur","category-sprache","category-umwelt","tag-hermann-hesse","tag-kahler-asten","tag-nebel","tag-spaziergang"],"_links":{"self":[{"href":"https:\/\/www.schiebener.net\/wordpress\/wp-json\/wp\/v2\/posts\/62211","targetHints":{"allow":["GET"]}}],"collection":[{"href":"https:\/\/www.schiebener.net\/wordpress\/wp-json\/wp\/v2\/posts"}],"about":[{"href":"https:\/\/www.schiebener.net\/wordpress\/wp-json\/wp\/v2\/types\/post"}],"author":[{"embeddable":true,"href":"https:\/\/www.schiebener.net\/wordpress\/wp-json\/wp\/v2\/users\/3"}],"replies":[{"embeddable":true,"href":"https:\/\/www.schiebener.net\/wordpress\/wp-json\/wp\/v2\/comments?post=62211"}],"version-history":[{"count":0,"href":"https:\/\/www.schiebener.net\/wordpress\/wp-json\/wp\/v2\/posts\/62211\/revisions"}],"wp:attachment":[{"href":"https:\/\/www.schiebener.net\/wordpress\/wp-json\/wp\/v2\/media?parent=62211"}],"wp:term":[{"taxonomy":"category","embeddable":true,"href":"https:\/\/www.schiebener.net\/wordpress\/wp-json\/wp\/v2\/categories?post=62211"},{"taxonomy":"post_tag","embeddable":true,"href":"https:\/\/www.schiebener.net\/wordpress\/wp-json\/wp\/v2\/tags?post=62211"}],"curies":[{"name":"wp","href":"https:\/\/api.w.org\/{rel}","templated":true}]}}