{"id":61734,"date":"2025-08-21T21:22:28","date_gmt":"2025-08-21T19:22:28","guid":{"rendered":"https:\/\/www.schiebener.net\/wordpress\/?p=61734"},"modified":"2025-08-22T00:10:46","modified_gmt":"2025-08-21T22:10:46","slug":"bremen-gruenguertel-weserburg-und-lauschorte","status":"publish","type":"post","link":"https:\/\/www.schiebener.net\/wordpress\/bremen-gruenguertel-weserburg-und-lauschorte\/","title":{"rendered":"Bremen: Gr\u00fcng\u00fcrtel, Weserburg und Lauschorte"},"content":{"rendered":"\n<h3 class=\"wp-block-heading\">13 Tage unterwegs \u2013 was ist geblieben?<\/h3>\n\n\n<div class=\"wp-block-image\">\n<figure class=\"aligncenter size-large\"><a href=\"https:\/\/www.schiebener.net\/wordpress\/wp-content\/uploads\/2025\/08\/2025080502Bremen.jpg\" target=\"_blank\" rel=\" noreferrer noopener\"><img loading=\"lazy\" decoding=\"async\" width=\"1024\" height=\"768\" src=\"https:\/\/www.schiebener.net\/wordpress\/wp-content\/uploads\/2025\/08\/2025080502Bremen-1024x768.jpg\" alt=\"\" class=\"wp-image-61726\" srcset=\"https:\/\/www.schiebener.net\/wordpress\/wp-content\/uploads\/2025\/08\/2025080502Bremen-1024x768.jpg 1024w, https:\/\/www.schiebener.net\/wordpress\/wp-content\/uploads\/2025\/08\/2025080502Bremen-300x225.jpg 300w, https:\/\/www.schiebener.net\/wordpress\/wp-content\/uploads\/2025\/08\/2025080502Bremen-768x576.jpg 768w, https:\/\/www.schiebener.net\/wordpress\/wp-content\/uploads\/2025\/08\/2025080502Bremen-1536x1152.jpg 1536w, https:\/\/www.schiebener.net\/wordpress\/wp-content\/uploads\/2025\/08\/2025080502Bremen-1200x900.jpg 1200w, https:\/\/www.schiebener.net\/wordpress\/wp-content\/uploads\/2025\/08\/2025080502Bremen.jpg 2048w\" sizes=\"auto, (max-width: 709px) 85vw, (max-width: 909px) 67vw, (max-width: 1362px) 62vw, 840px\" \/><\/a><figcaption class=\"wp-element-caption\">Hashtag im Bremer Gr\u00fcng\u00fcrtel (foto: zoom)<\/figcaption><\/figure>\n<\/div>\n\n\n<p class=\"wp-block-paragraph\"><strong>Ich springe an den Beginn unserer kleinen Reise durch das n\u00f6rdliche Deutschland. Bremen hatte ich schon mehrmals mit dem Fahrrad besucht und hatte dann in der Jugendherberge an der Weser \u00fcbernachtet. Diesmal aus Gr\u00fcnden mit dem Auto, nicht optimal, aber es ging nicht anders.<\/strong><\/p>\n\n\n\n<p class=\"wp-block-paragraph\">Man kann sich auf dem Markt bei den Bremer Stadtmusikanten in einem schlechten Caf\u00e9 mit teurem Kaffee und schlechtem Kuchen aufhalten, w\u00e4hrend Sta\u00dfenmusiker*innnen von morgens bis abend unentwegt Bella Ciao fideln, fl\u00f6ten, schrammeln und aus dem Akkordeon quetschen. Allein der Dudelsackspieler bleibt beim Wild Rover.<\/p>\n\n\n\n<p class=\"wp-block-paragraph\">Bessser gefallen hat mir ein Spaziergang durch den Gr\u00fcng\u00fcrtel der Stadt. Entspannend, wenn man auf die vielen Radfahrer*innen, die sich oft unbemerkt von hinten n\u00e4hern, achtet.<\/p>\n\n\n<div class=\"wp-block-image\">\n<figure class=\"aligncenter size-large\"><a href=\"https:\/\/www.schiebener.net\/wordpress\/wp-content\/uploads\/2025\/08\/2025080501Bremen.jpg\" target=\"_blank\" rel=\" noreferrer noopener\"><img loading=\"lazy\" decoding=\"async\" width=\"1024\" height=\"768\" src=\"https:\/\/www.schiebener.net\/wordpress\/wp-content\/uploads\/2025\/08\/2025080501Bremen-1024x768.jpg\" alt=\"\" class=\"wp-image-61725\" srcset=\"https:\/\/www.schiebener.net\/wordpress\/wp-content\/uploads\/2025\/08\/2025080501Bremen-1024x768.jpg 1024w, https:\/\/www.schiebener.net\/wordpress\/wp-content\/uploads\/2025\/08\/2025080501Bremen-300x225.jpg 300w, https:\/\/www.schiebener.net\/wordpress\/wp-content\/uploads\/2025\/08\/2025080501Bremen-768x576.jpg 768w, https:\/\/www.schiebener.net\/wordpress\/wp-content\/uploads\/2025\/08\/2025080501Bremen-1536x1152.jpg 1536w, https:\/\/www.schiebener.net\/wordpress\/wp-content\/uploads\/2025\/08\/2025080501Bremen-1200x900.jpg 1200w, https:\/\/www.schiebener.net\/wordpress\/wp-content\/uploads\/2025\/08\/2025080501Bremen.jpg 2048w\" sizes=\"auto, (max-width: 709px) 85vw, (max-width: 909px) 67vw, (max-width: 1362px) 62vw, 840px\" \/><\/a><figcaption class=\"wp-element-caption\">Skulptur im Gr\u00fcng\u00fcrtel (foto: zoom)<\/figcaption><\/figure>\n<\/div>\n\n\n<p class=\"wp-block-paragraph\">Vor \u00fcber acht Jahren hatte ich eine Austellung im Museum Weserburg gesehen:<br \/><a href=\"https:\/\/www.schiebener.net\/wordpress\/bevor-ihr-denkt-dass-ich-mich-aus-dem-bloggen-verabschiedete\/\" target=\"_blank\" rel=\"noreferrer noopener\">https:\/\/www.schiebener.net\/wordpress\/bevor-ihr-denkt-dass-ich-mich-aus-dem-bloggen-verabschiedete\/<\/a><\/p>\n\n\n\n<p class=\"wp-block-paragraph\">Jetzt waren wir erneut in der Weserburg. Damals hatte ich geschrieben: &#8222;Mir hat sie sehr viel Spa\u00df(!) bereitet. Kunst muss unterhalten und zum Denken anregen.&#8220; Auch f\u00fcr den aktuellen Besuch kann der Satz so stehen bleiben.<\/p>\n\n\n\n<!--more-->\n\n\n\n<p class=\"wp-block-paragraph\">Denkt euch was, beim Bildnis des Dorian Gray von Norbert Schwontkowski (geb. 1949 in Blumenthal, gest, 2013 in Bremen). Weitere Erkl\u00e4rungen gibt es nicht.<\/p>\n\n\n<div class=\"wp-block-image\">\n<figure class=\"aligncenter size-large\"><a href=\"https:\/\/www.schiebener.net\/wordpress\/wp-content\/uploads\/2025\/08\/2025080503BremenWeserburg.jpg\" target=\"_blank\" rel=\" noreferrer noopener\"><img loading=\"lazy\" decoding=\"async\" width=\"910\" height=\"1024\" src=\"https:\/\/www.schiebener.net\/wordpress\/wp-content\/uploads\/2025\/08\/2025080503BremenWeserburg-910x1024.jpg\" alt=\"\" class=\"wp-image-61727\" srcset=\"https:\/\/www.schiebener.net\/wordpress\/wp-content\/uploads\/2025\/08\/2025080503BremenWeserburg-910x1024.jpg 910w, https:\/\/www.schiebener.net\/wordpress\/wp-content\/uploads\/2025\/08\/2025080503BremenWeserburg-266x300.jpg 266w, https:\/\/www.schiebener.net\/wordpress\/wp-content\/uploads\/2025\/08\/2025080503BremenWeserburg-768x865.jpg 768w, https:\/\/www.schiebener.net\/wordpress\/wp-content\/uploads\/2025\/08\/2025080503BremenWeserburg-1364x1536.jpg 1364w, https:\/\/www.schiebener.net\/wordpress\/wp-content\/uploads\/2025\/08\/2025080503BremenWeserburg-1200x1351.jpg 1200w, https:\/\/www.schiebener.net\/wordpress\/wp-content\/uploads\/2025\/08\/2025080503BremenWeserburg.jpg 1819w\" sizes=\"auto, (max-width: 709px) 85vw, (max-width: 909px) 67vw, (max-width: 1362px) 62vw, 840px\" \/><\/a><figcaption class=\"wp-element-caption\">Das Bildnis des Dorian Gray (foto: zoom)<\/figcaption><\/figure>\n<\/div>\n\n\n<p class=\"wp-block-paragraph\">Dorian Gray, 2011, \u00d6l auf Leinwand, Familiensammlung Pitrowski-R\u00f6nitz. Mehr war nicht zu erfahren.<\/p>\n\n\n\n<p class=\"wp-block-paragraph\">Die kleine Skulptur &#8222;Hansi goes down&#8220; (2009) von Via Lewandowsky hat mich ein wenig verwirrt. Ist der kopf\u00fcber gest\u00fcrzte Wellensittich lustig oder tragisch anzuschauen?<\/p>\n\n\n<div class=\"wp-block-image\">\n<figure class=\"aligncenter size-large\"><a href=\"https:\/\/www.schiebener.net\/wordpress\/wp-content\/uploads\/2025\/08\/2025080504BremenWeserburg.jpg\" target=\"_blank\" rel=\" noreferrer noopener\"><img loading=\"lazy\" decoding=\"async\" width=\"768\" height=\"1024\" src=\"https:\/\/www.schiebener.net\/wordpress\/wp-content\/uploads\/2025\/08\/2025080504BremenWeserburg-768x1024.jpg\" alt=\"\" class=\"wp-image-61728\" srcset=\"https:\/\/www.schiebener.net\/wordpress\/wp-content\/uploads\/2025\/08\/2025080504BremenWeserburg-768x1024.jpg 768w, https:\/\/www.schiebener.net\/wordpress\/wp-content\/uploads\/2025\/08\/2025080504BremenWeserburg-225x300.jpg 225w, https:\/\/www.schiebener.net\/wordpress\/wp-content\/uploads\/2025\/08\/2025080504BremenWeserburg-1152x1536.jpg 1152w, https:\/\/www.schiebener.net\/wordpress\/wp-content\/uploads\/2025\/08\/2025080504BremenWeserburg-1200x1600.jpg 1200w, https:\/\/www.schiebener.net\/wordpress\/wp-content\/uploads\/2025\/08\/2025080504BremenWeserburg.jpg 1536w\" sizes=\"auto, (max-width: 709px) 85vw, (max-width: 909px) 67vw, (max-width: 984px) 61vw, (max-width: 1362px) 45vw, 600px\" \/><\/a><figcaption class=\"wp-element-caption\">Verst\u00f6rend: Hansi goes down (foto: zoom)<\/figcaption><\/figure>\n<\/div>\n\n\n<p class=\"wp-block-paragraph\">Die Erkl\u00e4rungen auf der Tafel nebenan: &#8222;Via Lewandowsky ist f\u00fcr seine Skulpturen und installativen Arbeiten bekannt, die einen Hauch von Absurdit\u00e4t und Paradoxie in sich tragen. Dabei bedient er sich h\u00e4ufig [der] Symbole des deutschen Spie\u00dfb\u00fcrgertums wie zum Beispiel des Wellensittichs&#8230;&#8220;<\/p>\n\n\n\n<p class=\"wp-block-paragraph\"><\/p>\n\n\n\n<p class=\"wp-block-paragraph\">Eine weitere Teilausstellung junger K\u00fcnstler*innen war eher von Pessimismus gepr\u00e4gt. Der Satz PLEASE GOD MAKE TOMORROW BETTER fasst unseren Eindruck ganz gut zusammen. Mehr als den unteren Satz an der Wand habe ich von dort allerdings nicht mitgenommen.<\/p>\n\n\n<div class=\"wp-block-image\">\n<figure class=\"aligncenter size-large\"><a href=\"https:\/\/www.schiebener.net\/wordpress\/wp-content\/uploads\/2025\/08\/2025080505BremenWeserbeurg.jpg\" target=\"_blank\" rel=\" noreferrer noopener\"><img loading=\"lazy\" decoding=\"async\" width=\"1024\" height=\"769\" src=\"https:\/\/www.schiebener.net\/wordpress\/wp-content\/uploads\/2025\/08\/2025080505BremenWeserbeurg-1024x769.jpg\" alt=\"\" class=\"wp-image-61729\" srcset=\"https:\/\/www.schiebener.net\/wordpress\/wp-content\/uploads\/2025\/08\/2025080505BremenWeserbeurg-1024x769.jpg 1024w, https:\/\/www.schiebener.net\/wordpress\/wp-content\/uploads\/2025\/08\/2025080505BremenWeserbeurg-300x225.jpg 300w, https:\/\/www.schiebener.net\/wordpress\/wp-content\/uploads\/2025\/08\/2025080505BremenWeserbeurg-768x577.jpg 768w, https:\/\/www.schiebener.net\/wordpress\/wp-content\/uploads\/2025\/08\/2025080505BremenWeserbeurg-1536x1154.jpg 1536w, https:\/\/www.schiebener.net\/wordpress\/wp-content\/uploads\/2025\/08\/2025080505BremenWeserbeurg-1200x901.jpg 1200w, https:\/\/www.schiebener.net\/wordpress\/wp-content\/uploads\/2025\/08\/2025080505BremenWeserbeurg.jpg 2048w\" sizes=\"auto, (max-width: 709px) 85vw, (max-width: 909px) 67vw, (max-width: 1362px) 62vw, 840px\" \/><\/a><figcaption class=\"wp-element-caption\">Das politische Lebensgef\u00fchl junger K\u00fcnstler*innen:&#8220;Please God make tomorrow better&#8220; (foto: zoom)<\/figcaption><\/figure>\n<\/div>\n\n\n<p class=\"wp-block-paragraph\">Erst dachte ich, die Grafik BOSS* h\u00e4tte etwas mit einer bekannten Modemarke zu tun. Vielleicht indirekt, aber es geht um die Zuspitzung der geschlechtergerechten Sprache. Gestaltet worden ist dieses Austellungsst\u00fcck von der 1971 in L\u00fcbeck geborenen, heute in Bremen lebenden K\u00fcnstlerin Claudia Christoffel.<\/p>\n\n\n<div class=\"wp-block-image\">\n<figure class=\"aligncenter size-large\"><a href=\"https:\/\/www.schiebener.net\/wordpress\/wp-content\/uploads\/2025\/08\/2025080506BremenWeserburg.jpg\" target=\"_blank\" rel=\" noreferrer noopener\"><img loading=\"lazy\" decoding=\"async\" width=\"768\" height=\"1024\" src=\"https:\/\/www.schiebener.net\/wordpress\/wp-content\/uploads\/2025\/08\/2025080506BremenWeserburg-768x1024.jpg\" alt=\"\" class=\"wp-image-61730\" srcset=\"https:\/\/www.schiebener.net\/wordpress\/wp-content\/uploads\/2025\/08\/2025080506BremenWeserburg-768x1024.jpg 768w, https:\/\/www.schiebener.net\/wordpress\/wp-content\/uploads\/2025\/08\/2025080506BremenWeserburg-225x300.jpg 225w, https:\/\/www.schiebener.net\/wordpress\/wp-content\/uploads\/2025\/08\/2025080506BremenWeserburg-1152x1536.jpg 1152w, https:\/\/www.schiebener.net\/wordpress\/wp-content\/uploads\/2025\/08\/2025080506BremenWeserburg-1200x1600.jpg 1200w, https:\/\/www.schiebener.net\/wordpress\/wp-content\/uploads\/2025\/08\/2025080506BremenWeserburg.jpg 1536w\" sizes=\"auto, (max-width: 709px) 85vw, (max-width: 909px) 67vw, (max-width: 984px) 61vw, (max-width: 1362px) 45vw, 600px\" \/><\/a><figcaption class=\"wp-element-caption\">Ultimativ gendergerecht: BOSS* (foto: zoom)<\/figcaption><\/figure>\n<\/div>\n\n\n<p class=\"wp-block-paragraph\">Auf der Erkl\u00e4rtafel ist zu lesen: &#8222;Christoffel nimmt sich mit &#8222;Boss&#8220; eine patriarchalisch gepr\u00e4gte Bezeichnung und \u00f6ffnet sie mit dem Gendersternchen f\u00fcr alle Geschlechter &#8211; auf grammatikalischer und gesellschaftlicher Ebene.&#8220;<\/p>\n\n\n\n<p class=\"wp-block-paragraph\">Vor dem Museum und in der Stadt &#8211; hingen viele Regenbogenfahnen. Das passste irgendwie zum gegenderten BOSS* im Museum.<\/p>\n\n\n<div class=\"wp-block-image\">\n<figure class=\"aligncenter size-large\"><a href=\"https:\/\/www.schiebener.net\/wordpress\/wp-content\/uploads\/2025\/08\/2025080301BremenPride.jpg\" target=\"_blank\" rel=\" noreferrer noopener\"><img loading=\"lazy\" decoding=\"async\" width=\"768\" height=\"1024\" src=\"https:\/\/www.schiebener.net\/wordpress\/wp-content\/uploads\/2025\/08\/2025080301BremenPride-768x1024.jpg\" alt=\"\" class=\"wp-image-61724\" srcset=\"https:\/\/www.schiebener.net\/wordpress\/wp-content\/uploads\/2025\/08\/2025080301BremenPride-768x1024.jpg 768w, https:\/\/www.schiebener.net\/wordpress\/wp-content\/uploads\/2025\/08\/2025080301BremenPride-225x300.jpg 225w, https:\/\/www.schiebener.net\/wordpress\/wp-content\/uploads\/2025\/08\/2025080301BremenPride-1152x1536.jpg 1152w, https:\/\/www.schiebener.net\/wordpress\/wp-content\/uploads\/2025\/08\/2025080301BremenPride-1200x1600.jpg 1200w, https:\/\/www.schiebener.net\/wordpress\/wp-content\/uploads\/2025\/08\/2025080301BremenPride.jpg 1536w\" sizes=\"auto, (max-width: 709px) 85vw, (max-width: 909px) 67vw, (max-width: 984px) 61vw, (max-width: 1362px) 45vw, 600px\" \/><\/a><figcaption class=\"wp-element-caption\">Schaufenster-Dekoration: die <a href=\"https:\/\/de.wikipedia.org\/wiki\/Regenbogenfahne#\/media\/Datei:Intersex-inclusive_pride_flag.svg\" target=\"_blank\" rel=\"noreferrer noopener\">Intersex-inklusive Pride-Flagge von Valentino Vecchietti<\/a>. (foto: zoom)<\/figcaption><\/figure>\n<\/div>\n\n\n<p class=\"wp-block-paragraph\">Und wenn wir schon beim Thema Regenbogenfahne sind, gab es eine weiteren Raum im Museum Weserburg, in dem ein ca. 80 cm hoher Stapel von DIN-A-4-Kopien sorgf\u00e4ltig aufgeschichtet vom Boden aufragte. Daneben die Aufforderung sich doch bitte zu bedienen. Das Kunstwerk war also zum Abbau vorgesehen.<\/p>\n\n\n\n<p class=\"wp-block-paragraph\">Jede kopierte Seite trug den gleichen Text, der mit &#8222;I want a dyke for president&#8220; (dt. Ich m\u00f6chte eine Lesbe als Pr\u00e4sidentin) beginnt.<\/p>\n\n\n<div class=\"wp-block-image\">\n<figure class=\"aligncenter size-large\"><a href=\"https:\/\/www.schiebener.net\/wordpress\/wp-content\/uploads\/2025\/08\/2025080509BremenWeserburg.jpg\" target=\"_blank\" rel=\" noreferrer noopener\"><img loading=\"lazy\" decoding=\"async\" width=\"725\" height=\"1024\" src=\"https:\/\/www.schiebener.net\/wordpress\/wp-content\/uploads\/2025\/08\/2025080509BremenWeserburg-725x1024.jpg\" alt=\"\" class=\"wp-image-61733\" srcset=\"https:\/\/www.schiebener.net\/wordpress\/wp-content\/uploads\/2025\/08\/2025080509BremenWeserburg-725x1024.jpg 725w, https:\/\/www.schiebener.net\/wordpress\/wp-content\/uploads\/2025\/08\/2025080509BremenWeserburg-212x300.jpg 212w, https:\/\/www.schiebener.net\/wordpress\/wp-content\/uploads\/2025\/08\/2025080509BremenWeserburg-768x1085.jpg 768w, https:\/\/www.schiebener.net\/wordpress\/wp-content\/uploads\/2025\/08\/2025080509BremenWeserburg.jpg 794w\" sizes=\"auto, (max-width: 709px) 85vw, (max-width: 909px) 67vw, (max-width: 984px) 61vw, (max-width: 1362px) 45vw, 600px\" \/><\/a><figcaption class=\"wp-element-caption\">&#8222;I want a dyke for President&#8220;. Hoch gestapelte DIN-A-4-Kopien waren im Ausstellungsraum platziert: &#8222;Zum Mitnehmen&#8220; (foto: zoom)<\/figcaption><\/figure>\n<\/div>\n\n\n<p class=\"wp-block-paragraph\">Den Text d\u00fcrft ihr euch selber \u00fcbersetzen. Die Geschichte dahinter lautet folgenderma\u00dfen: <\/p>\n\n\n\n<p class=\"wp-block-paragraph\">\u201eIch m\u00f6chte einen Pr\u00e4sidenten\u201c ist ein Gedicht, das die K\u00fcnstlerin Zoe Leonard 1992 geschrieben hat.<\/p>\n\n\n\n<p class=\"wp-block-paragraph\">Zoe Leonard ist eine in New York City lebende K\u00fcnstlerin, Feministin und Aktivistin. Au\u00dferhalb von \u201eI want a president\u201c arbeitet Leonard haupts\u00e4chlich mit Fotografie und Skulpturen, die oft speziell f\u00fcr den jeweiligen Installationsort entworfen werden. Ein Gro\u00dfteil ihrer Arbeit ist von der AIDS-Epidemie der 1980er und 1990er Jahre und der damit verbundenen Politik beeinflusst oder eine Reaktion darauf.<\/p>\n\n\n\n<p class=\"wp-block-paragraph\">\u201eI want a president\u201c wurde durch die Ank\u00fcndigung von Leonards Freundin Eileen Myles inspiriert, einer Dichterin und Aktivistin, die bekannt gab, dass sie als \u201eoffen weibliche\u201c Kandidatin f\u00fcr die Pr\u00e4sidentschaftswahlen 1992 in den Vereinigten Staaten kandidieren w\u00fcrde. Myles kandidierte als Unabh\u00e4ngige gegen George H. W. Bush, Bill Clinton und Ross Perot. Myles&#8216; Identit\u00e4t stand im Gegensatz zu ihren wohlhabenden m\u00e4nnlichen Gegnern; sie identifizierte sich damals als homosexuelle Frau und stammte aus einer Gemeinschaft, die sowohl von Armut als auch von AIDS direkt betroffen war.<\/p>\n\n\n\n<p class=\"wp-block-paragraph\">Das Gedicht sollte urspr\u00fcnglich in einem LGBT-Magazin ver\u00f6ffentlicht werden, das jedoch sp\u00e4ter eingestellt wurde. Stattdessen wurde das Dokument fotokopiert und verteilt. Vice beschrieb es als \u201eso etwas wie ein Meme aus der Zeit vor dem Internet \u2013 etwas, das geteilt, kopiert und neu interpretiert wurde, lange bevor die meisten Amerikaner zu Hause \u00fcber einen Internetanschluss verf\u00fcgten\u201c.<\/p>\n\n\n\n<p class=\"wp-block-paragraph\">Quelle: <a href=\"https:\/\/en.wikipedia.org\/wiki\/I_want_a_president\" target=\"_blank\" rel=\"noreferrer noopener\">https:\/\/en.wikipedia.org\/wiki\/I_want_a_president<\/a> (\u00dcbersetzt mit deepl.com)<\/p>\n\n\n\n<p class=\"wp-block-paragraph\">Genug des Museums.<\/p>\n\n\n\n<p class=\"wp-block-paragraph\">Beim Spaziergang entlang der Weser kamen wir an einen der vielen Bremer Lauschorte: <a href=\"https:\/\/lauschorte.de\/\" target=\"_blank\" rel=\"noreferrer noopener\">https:\/\/lauschorte.de\/<\/a> <\/p>\n\n\n\n<p class=\"wp-block-paragraph\">Am <strong>Mahnmal zur Erinnerung an den NS-Raub an J\u00fcdinnen und Juden<\/strong> haben wir uns auf die Bank gesetzt und per QR-Code den Podcast angeh\u00f6rt.<\/p>\n\n\n\n<p class=\"wp-block-paragraph\"><a href=\"https:\/\/lauschorte.de\/mahnmal-zur-erinnerung-an-den-ns-raub-anjuedinnen-und-juden\/\">https:\/\/lauschorte.de\/mahnmal-zur-erinnerung-an-den-ns-raub-anjuedinnen-und-juden\/<\/a><\/p>\n\n\n\n<p class=\"wp-block-paragraph\">&#8222;Am 10. November 1938, in der Pogromnacht, h\u00f6rte die Familie Zwienicki den L\u00e4rm der sogenannten \u201eRollkommandos\u201c vor dem Haus in der Bremer Neustadt. Es war 04 Uhr 10, als drei SA-M\u00e4nner bei den Zwienickis an der Ecke Gro\u00dfe Sortilienstra\u00dfe\/Hohentorstra\u00dfe klingelten. Benno, der Sohn, gerade 20 Jahre alt geworden, \u00f6ffnete die T\u00fcr. Zwei M\u00e4nner liefen in die oberen Zimmer, Benno musste mit dem anderen SA-Mann an der T\u00fcr warten. Dann vernahm er von oben Schreie seiner Mutter, danach ein Ger\u00e4usch, als sei jemand zu Boden gefallen. Kurze Zeit sp\u00e4ter hielt Benno seine Mutter im Arm, einer der M\u00e4nner hatte ihr ins Herz geschossen, vermutlich aus Wut, dass sie das Versteck ihres Ehemanns nicht preisgeben wollte.<\/p>\n\n\n\n<p class=\"wp-block-paragraph\">Der Regierende B\u00fcrgermeister von Bremen hatte Stunden zuvor den Befehl gegeben, Synagogen in Brand zu stecken, j\u00fcdische Gesch\u00e4fte zerst\u00f6ren zu lassen und Wertsachen zu beschlagnahmen. Und so stand auch der aus der Ukraine stammende Fahrradh\u00e4ndler Joseph Zwienicki auf der Liste der Rollkommandos, doch er konnte \u00fcber die D\u00e4cher fliehen&#8230;&#8220;<\/p>\n\n\n<div class=\"wp-block-image\">\n<figure class=\"aligncenter size-large\"><a href=\"https:\/\/www.schiebener.net\/wordpress\/wp-content\/uploads\/2025\/08\/2025080507BremenNSRaub.jpg\" target=\"_blank\" rel=\" noreferrer noopener\"><img loading=\"lazy\" decoding=\"async\" width=\"1024\" height=\"877\" src=\"https:\/\/www.schiebener.net\/wordpress\/wp-content\/uploads\/2025\/08\/2025080507BremenNSRaub-1024x877.jpg\" alt=\"\" class=\"wp-image-61731\" srcset=\"https:\/\/www.schiebener.net\/wordpress\/wp-content\/uploads\/2025\/08\/2025080507BremenNSRaub-1024x877.jpg 1024w, https:\/\/www.schiebener.net\/wordpress\/wp-content\/uploads\/2025\/08\/2025080507BremenNSRaub-300x257.jpg 300w, https:\/\/www.schiebener.net\/wordpress\/wp-content\/uploads\/2025\/08\/2025080507BremenNSRaub-768x657.jpg 768w, https:\/\/www.schiebener.net\/wordpress\/wp-content\/uploads\/2025\/08\/2025080507BremenNSRaub-1536x1315.jpg 1536w, https:\/\/www.schiebener.net\/wordpress\/wp-content\/uploads\/2025\/08\/2025080507BremenNSRaub-1200x1027.jpg 1200w, https:\/\/www.schiebener.net\/wordpress\/wp-content\/uploads\/2025\/08\/2025080507BremenNSRaub.jpg 2048w\" sizes=\"auto, (max-width: 709px) 85vw, (max-width: 909px) 67vw, (max-width: 1362px) 62vw, 840px\" \/><\/a><figcaption class=\"wp-element-caption\">Auf der Bank sitzen und einige Minuten zuh\u00f6ren. Lauschort am Ufer der Weser: Mahnmal zur Erinnerung an den NS-Raub an J\u00fcdinnen und Juden (foto: zoom)<\/figcaption><\/figure>\n<\/div>\n\n\n<p class=\"wp-block-paragraph\">Beim Abtransport der geraubten G\u00fcter war das Logistikunternehmen K\u00fchne + Nagel gern behilflich und wurde dabei reich und verm\u00f6gend. <\/p>\n\n\n\n<p class=\"wp-block-paragraph\">&#8222;Bei der sogenannten &#8218;MAktion&#8216; (\u201eM\u201c f\u00fcr M\u00f6bel), dem Transport des Hausrats aus \u00fcber 70.000 j\u00fcdischen Wohnungen aus den besetzten Westgebieten, hat die Firma geholfen, das Raubgut mit G\u00fcterz\u00fcgen und Frachtschiffen im Reich zu verteilen.&#8220;<\/p>\n\n\n\n<p class=\"wp-block-paragraph\">Die Firma weigert sich bis heute ihre NS-Geschichte aufzuarbeiten. Ihr Stammsitz ist in Bremen.<\/p>\n\n\n\n<p class=\"wp-block-paragraph\">H\u00f6rt euch einfach den Podcast an oder lest das Transkript <a href=\"https:\/\/lauschorte.de\/mahnmal-zur-erinnerung-an-den-ns-raub-anjuedinnen-und-juden\/\">auf derselben Seite<\/a>.<\/p>\n\n\n\n<p class=\"wp-block-paragraph\">Abends sa\u00dfen wir entspannt bei teurem Bier (6,90 Euro) auf Holzb\u00e4nken, schauten auf die Weser und lie\u00dfen den Tag ausklingen.<\/p>\n\n\n<div class=\"wp-block-image\">\n<figure class=\"aligncenter size-large\"><a href=\"https:\/\/www.schiebener.net\/wordpress\/wp-content\/uploads\/2025\/08\/2025080508BremenWeser.jpg\" target=\"_blank\" rel=\" noreferrer noopener\"><img loading=\"lazy\" decoding=\"async\" width=\"1024\" height=\"768\" src=\"https:\/\/www.schiebener.net\/wordpress\/wp-content\/uploads\/2025\/08\/2025080508BremenWeser-1024x768.jpg\" alt=\"\" class=\"wp-image-61732\" srcset=\"https:\/\/www.schiebener.net\/wordpress\/wp-content\/uploads\/2025\/08\/2025080508BremenWeser-1024x768.jpg 1024w, https:\/\/www.schiebener.net\/wordpress\/wp-content\/uploads\/2025\/08\/2025080508BremenWeser-300x225.jpg 300w, https:\/\/www.schiebener.net\/wordpress\/wp-content\/uploads\/2025\/08\/2025080508BremenWeser-768x576.jpg 768w, https:\/\/www.schiebener.net\/wordpress\/wp-content\/uploads\/2025\/08\/2025080508BremenWeser-1536x1152.jpg 1536w, https:\/\/www.schiebener.net\/wordpress\/wp-content\/uploads\/2025\/08\/2025080508BremenWeser-1200x900.jpg 1200w, https:\/\/www.schiebener.net\/wordpress\/wp-content\/uploads\/2025\/08\/2025080508BremenWeser.jpg 2048w\" sizes=\"auto, (max-width: 709px) 85vw, (max-width: 909px) 67vw, (max-width: 1362px) 62vw, 840px\" \/><\/a><figcaption class=\"wp-element-caption\">Abends beim teuren Bier mit Pommes an der Weser (foto: zoom)<\/figcaption><\/figure>\n<\/div>","protected":false},"excerpt":{"rendered":"<p>13 Tage unterwegs \u2013 was ist geblieben? Ich springe an den Beginn unserer kleinen Reise durch das n\u00f6rdliche Deutschland. Bremen hatte ich schon mehrmals mit dem Fahrrad besucht und hatte &hellip; <a href=\"https:\/\/www.schiebener.net\/wordpress\/bremen-gruenguertel-weserburg-und-lauschorte\/\" class=\"more-link\"><span class=\"screen-reader-text\">\u201eBremen: Gr\u00fcng\u00fcrtel, Weserburg und Lauschorte\u201c <\/span>weiterlesen<\/a><\/p>\n","protected":false},"author":3,"featured_media":0,"comment_status":"open","ping_status":"open","sticky":false,"template":"","format":"standard","meta":{"footnotes":""},"categories":[1732,319,2489,674,854,2729,173],"tags":[2671,4880,9369,6663,3004,6894],"class_list":["post-61734","post","type-post","status-publish","format-standard","hentry","category-freizeit","category-geschichte","category-in-eigener-sache","category-kultur","category-kunst","category-reisen","category-usa","tag-bremen","tag-gendergerechte-sprache","tag-regenbogenfahne","tag-vielfalt","tag-weser","tag-weserburg"],"_links":{"self":[{"href":"https:\/\/www.schiebener.net\/wordpress\/wp-json\/wp\/v2\/posts\/61734","targetHints":{"allow":["GET"]}}],"collection":[{"href":"https:\/\/www.schiebener.net\/wordpress\/wp-json\/wp\/v2\/posts"}],"about":[{"href":"https:\/\/www.schiebener.net\/wordpress\/wp-json\/wp\/v2\/types\/post"}],"author":[{"embeddable":true,"href":"https:\/\/www.schiebener.net\/wordpress\/wp-json\/wp\/v2\/users\/3"}],"replies":[{"embeddable":true,"href":"https:\/\/www.schiebener.net\/wordpress\/wp-json\/wp\/v2\/comments?post=61734"}],"version-history":[{"count":0,"href":"https:\/\/www.schiebener.net\/wordpress\/wp-json\/wp\/v2\/posts\/61734\/revisions"}],"wp:attachment":[{"href":"https:\/\/www.schiebener.net\/wordpress\/wp-json\/wp\/v2\/media?parent=61734"}],"wp:term":[{"taxonomy":"category","embeddable":true,"href":"https:\/\/www.schiebener.net\/wordpress\/wp-json\/wp\/v2\/categories?post=61734"},{"taxonomy":"post_tag","embeddable":true,"href":"https:\/\/www.schiebener.net\/wordpress\/wp-json\/wp\/v2\/tags?post=61734"}],"curies":[{"name":"wp","href":"https:\/\/api.w.org\/{rel}","templated":true}]}}