{"id":61644,"date":"2025-07-30T10:58:34","date_gmt":"2025-07-30T08:58:34","guid":{"rendered":"https:\/\/www.schiebener.net\/wordpress\/?p=61644"},"modified":"2025-09-01T22:01:40","modified_gmt":"2025-09-01T20:01:40","slug":"einladung-zur-vortragsveranstaltung-co2-reduktion-im-privathaushalt","status":"publish","type":"post","link":"https:\/\/www.schiebener.net\/wordpress\/einladung-zur-vortragsveranstaltung-co2-reduktion-im-privathaushalt\/","title":{"rendered":"Einladung zur Vortragsveranstaltung: CO2-Reduktion im Privathaushalt"},"content":{"rendered":"\n<h2 class=\"wp-block-heading\">Montag, 01. September 2025, um 19.00 Uhr im Rathaus Winterberg <\/h2>\n\n\n<div class=\"wp-block-image\">\n<figure class=\"aligncenter size-large\"><a href=\"https:\/\/www.schiebener.net\/wordpress\/wp-content\/uploads\/2024\/09\/2024082701WinterbergWaermepumpe.jpg\" target=\"_blank\" rel=\" noreferrer noopener\"><img loading=\"lazy\" decoding=\"async\" width=\"768\" height=\"1024\" src=\"https:\/\/www.schiebener.net\/wordpress\/wp-content\/uploads\/2024\/09\/2024082701WinterbergWaermepumpe-768x1024.jpg\" alt=\"\" class=\"wp-image-59151\" srcset=\"https:\/\/www.schiebener.net\/wordpress\/wp-content\/uploads\/2024\/09\/2024082701WinterbergWaermepumpe-768x1024.jpg 768w, https:\/\/www.schiebener.net\/wordpress\/wp-content\/uploads\/2024\/09\/2024082701WinterbergWaermepumpe-225x300.jpg 225w, https:\/\/www.schiebener.net\/wordpress\/wp-content\/uploads\/2024\/09\/2024082701WinterbergWaermepumpe-1152x1536.jpg 1152w, https:\/\/www.schiebener.net\/wordpress\/wp-content\/uploads\/2024\/09\/2024082701WinterbergWaermepumpe-1200x1600.jpg 1200w, https:\/\/www.schiebener.net\/wordpress\/wp-content\/uploads\/2024\/09\/2024082701WinterbergWaermepumpe.jpg 1536w\" sizes=\"auto, (max-width: 709px) 85vw, (max-width: 909px) 67vw, (max-width: 984px) 61vw, (max-width: 1362px) 45vw, 600px\" \/><\/a><figcaption class=\"wp-element-caption\">Symbolbild: Besonders an Neubauten sieht man auch in Winterberg immer mehr W\u00e4rmepumpen. (archivfoto: zoom)<\/figcaption><\/figure>\n<\/div>\n\n\n<p><strong>Wie k\u00f6nnen wir effektiv CO2 im Alltag zu Hause reduzieren? Professor Dr. Matthias Tacke aus Winterberg-Niedersfeld erl\u00e4utert in seinem Vortrag die chemischen Hintergr\u00fcnde von CO2-Emissionen im Privathaushalt und zeigt praxisnahe Strategien zur Verringerung des eigenen \u00f6kologischen Fu\u00dfabdrucks. <\/strong><\/p>\n\n\n\n<p><em>(Pressemitteilung Seniorenbeirat &amp; <\/em><em>Initiative \u201eWinterberger KlimaZukunft\u201c<\/em>)<\/p>\n\n\n\n<p>Dabei spricht Dr. Matthias Tacke bewusst alle Interessierten an \u2013 auch diejenigen ohne wissenschaftliches Hintergrundwissen. <\/p>\n\n\n\n<p>In einfachen und verst\u00e4ndlichen Worten erkl\u00e4rt er die neuesten wissenschaftlichen Erkenntnisse, benennt die damit verbundenen Kosten und motiviert die Zuh\u00f6rerinnen und Zuh\u00f6rer, selbst aktiv zu werden und einen Beitrag zum Klimaschutz zu leisten.<\/p>\n\n\n\n<p>Die Veranstaltung richtet sich an alle, die wissenschaftlich fundierte und zugleich leicht nachvollziehbare L\u00f6sungen suchen, um den Klimaschutz im eigenen Haushalt voranzubringen und gleichzeitig Kostenfallen und Preisschwankungen vermeiden wollen. <\/p>\n\n\n\n<p>Kommen Sie zu dieser Info-Veranstaltung und erfahren Sie, wie Sie mit innovativem Wissen ganz konkret zur CO2-Reduktion beitragen k\u00f6nnen.<\/p>\n\n\n\n<p><em><strong>Datum: Montag, 01. September 2025, um 19.00 Uhr \u00a0<br \/>Wo: Rathaus Winterberg &#8211; Ratssaal <br \/>Veranstalter: Seniorenbeirat mit der Initiative &#8222;Winterberger KlimaZukunft&#8220; <\/strong><\/em><\/p>\n","protected":false},"excerpt":{"rendered":"<p>Montag, 01. September 2025, um 19.00 Uhr im Rathaus Winterberg Wie k\u00f6nnen wir effektiv CO2 im Alltag zu Hause reduzieren? Professor Dr. Matthias Tacke aus Winterberg-Niedersfeld erl\u00e4utert in seinem Vortrag &hellip; <a href=\"https:\/\/www.schiebener.net\/wordpress\/einladung-zur-vortragsveranstaltung-co2-reduktion-im-privathaushalt\/\" class=\"more-link\"><span class=\"screen-reader-text\">\u201eEinladung zur Vortragsveranstaltung: CO2-Reduktion im Privathaushalt\u201c <\/span>weiterlesen<\/a><\/p>\n","protected":false},"author":17,"featured_media":0,"comment_status":"open","ping_status":"open","sticky":false,"template":"","format":"standard","meta":{"footnotes":""},"categories":[303,8406,80,1043,549],"tags":[8404,322],"class_list":["post-61644","post","type-post","status-publish","format-standard","hentry","category-in-unserem-briefkasten","category-klimakrise","category-lokales","category-pressemitteilungen","category-umwelt","tag-co2","tag-winterberg"],"_links":{"self":[{"href":"https:\/\/www.schiebener.net\/wordpress\/wp-json\/wp\/v2\/posts\/61644","targetHints":{"allow":["GET"]}}],"collection":[{"href":"https:\/\/www.schiebener.net\/wordpress\/wp-json\/wp\/v2\/posts"}],"about":[{"href":"https:\/\/www.schiebener.net\/wordpress\/wp-json\/wp\/v2\/types\/post"}],"author":[{"embeddable":true,"href":"https:\/\/www.schiebener.net\/wordpress\/wp-json\/wp\/v2\/users\/17"}],"replies":[{"embeddable":true,"href":"https:\/\/www.schiebener.net\/wordpress\/wp-json\/wp\/v2\/comments?post=61644"}],"version-history":[{"count":0,"href":"https:\/\/www.schiebener.net\/wordpress\/wp-json\/wp\/v2\/posts\/61644\/revisions"}],"wp:attachment":[{"href":"https:\/\/www.schiebener.net\/wordpress\/wp-json\/wp\/v2\/media?parent=61644"}],"wp:term":[{"taxonomy":"category","embeddable":true,"href":"https:\/\/www.schiebener.net\/wordpress\/wp-json\/wp\/v2\/categories?post=61644"},{"taxonomy":"post_tag","embeddable":true,"href":"https:\/\/www.schiebener.net\/wordpress\/wp-json\/wp\/v2\/tags?post=61644"}],"curies":[{"name":"wp","href":"https:\/\/api.w.org\/{rel}","templated":true}]}}