{"id":61625,"date":"2025-07-28T16:41:41","date_gmt":"2025-07-28T14:41:41","guid":{"rendered":"https:\/\/www.schiebener.net\/wordpress\/?p=61625"},"modified":"2025-07-28T16:41:41","modified_gmt":"2025-07-28T14:41:41","slug":"nach-brand-die-maus-geht-in-kur","status":"publish","type":"post","link":"https:\/\/www.schiebener.net\/wordpress\/nach-brand-die-maus-geht-in-kur\/","title":{"rendered":"Nach Brand: Die Maus geht in Kur"},"content":{"rendered":"<div class=\"wp-block-image\">\n<figure class=\"aligncenter size-full\"><img loading=\"lazy\" decoding=\"async\" width=\"704\" height=\"396\" src=\"https:\/\/www.schiebener.net\/wordpress\/wp-content\/uploads\/2025\/07\/2025072801Die_Maus.jpg\" alt=\"\" class=\"wp-image-61626\" srcset=\"https:\/\/www.schiebener.net\/wordpress\/wp-content\/uploads\/2025\/07\/2025072801Die_Maus.jpg 704w, https:\/\/www.schiebener.net\/wordpress\/wp-content\/uploads\/2025\/07\/2025072801Die_Maus-300x169.jpg 300w\" sizes=\"auto, (max-width: 709px) 85vw, (max-width: 909px) 67vw, (max-width: 984px) 61vw, (max-width: 1362px) 45vw, 600px\" \/><figcaption class=\"wp-element-caption\">Die verletzte Maus (Pressefoto: WDR)<\/figcaption><\/figure>\n<\/div>\n\n\n<p><strong>Nach dem Brand der Maus-Figur vor dem WDR in der K\u00f6lner Innenstadt soll die Maus jetzt ganz schnell wieder gesund werden: \u201eViele Maus-Fans haben bereits Erste Hilfe geleistet und Pflaster geklebt. In den n\u00e4chsten Tagen schicken wir sie dann in eine l\u00e4ngere Kur, damit die Brandwunden gut versorgt werden k\u00f6nnen. Die Maus kommt auf jeden Fall so schnell wie m\u00f6glich wieder\u201c, verspricht Matthias K\u00f6rnich, Leiter des Kinderprogramms.<\/strong><\/p>\n\n\n\n<p><em>(Pressemitteilung WDR)<\/em><\/p>\n\n\n\n<p>Noch ist es ein trauriges Bild: Die beliebte Figur ist am rechten Arm und im Gesicht stark verkohlt. Nicht nur Pflaster symbolisieren die Anteilnahme, auch \u00fcber die sozialen Medien erreichen die Maus viele liebe Genesungsw\u00fcnsche.<\/p>\n\n\n\n<p>In der Nacht von Freitag auf Samstag hatten Unbekannte die 1,70 Meter gro\u00dfe Fiberglas-Figur vor dem WDR in K\u00f6ln angez\u00fcndet.<\/p>\n\n\n\n<p>Eine Mitarbeiterin des WDR-Empfangs entdeckte \u00fcber die \u00dcberwachungskamera fr\u00fchzeitig die Flammen und rief sofort die Feuerwehr, sodass der Brand schnell gel\u00f6scht werden konnte. Nun ermitteln die Beh\u00f6rden.<\/p>\n","protected":false},"excerpt":{"rendered":"<p>Nach dem Brand der Maus-Figur vor dem WDR in der K\u00f6lner Innenstadt soll die Maus jetzt ganz schnell wieder gesund werden: \u201eViele Maus-Fans haben bereits Erste Hilfe geleistet und Pflaster &hellip; <a href=\"https:\/\/www.schiebener.net\/wordpress\/nach-brand-die-maus-geht-in-kur\/\" class=\"more-link\"><span class=\"screen-reader-text\">\u201eNach Brand: Die Maus geht in Kur\u201c <\/span>weiterlesen<\/a><\/p>\n","protected":false},"author":17,"featured_media":0,"comment_status":"open","ping_status":"open","sticky":false,"template":"","format":"standard","meta":{"footnotes":""},"categories":[303,32,1043],"tags":[667,7774,14],"class_list":["post-61625","post","type-post","status-publish","format-standard","hentry","category-in-unserem-briefkasten","category-medien","category-pressemitteilungen","tag-koln","tag-sendung-mit-der-maus","tag-wdr"],"_links":{"self":[{"href":"https:\/\/www.schiebener.net\/wordpress\/wp-json\/wp\/v2\/posts\/61625","targetHints":{"allow":["GET"]}}],"collection":[{"href":"https:\/\/www.schiebener.net\/wordpress\/wp-json\/wp\/v2\/posts"}],"about":[{"href":"https:\/\/www.schiebener.net\/wordpress\/wp-json\/wp\/v2\/types\/post"}],"author":[{"embeddable":true,"href":"https:\/\/www.schiebener.net\/wordpress\/wp-json\/wp\/v2\/users\/17"}],"replies":[{"embeddable":true,"href":"https:\/\/www.schiebener.net\/wordpress\/wp-json\/wp\/v2\/comments?post=61625"}],"version-history":[{"count":0,"href":"https:\/\/www.schiebener.net\/wordpress\/wp-json\/wp\/v2\/posts\/61625\/revisions"}],"wp:attachment":[{"href":"https:\/\/www.schiebener.net\/wordpress\/wp-json\/wp\/v2\/media?parent=61625"}],"wp:term":[{"taxonomy":"category","embeddable":true,"href":"https:\/\/www.schiebener.net\/wordpress\/wp-json\/wp\/v2\/categories?post=61625"},{"taxonomy":"post_tag","embeddable":true,"href":"https:\/\/www.schiebener.net\/wordpress\/wp-json\/wp\/v2\/tags?post=61625"}],"curies":[{"name":"wp","href":"https:\/\/api.w.org\/{rel}","templated":true}]}}