{"id":61468,"date":"2025-07-16T20:21:54","date_gmt":"2025-07-16T18:21:54","guid":{"rendered":"https:\/\/www.schiebener.net\/wordpress\/?p=61468"},"modified":"2025-07-16T20:21:54","modified_gmt":"2025-07-16T18:21:54","slug":"hsk-landrats-und-kreistagswahl-am-14-september","status":"publish","type":"post","link":"https:\/\/www.schiebener.net\/wordpress\/hsk-landrats-und-kreistagswahl-am-14-september\/","title":{"rendered":"HSK: Landrats- und Kreistagswahl am 14. September"},"content":{"rendered":"\n<p><strong>Der Kreiswahlausschuss hat in seiner Sitzung am Montag, 14. Juli, jeweils einstimmig drei Landratskandidaten und acht Parteien bzw. W\u00e4hlergruppen f\u00fcr die Landrats- und die Kreistagswahl am 14. September zugelassen.<\/strong><\/p>\n\n\n\n<p><em>(Pressemitteilung HSK)<\/em><\/p>\n\n\n\n<p>Um das Landratsamt bewerben sich Thomas Grosche aus Medebach (CDU), Nathalie Evers-Stumpf aus Eslohe (SPD) und Dr. Ahmet Arslan aus Meschede (SBL).<\/p>\n\n\n\n<p>F\u00fcr die 27 Kreiswahlbezirke bewerben sich Kandidatinnen und Kandidaten aus acht Parteien bzw. W\u00e4hlergruppen: Christlich Demokratische Union Deutschlands (CDU), Sozialdemokratische Partei Deutschlands (SPD), B\u00dcNDNIS 90\/DIE GR\u00dcNEN (GR\u00dcNE), Freie Demokratische Partei (FDP), Alternative f\u00fcr Deutschland (AfD), Sauerl\u00e4nder B\u00fcrgerliste e.V. (SBL), Freie W\u00e4hler Hochsauerland (FWG HSK) und Die Linke (Die Linke).<\/p>\n","protected":false},"excerpt":{"rendered":"<p>Der Kreiswahlausschuss hat in seiner Sitzung am Montag, 14. Juli, jeweils einstimmig drei Landratskandidaten und acht Parteien bzw. W\u00e4hlergruppen f\u00fcr die Landrats- und die Kreistagswahl am 14. September zugelassen. (Pressemitteilung &hellip; <a href=\"https:\/\/www.schiebener.net\/wordpress\/hsk-landrats-und-kreistagswahl-am-14-september\/\" class=\"more-link\"><span class=\"screen-reader-text\">\u201eHSK: Landrats- und Kreistagswahl am 14. September\u201c <\/span>weiterlesen<\/a><\/p>\n","protected":false},"author":17,"featured_media":0,"comment_status":"open","ping_status":"open","sticky":false,"template":"","format":"standard","meta":{"footnotes":""},"categories":[303,80,24,1043],"tags":[835,597,4870],"class_list":["post-61468","post","type-post","status-publish","format-standard","hentry","category-in-unserem-briefkasten","category-lokales","category-politik","category-pressemitteilungen","tag-hochsauerlandkreis","tag-kreistagswahlen","tag-landratswahlen"],"_links":{"self":[{"href":"https:\/\/www.schiebener.net\/wordpress\/wp-json\/wp\/v2\/posts\/61468","targetHints":{"allow":["GET"]}}],"collection":[{"href":"https:\/\/www.schiebener.net\/wordpress\/wp-json\/wp\/v2\/posts"}],"about":[{"href":"https:\/\/www.schiebener.net\/wordpress\/wp-json\/wp\/v2\/types\/post"}],"author":[{"embeddable":true,"href":"https:\/\/www.schiebener.net\/wordpress\/wp-json\/wp\/v2\/users\/17"}],"replies":[{"embeddable":true,"href":"https:\/\/www.schiebener.net\/wordpress\/wp-json\/wp\/v2\/comments?post=61468"}],"version-history":[{"count":0,"href":"https:\/\/www.schiebener.net\/wordpress\/wp-json\/wp\/v2\/posts\/61468\/revisions"}],"wp:attachment":[{"href":"https:\/\/www.schiebener.net\/wordpress\/wp-json\/wp\/v2\/media?parent=61468"}],"wp:term":[{"taxonomy":"category","embeddable":true,"href":"https:\/\/www.schiebener.net\/wordpress\/wp-json\/wp\/v2\/categories?post=61468"},{"taxonomy":"post_tag","embeddable":true,"href":"https:\/\/www.schiebener.net\/wordpress\/wp-json\/wp\/v2\/tags?post=61468"}],"curies":[{"name":"wp","href":"https:\/\/api.w.org\/{rel}","templated":true}]}}