{"id":61447,"date":"2025-07-14T14:33:31","date_gmt":"2025-07-14T12:33:31","guid":{"rendered":"https:\/\/www.schiebener.net\/wordpress\/?p=61447"},"modified":"2025-07-14T15:12:41","modified_gmt":"2025-07-14T13:12:41","slug":"anhaltende-trockenheit-hochsauerlandkreis-untersagt-mit-allgemeinverfuegung-entnahmen-von-wasser-aus-oberflaechengewaessern","status":"publish","type":"post","link":"https:\/\/www.schiebener.net\/wordpress\/anhaltende-trockenheit-hochsauerlandkreis-untersagt-mit-allgemeinverfuegung-entnahmen-von-wasser-aus-oberflaechengewaessern\/","title":{"rendered":"Anhaltende Trockenheit: Hochsauerlandkreis untersagt mit Allgemeinverf\u00fcgung Entnahmen von Wasser aus Oberfl\u00e4chengew\u00e4ssern"},"content":{"rendered":"\n<h3 class=\"wp-block-heading\">Allgemeinverf\u00fcgung gilt ab 15. Juli<\/h3>\n\n\n<div class=\"wp-block-image\">\n<figure class=\"aligncenter size-large\"><a href=\"https:\/\/www.schiebener.net\/wordpress\/wp-content\/uploads\/2023\/12\/2023122601Silbach.jpg\" target=\"_blank\" rel=\" noreferrer noopener\"><img loading=\"lazy\" decoding=\"async\" width=\"1024\" height=\"677\" src=\"https:\/\/www.schiebener.net\/wordpress\/wp-content\/uploads\/2023\/12\/2023122601Silbach-1024x677.jpg\" alt=\"\" class=\"wp-image-56959\" srcset=\"https:\/\/www.schiebener.net\/wordpress\/wp-content\/uploads\/2023\/12\/2023122601Silbach-1024x677.jpg 1024w, https:\/\/www.schiebener.net\/wordpress\/wp-content\/uploads\/2023\/12\/2023122601Silbach-300x198.jpg 300w, https:\/\/www.schiebener.net\/wordpress\/wp-content\/uploads\/2023\/12\/2023122601Silbach-768x508.jpg 768w, https:\/\/www.schiebener.net\/wordpress\/wp-content\/uploads\/2023\/12\/2023122601Silbach-1536x1016.jpg 1536w, https:\/\/www.schiebener.net\/wordpress\/wp-content\/uploads\/2023\/12\/2023122601Silbach-1200x793.jpg 1200w, https:\/\/www.schiebener.net\/wordpress\/wp-content\/uploads\/2023\/12\/2023122601Silbach.jpg 2048w\" sizes=\"auto, (max-width: 709px) 85vw, (max-width: 909px) 67vw, (max-width: 1362px) 62vw, 840px\" \/><\/a><figcaption class=\"wp-element-caption\">Symbolfoto: Im Dezember war die Namenlose noch ein rei\u00dfendes Gew\u00e4sser (foto: zoom)<\/figcaption><\/figure>\n<\/div>\n\n\n<p><strong>Hochsauerlandkreis. Der Hochsauerlandkreis erl\u00e4sst am Montag, 14. Juli, eine Allgemeinverf\u00fcgung, die es im gesamten Kreisgebiet untersagt, Wasser aus Oberfl\u00e4chengew\u00e4ssern zu entnehmen. Die Verf\u00fcgung tritt am 15. Juli in Kraft und bleibt bis zum 31. Oktober bestehen.<\/strong><\/p>\n\n\n\n<p><em>(Pressemitteilung HSK)<\/em><\/p>\n\n\n\n<p>Grund hierf\u00fcr ist die anhaltende Trockenheit, durch die sich in den Gew\u00e4ssern im Hochsauerlandkreis niedrige Wasserst\u00e4nde eingestellt haben. Auch die Niederschl\u00e4ge der vergangenen Tage haben nicht daf\u00fcr gesorgt, dass sich die Situation entspannt.<\/p>\n\n\n\n<!--more-->\n\n\n\n<p>Das Verbot gilt f\u00fcr Wasserentnahmen im Rahmen des Gemein-, Eigent\u00fcmer- und Anliegergebrauchs. Verboten ist es damit nicht nur, gr\u00f6\u00dfere Wassermengen (beispielsweise mit fahrbaren Beh\u00e4ltnissen), sondern auch kleinere Mengen f\u00fcr die Bew\u00e4sserung von Privatg\u00e4rten zu entnehmen. Ausgenommen davon sind das Tr\u00e4nken von Vieh \u00fcber an den Gew\u00e4ssern angeordneten Viehtr\u00e4nken und das Sch\u00f6pfen mit Handgef\u00e4\u00dfen.<\/p>\n\n\n\n<p>Das Verbot der Wasserentnahme gilt nicht f\u00fcr zugelassene Benutzungen (Erlaubnisse, Bewilligung, alte Rechte). Hier gelten die im jeweiligen Bescheid genannten Einschr\u00e4nkungen bzw. Verbote der Entnahme von Wasser bei niedrigen Abfl\u00fcssen\/Wasserst\u00e4nden im Gew\u00e4sser. Sofern dar\u00fcber hinaus die Einschr\u00e4nkung von Befugnissen und Rechten erforderlich wird, ergeht eine gesonderte Anordnung durch die zust\u00e4ndige Beh\u00f6rde.<\/p>\n\n\n\n<p>F\u00fcr die Gew\u00e4sser Ruhr, Lenne und Sieg hat die Bezirksregierung Arnsberg entsprechende Allgemeinverf\u00fcgungen erlassen, die ab dem 13. Juli gelten und ebenfalls bis Ende Oktober befristet sind.<br \/>&nbsp;<\/p>\n","protected":false},"excerpt":{"rendered":"<p>Allgemeinverf\u00fcgung gilt ab 15. Juli Hochsauerlandkreis. Der Hochsauerlandkreis erl\u00e4sst am Montag, 14. Juli, eine Allgemeinverf\u00fcgung, die es im gesamten Kreisgebiet untersagt, Wasser aus Oberfl\u00e4chengew\u00e4ssern zu entnehmen. Die Verf\u00fcgung tritt am &hellip; <a href=\"https:\/\/www.schiebener.net\/wordpress\/anhaltende-trockenheit-hochsauerlandkreis-untersagt-mit-allgemeinverfuegung-entnahmen-von-wasser-aus-oberflaechengewaessern\/\" class=\"more-link\"><span class=\"screen-reader-text\">\u201eAnhaltende Trockenheit: Hochsauerlandkreis untersagt mit Allgemeinverf\u00fcgung Entnahmen von Wasser aus Oberfl\u00e4chengew\u00e4ssern\u201c <\/span>weiterlesen<\/a><\/p>\n","protected":false},"author":17,"featured_media":0,"comment_status":"open","ping_status":"open","sticky":false,"template":"","format":"standard","meta":{"footnotes":""},"categories":[303,1043],"tags":[8998,212],"class_list":["post-61447","post","type-post","status-publish","format-standard","hentry","category-in-unserem-briefkasten","category-pressemitteilungen","tag-duerre","tag-hochsauerland"],"_links":{"self":[{"href":"https:\/\/www.schiebener.net\/wordpress\/wp-json\/wp\/v2\/posts\/61447","targetHints":{"allow":["GET"]}}],"collection":[{"href":"https:\/\/www.schiebener.net\/wordpress\/wp-json\/wp\/v2\/posts"}],"about":[{"href":"https:\/\/www.schiebener.net\/wordpress\/wp-json\/wp\/v2\/types\/post"}],"author":[{"embeddable":true,"href":"https:\/\/www.schiebener.net\/wordpress\/wp-json\/wp\/v2\/users\/17"}],"replies":[{"embeddable":true,"href":"https:\/\/www.schiebener.net\/wordpress\/wp-json\/wp\/v2\/comments?post=61447"}],"version-history":[{"count":0,"href":"https:\/\/www.schiebener.net\/wordpress\/wp-json\/wp\/v2\/posts\/61447\/revisions"}],"wp:attachment":[{"href":"https:\/\/www.schiebener.net\/wordpress\/wp-json\/wp\/v2\/media?parent=61447"}],"wp:term":[{"taxonomy":"category","embeddable":true,"href":"https:\/\/www.schiebener.net\/wordpress\/wp-json\/wp\/v2\/categories?post=61447"},{"taxonomy":"post_tag","embeddable":true,"href":"https:\/\/www.schiebener.net\/wordpress\/wp-json\/wp\/v2\/tags?post=61447"}],"curies":[{"name":"wp","href":"https:\/\/api.w.org\/{rel}","templated":true}]}}