{"id":61385,"date":"2025-07-03T11:11:14","date_gmt":"2025-07-03T09:11:14","guid":{"rendered":"https:\/\/www.schiebener.net\/wordpress\/?p=61385"},"modified":"2025-07-03T11:11:14","modified_gmt":"2025-07-03T09:11:14","slug":"hochsauerland-kreistag-beschliesst-ueber-schwammwaldprojekt-kahlschlag-bei-buslinien","status":"publish","type":"post","link":"https:\/\/www.schiebener.net\/wordpress\/hochsauerland-kreistag-beschliesst-ueber-schwammwaldprojekt-kahlschlag-bei-buslinien\/","title":{"rendered":"Hochsauerland: Kreistag beschliesst \u00fcber Schwammwaldprojekt &#8211; Kahlschlag bei Buslinien"},"content":{"rendered":"\n<h3 class=\"wp-block-heading\">Bitte halten Sie zum 50j\u00e4hrigen Kreisjubil\u00e4um Ihren Personalausweis bereit<\/h3>\n\n\n\n<p><strong>Am Freitag (4. Juli) trifft sich erneut der Kreistag in Meschede zur Sitzung. Beginn ist diesmal bereits um 14:30 Uhr. Auf der Tagesordnung steht u.a. der Beschluss \u00fcber ein Konzept zum Schwammwaldprojekt. Dieser Tagesordnungspunkt geht zur\u00fcck auf einen Antrag der SBL-Kreistagsfraktion, durch den Landrat und Kreisverwaltung beauftragt worden waren, dem Kreistag ein solches Konzept vorzulegen. Ziel ist es, die Wasserspeicherf\u00e4higkeit des Waldes zu verbessern, indem Gr\u00e4ben u.a. Strukturen, die bisher f\u00fcr einen sehr schnellen Ablauf des Regenwassers sorgen, zur\u00fcckgebaut werden.<\/strong><\/p>\n\n\n\n<p><em>(Der Artikel ist heute <a href=\"https:\/\/sbl-fraktion.de\/?p=11766\" target=\"_blank\" rel=\"noreferrer noopener\">auf der Website der Sauerl\u00e4nder B\u00fcrgerliste<\/a> erschienen.)<\/em><\/p>\n\n\n\n<p>Der Kreis Soest hat bereits ein solches Projekt gestartet. Es l\u00e4uft dort \u00fcber 3 Jahre, und insgesamt 46,5 km Entw\u00e4sserungsstrukturen im Arnsberger Wald werden zur\u00fcck gebaut. Die Kosten betragen ca. 900.000 Euro. Die Finanzierung erfolgt zur H\u00e4lfte aus Bundesmitteln, zu einem Drittel aus Landesmitteln und zu einem Sechstel aus Ersatzgeldern aus dem Bau von Windenergieanlagen, die als Eigenmittel des Kreises gelten. Der Kreistag in Soest hat in seiner Sitzung am 1. Juli dieses Projekt best\u00e4tigt, so dass die F\u00f6rdermittel nun flie\u00dfen.<\/p>\n\n\n\n<!--more-->\n\n\n\n<p>Ein weiteres wichtiges Thema im Kreistag in Meschede ist das k\u00fcnftige Buslinienangebot. Die bisher von der Westfalenbus GmbH (Tochterunternehmen der Deutschen Bahn) betriebenen Linien sollen k\u00fcnftig teils von der kreiseigenen Gesellschaft RLG \u00fcbernommen werden, teils ausgeschrieben werden. Landrat und Kreisverwaltung schlagen drastische Einschnitte im Angebot vor. Gegen\u00fcber dem Stand vom Herbst 2024 sollen im mittleren und im \u00f6stlichen Kreisgebiet etwa 14% der Streckenkilometer entfallen. So wurden bzw. werden die Linien 391 (Brilon \u2013 Marsberg) und 382 (Brilon \u2013 Willingen) weitgehend eingestellt, viele andere Linien werden erheblich gek\u00fcrzt. Abends ist bereits gegen 20 Uhr Betriebsschluss. Sogar konkret im Nahverkehrsplan genannte Fahrten (wie z.B. 4 Fahrten am Abend zwischen Meschede und Olsberg) werden gestrichen. Vor einigen Wochen war bereits im Westkreis die Linie 335 eingestellt worden: Sie war die einzige Verbindung zwischen dem HSK und dem Bahnhof Finnentrop an der Ruhr-Sieg-Strecke.<br \/><br \/>Leider unterst\u00fctzte im zust\u00e4ndigen Fachausschuss eine Gro\u00dfe Koalition, bestehend aus CDU, SPD und Gr\u00fcnen, diesen Kahlschlag im \u00d6PNV, so dass auch mit einem entsprechenden Beschluss des Kreistags zu rechnen ist.<\/p>\n\n\n\n<p>Eine Verkehrswende sieht aber anders aus. Die SBL hatte mehrere Alternativen vorgeschlagen, um Geld bei der RLG einzusparen. Dazu geh\u00f6rt z.B. die \u00dcberpr\u00fcfung des Finanzierungsschl\u00fcssels: Derzeit zahlt der HSK pro Einwohner die H\u00e4lfte mehr als der Kreis Soest, der die RLG zusammen mit dem HSK betreibt. Und mehr als 2 Mio Euro werden pro Jahr an die Gesch\u00e4ftsf\u00fchrung der RLG in M\u00fcnster (WVG) abgef\u00fchrt; der Kreis Unna seine Vereinbarung mit der WVG gerade gek\u00fcndigt und kann nun andere, kosteng\u00fcnstigere L\u00f6sungen finden.<\/p>\n\n\n\n<p>An die Kreistagssitzung schlie\u00dft sich im Sitzungssaal ein Festakt zum 50j\u00e4hrigen Kreisjubil\u00e4um des HSK an, leider nur f\u00fcr Honoratioren. Den Kreistagsmitgliedern wurden bereits diverse Sicherheitsanforderungen mitgeteilt:<br \/>\u201cBitte halten Sie dazu Ihren Personalausweis bereit.\u201d<br \/>\u201cZum Festakt sind keine Taschen gr\u00f6\u00dfer als DIN A4 erlaubt.\u201d<br \/>\u201cVor Eintritt in den gro\u00dfen Sitzungssaal finden Kontrollen mit Metalldetektoren statt.\u201d<br \/>\u201cDen Anweisungen des Sicherheitspersonals ist unbedingt Folge zu leisten.\u201d<br \/>Den Personalausweis musste man bisher nicht in den Sitzungssaal mitbringen\u2026<\/p>\n","protected":false},"excerpt":{"rendered":"<p>Bitte halten Sie zum 50j\u00e4hrigen Kreisjubil\u00e4um Ihren Personalausweis bereit Am Freitag (4. Juli) trifft sich erneut der Kreistag in Meschede zur Sitzung. Beginn ist diesmal bereits um 14:30 Uhr. Auf &hellip; <a href=\"https:\/\/www.schiebener.net\/wordpress\/hochsauerland-kreistag-beschliesst-ueber-schwammwaldprojekt-kahlschlag-bei-buslinien\/\" class=\"more-link\"><span class=\"screen-reader-text\">\u201eHochsauerland: Kreistag beschliesst \u00fcber Schwammwaldprojekt &#8211; Kahlschlag bei Buslinien\u201c <\/span>weiterlesen<\/a><\/p>\n","protected":false},"author":17,"featured_media":0,"comment_status":"open","ping_status":"open","sticky":false,"template":"","format":"standard","meta":{"footnotes":""},"categories":[80,24,549,618],"tags":[835,5492,6854,1001],"class_list":["post-61385","post","type-post","status-publish","format-standard","hentry","category-lokales","category-politik","category-umwelt","category-verkehr","tag-hochsauerlandkreis","tag-kreistag-hsk","tag-sauerlaender-buergerliste-sblfw","tag-wald"],"_links":{"self":[{"href":"https:\/\/www.schiebener.net\/wordpress\/wp-json\/wp\/v2\/posts\/61385","targetHints":{"allow":["GET"]}}],"collection":[{"href":"https:\/\/www.schiebener.net\/wordpress\/wp-json\/wp\/v2\/posts"}],"about":[{"href":"https:\/\/www.schiebener.net\/wordpress\/wp-json\/wp\/v2\/types\/post"}],"author":[{"embeddable":true,"href":"https:\/\/www.schiebener.net\/wordpress\/wp-json\/wp\/v2\/users\/17"}],"replies":[{"embeddable":true,"href":"https:\/\/www.schiebener.net\/wordpress\/wp-json\/wp\/v2\/comments?post=61385"}],"version-history":[{"count":0,"href":"https:\/\/www.schiebener.net\/wordpress\/wp-json\/wp\/v2\/posts\/61385\/revisions"}],"wp:attachment":[{"href":"https:\/\/www.schiebener.net\/wordpress\/wp-json\/wp\/v2\/media?parent=61385"}],"wp:term":[{"taxonomy":"category","embeddable":true,"href":"https:\/\/www.schiebener.net\/wordpress\/wp-json\/wp\/v2\/categories?post=61385"},{"taxonomy":"post_tag","embeddable":true,"href":"https:\/\/www.schiebener.net\/wordpress\/wp-json\/wp\/v2\/tags?post=61385"}],"curies":[{"name":"wp","href":"https:\/\/api.w.org\/{rel}","templated":true}]}}