{"id":61382,"date":"2025-07-02T21:09:29","date_gmt":"2025-07-02T19:09:29","guid":{"rendered":"https:\/\/www.schiebener.net\/wordpress\/?p=61382"},"modified":"2025-07-02T21:09:29","modified_gmt":"2025-07-02T19:09:29","slug":"mietwucher-app-jetzt-auch-in-bochum-bonn-koeln-und-muenster","status":"publish","type":"post","link":"https:\/\/www.schiebener.net\/wordpress\/mietwucher-app-jetzt-auch-in-bochum-bonn-koeln-und-muenster\/","title":{"rendered":"Mietwucher.app: Jetzt auch in Bochum, Bonn, K\u00f6ln und M\u00fcnster"},"content":{"rendered":"<div class=\"wp-block-image\">\n<figure class=\"aligncenter size-large\"><a href=\"https:\/\/www.schiebener.net\/wordpress\/wp-content\/uploads\/2025\/07\/20250702MietwucherApp.jpg\" target=\"_blank\" rel=\" noreferrer noopener\"><img loading=\"lazy\" decoding=\"async\" width=\"1024\" height=\"267\" src=\"https:\/\/www.schiebener.net\/wordpress\/wp-content\/uploads\/2025\/07\/20250702MietwucherApp-1024x267.jpg\" alt=\"\" class=\"wp-image-61383\" srcset=\"https:\/\/www.schiebener.net\/wordpress\/wp-content\/uploads\/2025\/07\/20250702MietwucherApp-1024x267.jpg 1024w, https:\/\/www.schiebener.net\/wordpress\/wp-content\/uploads\/2025\/07\/20250702MietwucherApp-300x78.jpg 300w, https:\/\/www.schiebener.net\/wordpress\/wp-content\/uploads\/2025\/07\/20250702MietwucherApp-768x201.jpg 768w, https:\/\/www.schiebener.net\/wordpress\/wp-content\/uploads\/2025\/07\/20250702MietwucherApp-1536x401.jpg 1536w, https:\/\/www.schiebener.net\/wordpress\/wp-content\/uploads\/2025\/07\/20250702MietwucherApp-1200x313.jpg 1200w, https:\/\/www.schiebener.net\/wordpress\/wp-content\/uploads\/2025\/07\/20250702MietwucherApp.jpg 1742w\" sizes=\"auto, (max-width: 709px) 85vw, (max-width: 909px) 67vw, (max-width: 1362px) 62vw, 840px\" \/><\/a><figcaption class=\"wp-element-caption\">Screenshot MietwucherApp<\/figcaption><\/figure>\n<\/div>\n\n\n<p><strong>\u201eHeute schalten wir die St\u00e4dte Bochum, Bonn, K\u00f6ln und M\u00fcnster zum Mietencheck auf <a href=\"https:\/\/www.mietwucher.app\/\" target=\"_blank\" rel=\"noreferrer noopener\">Mietwucher.app<\/a> frei. Jetzt k\u00f6nnen auch die Bewohner:innen dieser vier gro\u00dfen St\u00e4dte in Nordrhein-Westfalen ihre Mieten auf \u00dcberh\u00f6hungen pr\u00fcfen. Damit erweitern wir unser beliebtes, praktisches Hilfsangebot gegen Mietwucher. Dazu hat die unsere App noch ein neues Design bekommen\u201c, erkl\u00e4rt Caren Lay, mietenpolitische Sprecherin der Fraktion Die Linke im Bundestag. <\/strong><\/p>\n\n\n\n<p><em>(Pressemitteilung Die Linke im Bundestag)<\/em><\/p>\n\n\n\n<p>Lay weiter:\u00a0\u201eMieterinnen und Mieter zahlen monatlich Millionen Euro \u00fcberh\u00f6hter Mieten. Im letzten halben Jahr wurden mit der Mietwucher.app der Linken im Bundestag \u00fcber 135.000 Mal Mieten \u00fcberpr\u00fcft. Mehr als 5.000 Meldungen von Mietpreis\u00fcberh\u00f6hungen gingen \u00fcber die App an die zust\u00e4ndigen \u00c4mter, die dann verpflichtet sind, diese Meldungen zu pr\u00fcfen.<\/p>\n\n\n\n<!--more-->\n\n\n\n<p>Bereits heute k\u00f6nnen die Beh\u00f6rden st\u00e4rker gegen Mietpreis\u00fcberh\u00f6hungen vorgehen. Frankfurt am Main macht es vor, wo seit 2020 \u00fcber 1.000 F\u00e4lle bearbeitet wurden und \u00fcber 330.000 Euro \u00fcberh\u00f6hter Mieten R\u00fcckerstattet wurden. Die Stadt Leipzig hat sich als Reaktion auf die \u00fcber die Mietwucher.app gemeldeten F\u00e4lle eine Stelle zur Bearbeitung geschaffen und will bald auf Vermieter:innen zugehen, die ersten Bu\u00dfgelder aussprechen und die Mieten senken. Das ist der richtige Weg und wir freuen uns, dass wir das ansto\u00dfen konnten \u2013 und wenn weitere St\u00e4dte dem Beispiel folgen.\u00a0<br \/>Die Stadtratsfraktionen der Linken in Bochum, Bonn, K\u00f6ln und M\u00fcnster wollen jedenfalls in den nordrhein-westf\u00e4lischen St\u00e4dten auf eine st\u00e4rkere Verfolgung von Mietwucher und Mietsenkungen hinwirken.\u00a0<br \/>Auf Bundesebene k\u00e4mpfen wir gleichzeitig f\u00fcr eine erleichterte Anwendung des Paragrafen 5 im Wirtschafsstrafgesetzbuch, durch den \u00fcberh\u00f6hte Mieten mit einem Bu\u00dfgeld belegt werden k\u00f6nnen. Als Linke haben wir einen Gesetzentwurf zur besseren Bek\u00e4mpfung sogenannten Mietwuchers in den Bundestag eingebracht. Damit k\u00f6nnte ein effektiveres Instrument entstehen, als es die derzeitige Mietpreisbremse darstellt.\u201c<\/p>\n\n\n\n<hr class=\"wp-block-separator has-alpha-channel-opacity\"\/>\n\n\n\n<p><br \/><strong>Hintergrund<\/strong><br \/>\u00dcber 135.000 Haushalte in 9 St\u00e4dten bundesweit haben bis heute bereits \u00fcber die\u00a0<a href=\"https:\/\/www.mietwucher.app\/\" target=\"_blank\" rel=\"noreferrer noopener\">Mietwucher.app<\/a> gepr\u00fcft, ob sie \u00fcberh\u00f6hte Mieten zahlen. Knapp \u00fcber 5.000 Verdachtsmeldungen auf Mietpreis\u00fcberh\u00f6hungen wurden an die zust\u00e4ndigen Wohnungs\u00e4mter verschickt. In diesen 5.086 F\u00e4llen wurde der Mietspiegel den Angaben der App-Nutzer:innen nach im Durchschnitt um ganze 59 Prozent \u00fcberschritten. Bei \u00fcber der H\u00e4lfte der Meldungen liegt mit einer \u00dcberschreitung des Mietspiegels um mehr als 50 Prozent ein Verdacht auf eine Straftat nach \u00a7 291 StGB vor.<br \/>Bisher war Dortmund die einzige Stadt in Nordrhein-Westphalen auf Mietwucher.app. In Dortmund haben bereits \u00fcber 3.500 Haushalte ihre Miete gepr\u00fcft und in 54 F\u00e4llen wurde \u00fcber Mietwucher.app eine \u00fcberh\u00f6hte Miete an das zust\u00e4ndige Amt gemeldet.\u00a0<br \/>\u00dcberh\u00f6hte Mieten k\u00f6nnen mit Bu\u00dfgeld belegt und gerichtlich abgesenkt werden. Wenn die zust\u00e4ndigen Wohnungs\u00e4mter den \u00fcber die Mietwucher-App der Linken gemeldeten F\u00e4llen engagiert nachgehen und die Absenkung der Mieten durchsetzen, k\u00f6nnen allein diese 5.086 Haushalte unseren Berechnungen nach monatlich bis zu 1.232.243 Euro \u00fcberh\u00f6hte Miete einsparen, 242 Euro pro Haushalt. Auf das Jahr gerechnet sind das fast 15 Mio. Euro. Die Mietpreis\u00fcberh\u00f6hungen in der Summe aller Nutzungen \u00fcber die App belaufen sich sogar auf \u00fcber 25 Mio. Euro pro Monat, mehr als 307 Mio. Euro im Jahr. Viele Schrecken jedoch aus Angst vor \u00c4rger mit dem Vermieter zur\u00fcck, ihre F\u00e4lle zu melden.\u00a0<\/p>\n","protected":false},"excerpt":{"rendered":"<p>\u201eHeute schalten wir die St\u00e4dte Bochum, Bonn, K\u00f6ln und M\u00fcnster zum Mietencheck auf Mietwucher.app frei. Jetzt k\u00f6nnen auch die Bewohner:innen dieser vier gro\u00dfen St\u00e4dte in Nordrhein-Westfalen ihre Mieten auf \u00dcberh\u00f6hungen &hellip; <a href=\"https:\/\/www.schiebener.net\/wordpress\/mietwucher-app-jetzt-auch-in-bochum-bonn-koeln-und-muenster\/\" class=\"more-link\"><span class=\"screen-reader-text\">\u201eMietwucher.app: Jetzt auch in Bochum, Bonn, K\u00f6ln und M\u00fcnster\u201c <\/span>weiterlesen<\/a><\/p>\n","protected":false},"author":17,"featured_media":0,"comment_status":"open","ping_status":"open","sticky":false,"template":"","format":"standard","meta":{"footnotes":""},"categories":[303,1043,4761],"tags":[5130,7266],"class_list":["post-61382","post","type-post","status-publish","format-standard","hentry","category-in-unserem-briefkasten","category-pressemitteilungen","category-soziales","tag-die-linke","tag-mieten"],"_links":{"self":[{"href":"https:\/\/www.schiebener.net\/wordpress\/wp-json\/wp\/v2\/posts\/61382","targetHints":{"allow":["GET"]}}],"collection":[{"href":"https:\/\/www.schiebener.net\/wordpress\/wp-json\/wp\/v2\/posts"}],"about":[{"href":"https:\/\/www.schiebener.net\/wordpress\/wp-json\/wp\/v2\/types\/post"}],"author":[{"embeddable":true,"href":"https:\/\/www.schiebener.net\/wordpress\/wp-json\/wp\/v2\/users\/17"}],"replies":[{"embeddable":true,"href":"https:\/\/www.schiebener.net\/wordpress\/wp-json\/wp\/v2\/comments?post=61382"}],"version-history":[{"count":0,"href":"https:\/\/www.schiebener.net\/wordpress\/wp-json\/wp\/v2\/posts\/61382\/revisions"}],"wp:attachment":[{"href":"https:\/\/www.schiebener.net\/wordpress\/wp-json\/wp\/v2\/media?parent=61382"}],"wp:term":[{"taxonomy":"category","embeddable":true,"href":"https:\/\/www.schiebener.net\/wordpress\/wp-json\/wp\/v2\/categories?post=61382"},{"taxonomy":"post_tag","embeddable":true,"href":"https:\/\/www.schiebener.net\/wordpress\/wp-json\/wp\/v2\/tags?post=61382"}],"curies":[{"name":"wp","href":"https:\/\/api.w.org\/{rel}","templated":true}]}}