{"id":61217,"date":"2025-06-05T13:02:12","date_gmt":"2025-06-05T11:02:12","guid":{"rendered":"https:\/\/www.schiebener.net\/wordpress\/?p=61217"},"modified":"2025-06-11T21:52:28","modified_gmt":"2025-06-11T19:52:28","slug":"soldaten-und-zivilisten-vor-gerichten-der-wehrmacht","status":"publish","type":"post","link":"https:\/\/www.schiebener.net\/wordpress\/soldaten-und-zivilisten-vor-gerichten-der-wehrmacht\/","title":{"rendered":"Soldaten und Zivilisten vor Gerichten der Wehrmacht"},"content":{"rendered":"\n<h3 class=\"wp-block-heading\">Missgl\u00fcckter Besuch einer Ausstellung im Sauerlandmuseum Arnsberg<\/h3>\n\n\n<div class=\"wp-block-image\">\n<figure class=\"aligncenter size-large\"><a href=\"https:\/\/www.schiebener.net\/wordpress\/wp-content\/uploads\/2025\/06\/2025053102Sauerlandmuseum.jpg\" target=\"_blank\" rel=\" noreferrer noopener\"><img loading=\"lazy\" decoding=\"async\" width=\"768\" height=\"1024\" src=\"https:\/\/www.schiebener.net\/wordpress\/wp-content\/uploads\/2025\/06\/2025053102Sauerlandmuseum-768x1024.jpg\" alt=\"\" class=\"wp-image-61218\" srcset=\"https:\/\/www.schiebener.net\/wordpress\/wp-content\/uploads\/2025\/06\/2025053102Sauerlandmuseum-768x1024.jpg 768w, https:\/\/www.schiebener.net\/wordpress\/wp-content\/uploads\/2025\/06\/2025053102Sauerlandmuseum-225x300.jpg 225w, https:\/\/www.schiebener.net\/wordpress\/wp-content\/uploads\/2025\/06\/2025053102Sauerlandmuseum-1152x1536.jpg 1152w, https:\/\/www.schiebener.net\/wordpress\/wp-content\/uploads\/2025\/06\/2025053102Sauerlandmuseum-1200x1600.jpg 1200w, https:\/\/www.schiebener.net\/wordpress\/wp-content\/uploads\/2025\/06\/2025053102Sauerlandmuseum.jpg 1536w\" sizes=\"auto, (max-width: 709px) 85vw, (max-width: 909px) 67vw, (max-width: 984px) 61vw, (max-width: 1362px) 45vw, 600px\" \/><\/a><figcaption class=\"wp-element-caption\">Das Schicksal von Johann S\u00fc\u00df in Bildern, Texten und Dokumenten. (foto: zoom)<\/figcaption><\/figure>\n<\/div>\n\n\n<p><strong>Anfang April hatte ich <a href=\"https:\/\/www.schiebener.net\/wordpress\/was-damals-recht-war-soldaten-und-zivilisten-vor-gerichten-der-wehrmacht\/\" target=\"_blank\" rel=\"noreferrer noopener\">hier im Blog eine Pressemitteilung<\/a> des Hochsauerlandkreises zur Ausstellung \u201e ,Was damals Recht war \u2026\u2018 \u2013 Soldaten und Zivilisten vor Gerichten der Wehrmacht\u201c ve\u00f6ffentlicht. Am vergangenen Wochenende konnte ich die Wanderausstellung <a href=\"https:\/\/www.stiftung-denkmal.de\/ausstellung\/was-damals-recht-war-soldaten-und-zivilisten-vor-gerichten-der-wehrmacht\/\" target=\"_blank\" rel=\"noreferrer noopener\">des  Projekts der Stiftung Denkmal f\u00fcr die ermordeten Juden Europas<\/a> endlich selbst besuchen.<\/strong><\/p>\n\n\n\n<p>Das Thema der Ausstellung interessiert mich sehr: <\/p>\n\n\n\n<p>&#8222;Bis 1945 haben zehntausende Soldaten und Zivilisten ihr Leben durch die Urteile der Wehrmachtgerichte verloren. Die Mehrzahl der Deutschen begegnete den Opfern der Wehrmachtjustiz auch nach 1945 mit Ablehnung und Feindschaft. Diese Sicht verstellt den Blick auf den Unrechtscharakter der deutschen Milit\u00e4rjustiz. Zwischen 1998 und 2009 hob der Deutsche Bundestag die meisten Unrechtsurteile auf. Viele Betroffene waren zu diesem Zeitpunkt bereits verstorben.<\/p>\n\n\n\n<!--more-->\n\n\n\n<p>W\u00e4hrend des Zweiten Weltkrieges diente die Kriegsgerichtsbarkeit als Terrorinstrument der milit\u00e4rischen und politischen F\u00fchrung. Insgesamt wurden etwa 20.000 Menschen hingerichtet, unz\u00e4hlige andere starben in Lagern oder in Strafeinheiten. Allein ca. 15.000 Todesurteile wurden an Deserteuren vollstreckt. Zudem konnte jegliche Form von Abweichung oder Ungehorsam als \u201eWehrkraftzersetzung\u201c gewertet und mit dem Tod bestraft werden. Hinzu kamen Personen, die als sogenannte Volkssch\u00e4dlinge oder auch als Angeh\u00f6rige des Widerstandes in besetzten europ\u00e4ischen L\u00e4ndern verurteilt worden sind.&#8220; (Quelle: PM)<\/p>\n\n\n<div class=\"wp-block-image\">\n<figure class=\"aligncenter size-large\"><a href=\"https:\/\/www.schiebener.net\/wordpress\/wp-content\/uploads\/2025\/06\/2025053104Sauerlandmuseum.jpg\" target=\"_blank\" rel=\" noreferrer noopener\"><img loading=\"lazy\" decoding=\"async\" width=\"768\" height=\"1024\" src=\"https:\/\/www.schiebener.net\/wordpress\/wp-content\/uploads\/2025\/06\/2025053104Sauerlandmuseum-768x1024.jpg\" alt=\"\" class=\"wp-image-61219\" srcset=\"https:\/\/www.schiebener.net\/wordpress\/wp-content\/uploads\/2025\/06\/2025053104Sauerlandmuseum-768x1024.jpg 768w, https:\/\/www.schiebener.net\/wordpress\/wp-content\/uploads\/2025\/06\/2025053104Sauerlandmuseum-225x300.jpg 225w, https:\/\/www.schiebener.net\/wordpress\/wp-content\/uploads\/2025\/06\/2025053104Sauerlandmuseum-1152x1536.jpg 1152w, https:\/\/www.schiebener.net\/wordpress\/wp-content\/uploads\/2025\/06\/2025053104Sauerlandmuseum-1200x1600.jpg 1200w, https:\/\/www.schiebener.net\/wordpress\/wp-content\/uploads\/2025\/06\/2025053104Sauerlandmuseum.jpg 1536w\" sizes=\"auto, (max-width: 709px) 85vw, (max-width: 909px) 67vw, (max-width: 984px) 61vw, (max-width: 1362px) 45vw, 600px\" \/><\/a><figcaption class=\"wp-element-caption\">Fallgeschichten &#8211; H\u00f6rstation mit Kabelzuleitung, aber ohne Sitzm\u00f6glichkeit (foto:zoom)<\/figcaption><\/figure>\n<\/div>\n\n\n<p>Leider ist der Besuch der Ausstellung missgl\u00fcckt, und das lag nicht an den Inhalten, sondern an der Pr\u00e4sentation der Exponate sowie der R\u00e4umlichkeit.<\/p>\n\n\n\n<p>Der Aufzug brachte uns bis nach ganz unten, Ebene -4 im Fahrstuhl. Der Ausstellungsraum war dunkel, die Luft stickig. An den Metallgestellen hingen schlecht beleuchtete Exponante (Texte, Fotos, Kopien von Dokumenten).<\/p>\n\n\n\n<p>Die Kopien waren wegen der kleinen Schrift kaum zu lesen. Dazu kam, dass viele von ihnen auf Schienbeinh\u00f6he hingen. Um zu lesen, h\u00e4tte ich also in die Knie gehen m\u00fcssen. <\/p>\n\n\n\n<p>Barrierefrei ist das nicht.<\/p>\n\n\n\n<p>An einer Station (siehe Bild oben) konte man sich, leider nur im Stehen,  Fallgeschichten vorlesen lassen. Ich h\u00e4tte mir eine Sitzm\u00f6glichkeit gew\u00fcnscht, denn das Stehen ist mir am Besuchstag nicht leicht gefallen.<\/p>\n\n\n\n<p>Auch wegen der Textlastigkeit der Ausstellung h\u00e4tte ich mir mehr bequeme Sitzm\u00f6glichkeiten gew\u00fcnscht.<\/p>\n\n\n\n<p>Mal stehen, mal knien, lange Texte, schlechte Luft &#8211; meine Konzentration war sehr herausgefordert. <\/p>\n\n\n\n<p>Als dann noch eine gr\u00f6\u00dfere gef\u00fchrte Gruppe den Raum betrat, stieg der L\u00e4rmpegel (Vortrag, Gespr\u00e4che, Fragen) und meine Aufnahmef\u00e4higkeit war ersch\u00f6pft.<\/p>\n\n\n\n<p>Ich habe den Besuch frustriert abgebrochen. Am Eingang wollte ich einen Ausstellungskatalog kaufen, um wenigstens zu Hause in Ruhe alles nachlesen zu k\u00f6nnen.<\/p>\n\n\n\n<p>Was mich v\u00f6llig konsternierte:  es gab keinen Ausstellungskatalog!<\/p>\n\n\n\n<p>Fazit: den Besuch des Museums (Eintritt 8 Euro) h\u00e4tte ich mir trotz des interessanten Themas sparen k\u00f6nnen. Mehr als in der Pressemitteilung und auf der Website der Stiftung schon vorher zu lesen war, konnte ich nicht erfahren.<\/p>\n\n\n\n<p>Gl\u00fccklicherweise ist ein Exemplar des Katalogs in meiner Lieblingsbibliothek vorhanden &#8211; nicht gerade um die Ecke, aber ich werde mich auf den Weg machen.<br \/><br \/><\/p>\n","protected":false},"excerpt":{"rendered":"<p>Missgl\u00fcckter Besuch einer Ausstellung im Sauerlandmuseum Arnsberg Anfang April hatte ich hier im Blog eine Pressemitteilung des Hochsauerlandkreises zur Ausstellung \u201e ,Was damals Recht war \u2026\u2018 \u2013 Soldaten und Zivilisten &hellip; <a href=\"https:\/\/www.schiebener.net\/wordpress\/soldaten-und-zivilisten-vor-gerichten-der-wehrmacht\/\" class=\"more-link\"><span class=\"screen-reader-text\">\u201eSoldaten und Zivilisten vor Gerichten der Wehrmacht\u201c <\/span>weiterlesen<\/a><\/p>\n","protected":false},"author":3,"featured_media":0,"comment_status":"open","ping_status":"open","sticky":false,"template":"","format":"standard","meta":{"footnotes":""},"categories":[6137,319,2489,674,80,7507],"tags":[1350,1943,8908],"class_list":["post-61217","post","type-post","status-publish","format-standard","hentry","category-gericht","category-geschichte","category-in-eigener-sache","category-kultur","category-lokales","category-nationalsozialismus","tag-arnsberg","tag-sauerlandmuseum","tag-wehrmacht"],"_links":{"self":[{"href":"https:\/\/www.schiebener.net\/wordpress\/wp-json\/wp\/v2\/posts\/61217","targetHints":{"allow":["GET"]}}],"collection":[{"href":"https:\/\/www.schiebener.net\/wordpress\/wp-json\/wp\/v2\/posts"}],"about":[{"href":"https:\/\/www.schiebener.net\/wordpress\/wp-json\/wp\/v2\/types\/post"}],"author":[{"embeddable":true,"href":"https:\/\/www.schiebener.net\/wordpress\/wp-json\/wp\/v2\/users\/3"}],"replies":[{"embeddable":true,"href":"https:\/\/www.schiebener.net\/wordpress\/wp-json\/wp\/v2\/comments?post=61217"}],"version-history":[{"count":0,"href":"https:\/\/www.schiebener.net\/wordpress\/wp-json\/wp\/v2\/posts\/61217\/revisions"}],"wp:attachment":[{"href":"https:\/\/www.schiebener.net\/wordpress\/wp-json\/wp\/v2\/media?parent=61217"}],"wp:term":[{"taxonomy":"category","embeddable":true,"href":"https:\/\/www.schiebener.net\/wordpress\/wp-json\/wp\/v2\/categories?post=61217"},{"taxonomy":"post_tag","embeddable":true,"href":"https:\/\/www.schiebener.net\/wordpress\/wp-json\/wp\/v2\/tags?post=61217"}],"curies":[{"name":"wp","href":"https:\/\/api.w.org\/{rel}","templated":true}]}}