{"id":61203,"date":"2025-06-03T10:07:21","date_gmt":"2025-06-03T08:07:21","guid":{"rendered":"https:\/\/www.schiebener.net\/wordpress\/?p=61203"},"modified":"2025-06-03T17:52:26","modified_gmt":"2025-06-03T15:52:26","slug":"pausenbild-pusteblume","status":"publish","type":"post","link":"https:\/\/www.schiebener.net\/wordpress\/pausenbild-pusteblume\/","title":{"rendered":"Pausenbild: Pusteblume &#8230;"},"content":{"rendered":"\n<h3 class=\"wp-block-heading\">sowie ein paar Gedanken zu Fr\u00fchlingsende und Sommerbeginn<\/h3>\n\n\n<div class=\"wp-block-image\">\n<figure class=\"aligncenter size-large\"><a href=\"https:\/\/www.schiebener.net\/wordpress\/wp-content\/uploads\/2025\/06\/2025053105Pusteblume.jpg\" target=\"_blank\" rel=\" noreferrer noopener\"><img loading=\"lazy\" decoding=\"async\" width=\"1024\" height=\"683\" src=\"https:\/\/www.schiebener.net\/wordpress\/wp-content\/uploads\/2025\/06\/2025053105Pusteblume-1024x683.jpg\" alt=\"\" class=\"wp-image-61204\" srcset=\"https:\/\/www.schiebener.net\/wordpress\/wp-content\/uploads\/2025\/06\/2025053105Pusteblume-1024x683.jpg 1024w, https:\/\/www.schiebener.net\/wordpress\/wp-content\/uploads\/2025\/06\/2025053105Pusteblume-300x200.jpg 300w, https:\/\/www.schiebener.net\/wordpress\/wp-content\/uploads\/2025\/06\/2025053105Pusteblume-768x512.jpg 768w, https:\/\/www.schiebener.net\/wordpress\/wp-content\/uploads\/2025\/06\/2025053105Pusteblume-1536x1024.jpg 1536w, https:\/\/www.schiebener.net\/wordpress\/wp-content\/uploads\/2025\/06\/2025053105Pusteblume-1200x800.jpg 1200w, https:\/\/www.schiebener.net\/wordpress\/wp-content\/uploads\/2025\/06\/2025053105Pusteblume.jpg 2048w\" sizes=\"auto, (max-width: 709px) 85vw, (max-width: 909px) 67vw, (max-width: 1362px) 62vw, 840px\" \/><\/a><figcaption class=\"wp-element-caption\">Der Fr\u00fchling neigt sich dem Ende zu, der L\u00f6wenzahn verteilt seine letzten Flugfr\u00fcchte. (foto: zoom)<\/figcaption><\/figure>\n<\/div>\n\n\n<p><strong>Am 1. Juni hat der meteorologische Sommer begonnen und ich g\u00f6nne mir eine kleine Blogpause.<\/strong><\/p>\n\n\n\n<p>Der kalendarische Fr\u00fchling ist noch nicht zu Ende. Der Sommer beginnt laut Kalender am 21. Juni 2025.<\/p>\n\n\n\n<p>Der ph\u00e4nologische Fr\u00fchsommer hingegen startet mit der Bl\u00fcte von Holunder, Roggen, Robinie sowie dem Bl\u00fcteh\u00f6hepunkt der Wiesen und Getreidefelder; am Ende des Fr\u00fchsommers erfolgt die erste Heuernte.<\/p>\n\n\n\n<p>Zu diesem Naturkalender siehe: <a href=\"https:\/\/www.nabu.de\/tiere-und-pflanzen\/pflanzen\/pflanzenwissen\/jahreszeiten.html\" target=\"_blank\" rel=\"noreferrer noopener\">https:\/\/www.nabu.de\/tiere-und-pflanzen\/pflanzen\/pflanzenwissen\/jahreszeiten.html<\/a><\/p>\n","protected":false},"excerpt":{"rendered":"<p>sowie ein paar Gedanken zu Fr\u00fchlingsende und Sommerbeginn Am 1. Juni hat der meteorologische Sommer begonnen und ich g\u00f6nne mir eine kleine Blogpause. Der kalendarische Fr\u00fchling ist noch nicht zu &hellip; <a href=\"https:\/\/www.schiebener.net\/wordpress\/pausenbild-pusteblume\/\" class=\"more-link\"><span class=\"screen-reader-text\">\u201ePausenbild: Pusteblume &#8230;\u201c <\/span>weiterlesen<\/a><\/p>\n","protected":false},"author":3,"featured_media":0,"comment_status":"open","ping_status":"open","sticky":false,"template":"","format":"standard","meta":{"footnotes":""},"categories":[174,2489,549],"tags":[384,453,3031],"class_list":["post-61203","post","type-post","status-publish","format-standard","hentry","category-dit-und-dat","category-in-eigener-sache","category-umwelt","tag-fruhling","tag-lowenzahn","tag-sommer"],"_links":{"self":[{"href":"https:\/\/www.schiebener.net\/wordpress\/wp-json\/wp\/v2\/posts\/61203","targetHints":{"allow":["GET"]}}],"collection":[{"href":"https:\/\/www.schiebener.net\/wordpress\/wp-json\/wp\/v2\/posts"}],"about":[{"href":"https:\/\/www.schiebener.net\/wordpress\/wp-json\/wp\/v2\/types\/post"}],"author":[{"embeddable":true,"href":"https:\/\/www.schiebener.net\/wordpress\/wp-json\/wp\/v2\/users\/3"}],"replies":[{"embeddable":true,"href":"https:\/\/www.schiebener.net\/wordpress\/wp-json\/wp\/v2\/comments?post=61203"}],"version-history":[{"count":0,"href":"https:\/\/www.schiebener.net\/wordpress\/wp-json\/wp\/v2\/posts\/61203\/revisions"}],"wp:attachment":[{"href":"https:\/\/www.schiebener.net\/wordpress\/wp-json\/wp\/v2\/media?parent=61203"}],"wp:term":[{"taxonomy":"category","embeddable":true,"href":"https:\/\/www.schiebener.net\/wordpress\/wp-json\/wp\/v2\/categories?post=61203"},{"taxonomy":"post_tag","embeddable":true,"href":"https:\/\/www.schiebener.net\/wordpress\/wp-json\/wp\/v2\/tags?post=61203"}],"curies":[{"name":"wp","href":"https:\/\/api.w.org\/{rel}","templated":true}]}}