{"id":61194,"date":"2025-05-31T21:33:18","date_gmt":"2025-05-31T19:33:18","guid":{"rendered":"https:\/\/www.schiebener.net\/wordpress\/?p=61194"},"modified":"2025-06-04T13:36:50","modified_gmt":"2025-06-04T11:36:50","slug":"dorfspaziergang-je-kuerzer-desto-mehr-bilder","status":"publish","type":"post","link":"https:\/\/www.schiebener.net\/wordpress\/dorfspaziergang-je-kuerzer-desto-mehr-bilder\/","title":{"rendered":"Dorfspaziergang: Je k\u00fcrzer, desto mehr Bilder"},"content":{"rendered":"<div class=\"wp-block-image\">\n<figure class=\"aligncenter size-large\"><a href=\"https:\/\/www.schiebener.net\/wordpress\/wp-content\/uploads\/2025\/05\/2025053001Spaziergang.jpg\" target=\"_blank\" rel=\" noreferrer noopener\"><img loading=\"lazy\" decoding=\"async\" width=\"1024\" height=\"768\" src=\"https:\/\/www.schiebener.net\/wordpress\/wp-content\/uploads\/2025\/05\/2025053001Spaziergang-1024x768.jpg\" alt=\"\" class=\"wp-image-61195\" srcset=\"https:\/\/www.schiebener.net\/wordpress\/wp-content\/uploads\/2025\/05\/2025053001Spaziergang-1024x768.jpg 1024w, https:\/\/www.schiebener.net\/wordpress\/wp-content\/uploads\/2025\/05\/2025053001Spaziergang-300x225.jpg 300w, https:\/\/www.schiebener.net\/wordpress\/wp-content\/uploads\/2025\/05\/2025053001Spaziergang-768x576.jpg 768w, https:\/\/www.schiebener.net\/wordpress\/wp-content\/uploads\/2025\/05\/2025053001Spaziergang-1536x1152.jpg 1536w, https:\/\/www.schiebener.net\/wordpress\/wp-content\/uploads\/2025\/05\/2025053001Spaziergang-1200x900.jpg 1200w, https:\/\/www.schiebener.net\/wordpress\/wp-content\/uploads\/2025\/05\/2025053001Spaziergang.jpg 2048w\" sizes=\"auto, (max-width: 709px) 85vw, (max-width: 909px) 67vw, (max-width: 1362px) 62vw, 840px\" \/><\/a><figcaption class=\"wp-element-caption\">Die Bank im Schatten, das Tal in der Sonne (foto: zoom)<\/figcaption><\/figure>\n<\/div>\n\n\n<p><strong>Mehr als ein klitzekleiner Minispaziergang war nicht drin. Elf Minuten hoch, neun Minuten zur\u00fcck. Im Dorfjargon hei\u00dft es &#8222;auf die Ennert&#8220;.<\/strong><\/p>\n\n\n\n<p>Bis hoch zur Bank im Schatten m\u00fcssen Radfahrer*innen kr\u00e4ftig treten und Jogger*innen heftig schnaufen. Ab der Bank wird es flacher und man kann den Abschnitt durch den Buchenwald genie\u00dfen, es sei denn, es k\u00fcrzen wieder zu viele Autofahrer*innen zwischen Silbach und Siedlinghausen ab. Laut Verkehrszeichen ist es verboten bzw. nur f\u00fcr den landwirtschaftlichen Verkehr erlaubt, aber wer kontrolliert hier oben?<\/p>\n\n\n\n<!--more-->\n\n\n\n<p>Gewohnheitsrecht bricht Verkehrsrecht, gewisserma\u00dfen als moralische Selbsterm\u00e4chtigung.<\/p>\n\n\n\n<p>Es ist ansonsten ein wundersch\u00f6ner Weg und ich schaue mich um.<\/p>\n\n\n<div class=\"wp-block-image\">\n<figure class=\"aligncenter size-large\"><a href=\"https:\/\/www.schiebener.net\/wordpress\/wp-content\/uploads\/2025\/05\/2025053002Spaziergang.jpg\" target=\"_blank\" rel=\" noreferrer noopener\"><img loading=\"lazy\" decoding=\"async\" width=\"768\" height=\"1024\" src=\"https:\/\/www.schiebener.net\/wordpress\/wp-content\/uploads\/2025\/05\/2025053002Spaziergang-768x1024.jpg\" alt=\"\" class=\"wp-image-61196\" srcset=\"https:\/\/www.schiebener.net\/wordpress\/wp-content\/uploads\/2025\/05\/2025053002Spaziergang-768x1025.jpg 768w, https:\/\/www.schiebener.net\/wordpress\/wp-content\/uploads\/2025\/05\/2025053002Spaziergang-225x300.jpg 225w, https:\/\/www.schiebener.net\/wordpress\/wp-content\/uploads\/2025\/05\/2025053002Spaziergang-1151x1536.jpg 1151w, https:\/\/www.schiebener.net\/wordpress\/wp-content\/uploads\/2025\/05\/2025053002Spaziergang-1200x1601.jpg 1200w, https:\/\/www.schiebener.net\/wordpress\/wp-content\/uploads\/2025\/05\/2025053002Spaziergang.jpg 1535w\" sizes=\"auto, (max-width: 709px) 85vw, (max-width: 909px) 67vw, (max-width: 984px) 61vw, (max-width: 1362px) 45vw, 600px\" \/><\/a><figcaption class=\"wp-element-caption\">Blick zur\u00fcck (foto: zoom)<\/figcaption><\/figure>\n<\/div>\n\n\n<p>Der von Buchen \u00fcberschattete Abschnitt ist bald zu Ende. Ein kleines Schild sagt mir, dass der Weg zum Hauptwanderweg, dem Rothaarsteig, f\u00fchrt. Bis dorthin w\u00e4ren es allerdings noch ein paar Kilometer. Das Tal, in das sich die Wiesen senken, ist das Negertal. Dort flie\u00dft ein Gew\u00e4sserchen namens Neger. Sein Quellgebiet liegt auf der Hunau.<\/p>\n\n\n<div class=\"wp-block-image\">\n<figure class=\"aligncenter size-large\"><a href=\"https:\/\/www.schiebener.net\/wordpress\/wp-content\/uploads\/2025\/05\/2025053003Spaziergang.jpg\" target=\"_blank\" rel=\" noreferrer noopener\"><img loading=\"lazy\" decoding=\"async\" width=\"768\" height=\"1024\" src=\"https:\/\/www.schiebener.net\/wordpress\/wp-content\/uploads\/2025\/05\/2025053003Spaziergang-768x1024.jpg\" alt=\"\" class=\"wp-image-61197\" srcset=\"https:\/\/www.schiebener.net\/wordpress\/wp-content\/uploads\/2025\/05\/2025053003Spaziergang-768x1024.jpg 768w, https:\/\/www.schiebener.net\/wordpress\/wp-content\/uploads\/2025\/05\/2025053003Spaziergang-225x300.jpg 225w, https:\/\/www.schiebener.net\/wordpress\/wp-content\/uploads\/2025\/05\/2025053003Spaziergang-1152x1536.jpg 1152w, https:\/\/www.schiebener.net\/wordpress\/wp-content\/uploads\/2025\/05\/2025053003Spaziergang-1200x1600.jpg 1200w, https:\/\/www.schiebener.net\/wordpress\/wp-content\/uploads\/2025\/05\/2025053003Spaziergang.jpg 1536w\" sizes=\"auto, (max-width: 709px) 85vw, (max-width: 909px) 67vw, (max-width: 984px) 61vw, (max-width: 1362px) 45vw, 600px\" \/><\/a><figcaption class=\"wp-element-caption\">Der Weg auf die Ennert ist ein Zuweg zum Rothaarsteig (foto: zoom)<\/figcaption><\/figure>\n<\/div>\n\n\n<p>Das Thema, ob die Bezeichnung <em>Neger<\/em> rassistisch ist oder nicht, hatten wir schon irgendwo in den Tiefen des Blogs. Daher lasse ich das Tal heute rechts liegen. Aus Gespr\u00e4chen wei\u00df ich, dass 99,3% der Siedlingh\u00e4user*innen die Bezeichnung f\u00fcr nicht rassistischen Ursprungs halten. Sicher ist nur, dass die Herkunft ungewiss ist.<\/p>\n\n\n<div class=\"wp-block-image\">\n<figure class=\"aligncenter size-large\"><a href=\"https:\/\/www.schiebener.net\/wordpress\/wp-content\/uploads\/2025\/05\/2025053004Spaziergang.jpg\" target=\"_blank\" rel=\" noreferrer noopener\"><img loading=\"lazy\" decoding=\"async\" width=\"1024\" height=\"768\" src=\"https:\/\/www.schiebener.net\/wordpress\/wp-content\/uploads\/2025\/05\/2025053004Spaziergang-1024x768.jpg\" alt=\"\" class=\"wp-image-61198\" srcset=\"https:\/\/www.schiebener.net\/wordpress\/wp-content\/uploads\/2025\/05\/2025053004Spaziergang-1024x768.jpg 1024w, https:\/\/www.schiebener.net\/wordpress\/wp-content\/uploads\/2025\/05\/2025053004Spaziergang-300x225.jpg 300w, https:\/\/www.schiebener.net\/wordpress\/wp-content\/uploads\/2025\/05\/2025053004Spaziergang-768x576.jpg 768w, https:\/\/www.schiebener.net\/wordpress\/wp-content\/uploads\/2025\/05\/2025053004Spaziergang-1536x1152.jpg 1536w, https:\/\/www.schiebener.net\/wordpress\/wp-content\/uploads\/2025\/05\/2025053004Spaziergang-1200x900.jpg 1200w, https:\/\/www.schiebener.net\/wordpress\/wp-content\/uploads\/2025\/05\/2025053004Spaziergang.jpg 2048w\" sizes=\"auto, (max-width: 709px) 85vw, (max-width: 909px) 67vw, (max-width: 1362px) 62vw, 840px\" \/><\/a><figcaption class=\"wp-element-caption\">Sauerampfer und Wiesenkerbel am Wegrand (foto: zoom)<\/figcaption><\/figure>\n<\/div>\n\n\n<p>Neben dem Weg w\u00e4chst ein schmaler Streifen krautiger Pflanzen. Auf dem Bild sind Sauerampfer und Wiesenkerbel zu sehen. Im Laufe des Juni werden noch mehr Kr\u00e4uter bl\u00fchen.<\/p>\n\n\n<div class=\"wp-block-image\">\n<figure class=\"aligncenter size-large\"><a href=\"https:\/\/www.schiebener.net\/wordpress\/wp-content\/uploads\/2025\/05\/2025053005Spaziergang.jpg\" target=\"_blank\" rel=\" noreferrer noopener\"><img loading=\"lazy\" decoding=\"async\" width=\"1024\" height=\"768\" src=\"https:\/\/www.schiebener.net\/wordpress\/wp-content\/uploads\/2025\/05\/2025053005Spaziergang-1024x768.jpg\" alt=\"\" class=\"wp-image-61199\" srcset=\"https:\/\/www.schiebener.net\/wordpress\/wp-content\/uploads\/2025\/05\/2025053005Spaziergang-1024x768.jpg 1024w, https:\/\/www.schiebener.net\/wordpress\/wp-content\/uploads\/2025\/05\/2025053005Spaziergang-300x225.jpg 300w, https:\/\/www.schiebener.net\/wordpress\/wp-content\/uploads\/2025\/05\/2025053005Spaziergang-768x576.jpg 768w, https:\/\/www.schiebener.net\/wordpress\/wp-content\/uploads\/2025\/05\/2025053005Spaziergang-1536x1152.jpg 1536w, https:\/\/www.schiebener.net\/wordpress\/wp-content\/uploads\/2025\/05\/2025053005Spaziergang-1200x900.jpg 1200w, https:\/\/www.schiebener.net\/wordpress\/wp-content\/uploads\/2025\/05\/2025053005Spaziergang.jpg 2048w\" sizes=\"auto, (max-width: 709px) 85vw, (max-width: 909px) 67vw, (max-width: 1362px) 62vw, 840px\" \/><\/a><figcaption class=\"wp-element-caption\">Bank in der Sonne (foto: zoom)<\/figcaption><\/figure>\n<\/div>\n\n\n<p>Bei der Bank in der Sonne bin ich am Ziel. Links liegt eine Wiese, rechts wird der Mais wachsen. Geradeaus ginge es Richtung Himmelskrone, links herum nach Silbach oder zum Bergsee am Meisterstein.<\/p>\n\n\n\n<p>Umkehren. Mini-Spaziergang beenden. Neun Minuten sp\u00e4ter auf der Bank im Schatten die Beine hochlegen.<\/p>\n","protected":false},"excerpt":{"rendered":"<p>Mehr als ein klitzekleiner Minispaziergang war nicht drin. Elf Minuten hoch, neun Minuten zur\u00fcck. Im Dorfjargon hei\u00dft es &#8222;auf die Ennert&#8220;. Bis hoch zur Bank im Schatten m\u00fcssen Radfahrer*innen kr\u00e4ftig &hellip; <a href=\"https:\/\/www.schiebener.net\/wordpress\/dorfspaziergang-je-kuerzer-desto-mehr-bilder\/\" class=\"more-link\"><span class=\"screen-reader-text\">\u201eDorfspaziergang: Je k\u00fcrzer, desto mehr Bilder\u201c <\/span>weiterlesen<\/a><\/p>\n","protected":false},"author":3,"featured_media":0,"comment_status":"open","ping_status":"open","sticky":false,"template":"","format":"standard","meta":{"footnotes":""},"categories":[174,1732,2489,80,549,648],"tags":[6480,1290],"class_list":["post-61194","post","type-post","status-publish","format-standard","hentry","category-dit-und-dat","category-freizeit","category-in-eigener-sache","category-lokales","category-umwelt","category-was-tun-gegen-langweile","tag-dorfspaziergang","tag-ennert"],"_links":{"self":[{"href":"https:\/\/www.schiebener.net\/wordpress\/wp-json\/wp\/v2\/posts\/61194","targetHints":{"allow":["GET"]}}],"collection":[{"href":"https:\/\/www.schiebener.net\/wordpress\/wp-json\/wp\/v2\/posts"}],"about":[{"href":"https:\/\/www.schiebener.net\/wordpress\/wp-json\/wp\/v2\/types\/post"}],"author":[{"embeddable":true,"href":"https:\/\/www.schiebener.net\/wordpress\/wp-json\/wp\/v2\/users\/3"}],"replies":[{"embeddable":true,"href":"https:\/\/www.schiebener.net\/wordpress\/wp-json\/wp\/v2\/comments?post=61194"}],"version-history":[{"count":0,"href":"https:\/\/www.schiebener.net\/wordpress\/wp-json\/wp\/v2\/posts\/61194\/revisions"}],"wp:attachment":[{"href":"https:\/\/www.schiebener.net\/wordpress\/wp-json\/wp\/v2\/media?parent=61194"}],"wp:term":[{"taxonomy":"category","embeddable":true,"href":"https:\/\/www.schiebener.net\/wordpress\/wp-json\/wp\/v2\/categories?post=61194"},{"taxonomy":"post_tag","embeddable":true,"href":"https:\/\/www.schiebener.net\/wordpress\/wp-json\/wp\/v2\/tags?post=61194"}],"curies":[{"name":"wp","href":"https:\/\/api.w.org\/{rel}","templated":true}]}}