{"id":61153,"date":"2025-05-26T09:38:34","date_gmt":"2025-05-26T07:38:34","guid":{"rendered":"https:\/\/www.schiebener.net\/wordpress\/?p=61153"},"modified":"2025-05-26T09:38:34","modified_gmt":"2025-05-26T07:38:34","slug":"spaziergang-am-schmantel-stadtradeln-nicht-vergessen","status":"publish","type":"post","link":"https:\/\/www.schiebener.net\/wordpress\/spaziergang-am-schmantel-stadtradeln-nicht-vergessen\/","title":{"rendered":"Spaziergang am Schmantel &#8211; Stadtradeln nicht vergessen"},"content":{"rendered":"<div class=\"wp-block-image\">\n<figure class=\"aligncenter size-large\"><a href=\"https:\/\/www.schiebener.net\/wordpress\/wp-content\/uploads\/2025\/05\/2025052505WinterbergSchmantel.jpg\" target=\"_blank\" rel=\" noreferrer noopener\"><img loading=\"lazy\" decoding=\"async\" width=\"1024\" height=\"683\" src=\"https:\/\/www.schiebener.net\/wordpress\/wp-content\/uploads\/2025\/05\/2025052505WinterbergSchmantel-1024x683.jpg\" alt=\"\" class=\"wp-image-61154\" srcset=\"https:\/\/www.schiebener.net\/wordpress\/wp-content\/uploads\/2025\/05\/2025052505WinterbergSchmantel-1024x683.jpg 1024w, https:\/\/www.schiebener.net\/wordpress\/wp-content\/uploads\/2025\/05\/2025052505WinterbergSchmantel-300x200.jpg 300w, https:\/\/www.schiebener.net\/wordpress\/wp-content\/uploads\/2025\/05\/2025052505WinterbergSchmantel-768x512.jpg 768w, https:\/\/www.schiebener.net\/wordpress\/wp-content\/uploads\/2025\/05\/2025052505WinterbergSchmantel-1536x1024.jpg 1536w, https:\/\/www.schiebener.net\/wordpress\/wp-content\/uploads\/2025\/05\/2025052505WinterbergSchmantel-1200x800.jpg 1200w, https:\/\/www.schiebener.net\/wordpress\/wp-content\/uploads\/2025\/05\/2025052505WinterbergSchmantel.jpg 2048w\" sizes=\"auto, (max-width: 709px) 85vw, (max-width: 909px) 67vw, (max-width: 1362px) 62vw, 840px\" \/><\/a><figcaption class=\"wp-element-caption\">Blick \u00fcber die Bergwiesen am Schmantel (foto: zoom)<\/figcaption><\/figure>\n<\/div>\n\n\n<p><strong>Wenn ich eine kleine Auszeit brauche, gehe ich gern um den Schmantel in Winterberg. Es gibt dort nichts Sensationelles zu sehen: Bergwiesen, Scheunen und ab und zu ein weiter Blick \u00fcber die Berge.<\/strong><\/p>\n\n\n\n<p>Tourist*innenhorden sind dort nicht zu finden. Diese halten sich eher in anderen Teilen der Kernstadt Winterberg auf. Es k\u00f6nnte aber auch sein, dass sie sich wunderbar in die ruhige Landschaft integrieren und daher nicht herausstechen.<\/p>\n\n\n\n<p>Ach, ich habe gar nichts gegen den Tourismus. Ohne ihn, g\u00e4be es kein Kino, keinen Irish Pub, keine Zuganbindung und noch weniger Radwege.<\/p>\n\n\n\n<p>Dabei f\u00e4llt mir ein, dass am 1. Juni das Stadtradeln in Winterberg beginnt. Meldet euch an: <a href=\"https:\/\/www.stadtradeln.de\/winterberg\" target=\"_blank\" rel=\"noreferrer noopener\">https:\/\/www.stadtradeln.de\/winterberg<\/a><\/p>\n\n\n\n<p><strong>Auftakt:\u00a0\u00a0\u00a0\u00a0\u00a0\u00a0\u00a0\u00a0\u00a0\u00a0\u00a0\u00a0\u00a0\u00a001.06.2025 ab 17.00 Uhr<\/strong><\/p>\n\n\n\n<p><strong>Ort:\u00a0\u00a0\u00a0\u00a0\u00a0\u00a0\u00a0\u00a0\u00a0\u00a0\u00a0\u00a0\u00a0\u00a0\u00a0\u00a0\u00a0\u00a0\u00a0\u00a0\u00a0  Parkplatz am Nordhang<\/strong><\/p>\n\n\n\n<p><strong>Programm:\u00a0\u00a0\u00a0\u00a0\u00a0\u00a0\u00a0Begr\u00fc\u00dfung durch B\u00fcrgermeister Michael Beckmann<\/strong><\/p>\n\n\n\n<p><strong>\u00a0\u00a0\u00a0\u00a0\u00a0\u00a0\u00a0\u00a0\u00a0\u00a0\u00a0\u00a0\u00a0\u00a0\u00a0\u00a0\u00a0\u00a0\u00a0\u00a0\u00a0\u00a0\u00a0\u00a0\u00a0\u00a0\u00a0\u00a0\u00a0\u00a0 Wortgottesdienst mit Fahrradweihe<\/strong><\/p>\n\n\n\n<p><strong>&nbsp;&nbsp;&nbsp;&nbsp;&nbsp;&nbsp;&nbsp;&nbsp;&nbsp;&nbsp;&nbsp;&nbsp;&nbsp;&nbsp;&nbsp;&nbsp;&nbsp;&nbsp;&nbsp;&nbsp;&nbsp;&nbsp;&nbsp;&nbsp;&nbsp;&nbsp;&nbsp;&nbsp;&nbsp;&nbsp; Auftakt-Radtour um den Hohen Knochen, ca. 19 km<\/strong><\/p>\n","protected":false},"excerpt":{"rendered":"<p>Wenn ich eine kleine Auszeit brauche, gehe ich gern um den Schmantel in Winterberg. Es gibt dort nichts Sensationelles zu sehen: Bergwiesen, Scheunen und ab und zu ein weiter Blick &hellip; <a href=\"https:\/\/www.schiebener.net\/wordpress\/spaziergang-am-schmantel-stadtradeln-nicht-vergessen\/\" class=\"more-link\"><span class=\"screen-reader-text\">\u201eSpaziergang am Schmantel &#8211; Stadtradeln nicht vergessen\u201c <\/span>weiterlesen<\/a><\/p>\n","protected":false},"author":3,"featured_media":0,"comment_status":"open","ping_status":"open","sticky":false,"template":"","format":"standard","meta":{"footnotes":""},"categories":[174,7088,80,71,618],"tags":[835,9112,322],"class_list":["post-61153","post","type-post","status-publish","format-standard","hentry","category-dit-und-dat","category-gesundheit","category-lokales","category-sport","category-verkehr","tag-hochsauerlandkreis","tag-stadtradeln","tag-winterberg"],"_links":{"self":[{"href":"https:\/\/www.schiebener.net\/wordpress\/wp-json\/wp\/v2\/posts\/61153","targetHints":{"allow":["GET"]}}],"collection":[{"href":"https:\/\/www.schiebener.net\/wordpress\/wp-json\/wp\/v2\/posts"}],"about":[{"href":"https:\/\/www.schiebener.net\/wordpress\/wp-json\/wp\/v2\/types\/post"}],"author":[{"embeddable":true,"href":"https:\/\/www.schiebener.net\/wordpress\/wp-json\/wp\/v2\/users\/3"}],"replies":[{"embeddable":true,"href":"https:\/\/www.schiebener.net\/wordpress\/wp-json\/wp\/v2\/comments?post=61153"}],"version-history":[{"count":0,"href":"https:\/\/www.schiebener.net\/wordpress\/wp-json\/wp\/v2\/posts\/61153\/revisions"}],"wp:attachment":[{"href":"https:\/\/www.schiebener.net\/wordpress\/wp-json\/wp\/v2\/media?parent=61153"}],"wp:term":[{"taxonomy":"category","embeddable":true,"href":"https:\/\/www.schiebener.net\/wordpress\/wp-json\/wp\/v2\/categories?post=61153"},{"taxonomy":"post_tag","embeddable":true,"href":"https:\/\/www.schiebener.net\/wordpress\/wp-json\/wp\/v2\/tags?post=61153"}],"curies":[{"name":"wp","href":"https:\/\/api.w.org\/{rel}","templated":true}]}}