{"id":61144,"date":"2025-05-25T21:22:37","date_gmt":"2025-05-25T19:22:37","guid":{"rendered":"https:\/\/www.schiebener.net\/wordpress\/?p=61144"},"modified":"2025-05-26T08:54:54","modified_gmt":"2025-05-26T06:54:54","slug":"ungepflegt-der-juedische-friedhof-in-winterberg","status":"publish","type":"post","link":"https:\/\/www.schiebener.net\/wordpress\/ungepflegt-der-juedische-friedhof-in-winterberg\/","title":{"rendered":"Ungepflegt: der J\u00fcdische Friedhof in Winterberg"},"content":{"rendered":"<div class=\"wp-block-image\">\n<figure class=\"aligncenter size-large\"><a href=\"https:\/\/www.schiebener.net\/wordpress\/wp-content\/uploads\/2025\/05\/2025052501WinterbergJuedischerFriedhof.jpg\" target=\"_blank\" rel=\" noreferrer noopener\"><img loading=\"lazy\" decoding=\"async\" width=\"1024\" height=\"683\" src=\"https:\/\/www.schiebener.net\/wordpress\/wp-content\/uploads\/2025\/05\/2025052501WinterbergJuedischerFriedhof-1024x683.jpg\" alt=\"\" class=\"wp-image-61145\" srcset=\"https:\/\/www.schiebener.net\/wordpress\/wp-content\/uploads\/2025\/05\/2025052501WinterbergJuedischerFriedhof-1024x683.jpg 1024w, https:\/\/www.schiebener.net\/wordpress\/wp-content\/uploads\/2025\/05\/2025052501WinterbergJuedischerFriedhof-300x200.jpg 300w, https:\/\/www.schiebener.net\/wordpress\/wp-content\/uploads\/2025\/05\/2025052501WinterbergJuedischerFriedhof-768x512.jpg 768w, https:\/\/www.schiebener.net\/wordpress\/wp-content\/uploads\/2025\/05\/2025052501WinterbergJuedischerFriedhof-1536x1024.jpg 1536w, https:\/\/www.schiebener.net\/wordpress\/wp-content\/uploads\/2025\/05\/2025052501WinterbergJuedischerFriedhof-1200x800.jpg 1200w, https:\/\/www.schiebener.net\/wordpress\/wp-content\/uploads\/2025\/05\/2025052501WinterbergJuedischerFriedhof.jpg 2048w\" sizes=\"auto, (max-width: 709px) 85vw, (max-width: 909px) 67vw, (max-width: 1362px) 62vw, 840px\" \/><\/a><figcaption class=\"wp-element-caption\">Die Stufen hinauf zum Eingangstor. Vorsicht! Das Gel\u00e4nder ist wackelig. (foto: zoom)<\/figcaption><\/figure>\n<\/div>\n\n\n<p><strong>Vor fast genau zwei Jahren hatte ich hier im Blog einen Artikel mit der \u00dcberschrift &#8222;<a href=\"https:\/\/www.schiebener.net\/wordpress\/wildkraeuter-experiment-oder-einfach-nur-mangelhafte-pflege-der-juedische-friedhof-in-winterberg\/\" target=\"_blank\" rel=\"noreferrer noopener\">Wildkr\u00e4uter-Experiment oder einfach nur mangelhafte Pflege: der J\u00fcdische Friedhof in Winterberg<\/a>&#8220; ver\u00f6ffentlicht.<\/strong><\/p>\n\n\n\n<p>Schon im August 2018 war folgender Blogbeitrag erschienen: <a href=\"https:\/\/www.schiebener.net\/wordpress\/der-juedische-friedhof-winterberg-erschuetternd-ungepflegt\/\" target=\"_blank\" rel=\"noreferrer noopener\">Der J\u00fcdische Friedhof Winterberg: ersch\u00fctternd ungepflegt<\/a><\/p>\n\n\n\n<p>Heute habe ich an einem tr\u00fcben Sonntagmorgen den J\u00fcdischen Friedhof besucht und war ersch\u00fcttert \u00fcber den Zustand des Gel\u00e4nders an der rechten Seite der Treppenstufen. Das Holz ist verrottet und h\u00e4ngt lose in der Bodenverankerung. Mit relativ geringem Kraftaufwand h\u00e4tte ich die Konstruktion umwerfen k\u00f6nnen.<\/p>\n\n\n\n<!--more-->\n\n\n\n<p>Sollte dort jemand st\u00fcrzen, k\u00f6nnte dies &#8211; ich bin allerdings kein Jurist &#8211; ein Fall f\u00fcr Schadensersatzforderungen o. \u00e4. werden.<\/p>\n\n\n<div class=\"wp-block-image\">\n<figure class=\"aligncenter size-large\"><a href=\"https:\/\/www.schiebener.net\/wordpress\/wp-content\/uploads\/2025\/05\/2025052504WinterbergJuedischerFriedhof.jpg\" target=\"_blank\" rel=\" noreferrer noopener\"><img loading=\"lazy\" decoding=\"async\" width=\"1024\" height=\"683\" src=\"https:\/\/www.schiebener.net\/wordpress\/wp-content\/uploads\/2025\/05\/2025052504WinterbergJuedischerFriedhof-1024x683.jpg\" alt=\"\" class=\"wp-image-61148\" srcset=\"https:\/\/www.schiebener.net\/wordpress\/wp-content\/uploads\/2025\/05\/2025052504WinterbergJuedischerFriedhof-1024x683.jpg 1024w, https:\/\/www.schiebener.net\/wordpress\/wp-content\/uploads\/2025\/05\/2025052504WinterbergJuedischerFriedhof-300x200.jpg 300w, https:\/\/www.schiebener.net\/wordpress\/wp-content\/uploads\/2025\/05\/2025052504WinterbergJuedischerFriedhof-768x512.jpg 768w, https:\/\/www.schiebener.net\/wordpress\/wp-content\/uploads\/2025\/05\/2025052504WinterbergJuedischerFriedhof-1536x1024.jpg 1536w, https:\/\/www.schiebener.net\/wordpress\/wp-content\/uploads\/2025\/05\/2025052504WinterbergJuedischerFriedhof-1200x800.jpg 1200w, https:\/\/www.schiebener.net\/wordpress\/wp-content\/uploads\/2025\/05\/2025052504WinterbergJuedischerFriedhof.jpg 2048w\" sizes=\"auto, (max-width: 709px) 85vw, (max-width: 909px) 67vw, (max-width: 1362px) 62vw, 840px\" \/><\/a><figcaption class=\"wp-element-caption\">Plakete auf einem Schild am Eingang des Friedhofs (foto: zoom)<\/figcaption><\/figure>\n<\/div>\n\n\n<p>Von der Stra\u00dfe aus ist kaum zu erkennen, dass oben an der Treppe hinter Holzpforte und Hecke ein Friedhof verborgen ist.<\/p>\n\n\n\n<p>&#8222;W\u00e4re nicht zumindest eine Hinweis- und vielleicht eine erkl\u00e4rende Geschichtstafel angemessen?&#8220;, hatte ich vor zwei Jahren gefragt. <\/p>\n\n\n\n<p>Auch in diesem Jahr pr\u00e4sentierten sich die Wege auf dem Friedhof ungepflegt, obwohl die Stadt Winterberg verpflichtet w\u00e4re, das Gel\u00e4nde in Schuss zu halten.<\/p>\n\n\n<div class=\"wp-block-image\">\n<figure class=\"aligncenter size-large\"><a href=\"https:\/\/www.schiebener.net\/wordpress\/wp-content\/uploads\/2025\/05\/2025052503WinterbergJuedischerFriedhof.jpg\" target=\"_blank\" rel=\" noreferrer noopener\"><img loading=\"lazy\" decoding=\"async\" width=\"1024\" height=\"683\" src=\"https:\/\/www.schiebener.net\/wordpress\/wp-content\/uploads\/2025\/05\/2025052503WinterbergJuedischerFriedhof-1024x683.jpg\" alt=\"\" class=\"wp-image-61147\" srcset=\"https:\/\/www.schiebener.net\/wordpress\/wp-content\/uploads\/2025\/05\/2025052503WinterbergJuedischerFriedhof-1024x683.jpg 1024w, https:\/\/www.schiebener.net\/wordpress\/wp-content\/uploads\/2025\/05\/2025052503WinterbergJuedischerFriedhof-300x200.jpg 300w, https:\/\/www.schiebener.net\/wordpress\/wp-content\/uploads\/2025\/05\/2025052503WinterbergJuedischerFriedhof-768x512.jpg 768w, https:\/\/www.schiebener.net\/wordpress\/wp-content\/uploads\/2025\/05\/2025052503WinterbergJuedischerFriedhof-1536x1024.jpg 1536w, https:\/\/www.schiebener.net\/wordpress\/wp-content\/uploads\/2025\/05\/2025052503WinterbergJuedischerFriedhof-1200x800.jpg 1200w, https:\/\/www.schiebener.net\/wordpress\/wp-content\/uploads\/2025\/05\/2025052503WinterbergJuedischerFriedhof.jpg 2048w\" sizes=\"auto, (max-width: 709px) 85vw, (max-width: 909px) 67vw, (max-width: 1362px) 62vw, 840px\" \/><\/a><figcaption class=\"wp-element-caption\">Der L\u00f6wenzahn sprie\u00dft auf den Schotterwegen des Friedhofs. (foto: zoom)<\/figcaption><\/figure>\n<\/div>\n\n\n<p>Zwischen den Grabsteinen gedeiht das Gras, aber auch die Schwarze Teufelskralle &#8211; immerhin.<\/p>\n\n\n<div class=\"wp-block-image\">\n<figure class=\"aligncenter size-large\"><a href=\"https:\/\/www.schiebener.net\/wordpress\/wp-content\/uploads\/2025\/05\/2025052502WinterbergJuedischerFriedhof.jpg\" target=\"_blank\" rel=\" noreferrer noopener\"><img loading=\"lazy\" decoding=\"async\" width=\"1024\" height=\"677\" src=\"https:\/\/www.schiebener.net\/wordpress\/wp-content\/uploads\/2025\/05\/2025052502WinterbergJuedischerFriedhof-1024x677.jpg\" alt=\"\" class=\"wp-image-61146\" srcset=\"https:\/\/www.schiebener.net\/wordpress\/wp-content\/uploads\/2025\/05\/2025052502WinterbergJuedischerFriedhof-1024x677.jpg 1024w, https:\/\/www.schiebener.net\/wordpress\/wp-content\/uploads\/2025\/05\/2025052502WinterbergJuedischerFriedhof-300x198.jpg 300w, https:\/\/www.schiebener.net\/wordpress\/wp-content\/uploads\/2025\/05\/2025052502WinterbergJuedischerFriedhof-768x507.jpg 768w, https:\/\/www.schiebener.net\/wordpress\/wp-content\/uploads\/2025\/05\/2025052502WinterbergJuedischerFriedhof-1536x1015.jpg 1536w, https:\/\/www.schiebener.net\/wordpress\/wp-content\/uploads\/2025\/05\/2025052502WinterbergJuedischerFriedhof-1200x793.jpg 1200w, https:\/\/www.schiebener.net\/wordpress\/wp-content\/uploads\/2025\/05\/2025052502WinterbergJuedischerFriedhof.jpg 2048w\" sizes=\"auto, (max-width: 709px) 85vw, (max-width: 909px) 67vw, (max-width: 1362px) 62vw, 840px\" \/><\/a><figcaption class=\"wp-element-caption\">Zwei Grabsteine (foto: zoom)<\/figcaption><\/figure>\n<\/div>\n\n\n<p>Anscheinend ist auch <a href=\"https:\/\/www.schiebener.net\/wordpress\/wildkraeuter-experiment-oder-einfach-nur-mangelhafte-pflege-der-juedische-friedhof-in-winterberg\/\" target=\"_blank\" rel=\"noreferrer noopener\">folgender Impuls am Ende des Beitrags von 2023<\/a> ungeh\u00f6rt verhallt:<\/p>\n\n\n\n<blockquote class=\"wp-block-quote is-layout-flow wp-block-quote-is-layout-flow\">\n<p><br \/>Vielleicht besch\u00e4ftigen sich ja einige Sch\u00fcler*innen im Rahmen des Jugendgeschichtsprojekts <strong>\u201eErinnern vor Ort\u201c- \u201eVergessene Schicksale: J\u00fcdische Familien im Hochsauerlandkreis\u201c<\/strong>, welches ich <a href=\"https:\/\/www.schiebener.net\/wordpress\/erinnern-vor-ort-jugendgeschichtsprojekt-im-sauerland-museum\/\" target=\"_blank\" rel=\"noreferrer noopener\">vor drei Tagen hier im Blog<\/a> vorgestellt habe, mit den Winterberger j\u00fcdischen Familien. Immerhin tr\u00e4gt das \u00f6rtliche Gymnasium den geschichtstr\u00e4chtigen Namen der Geschwister Scholl.<\/p>\n<\/blockquote>\n","protected":false},"excerpt":{"rendered":"<p>Vor fast genau zwei Jahren hatte ich hier im Blog einen Artikel mit der \u00dcberschrift &#8222;Wildkr\u00e4uter-Experiment oder einfach nur mangelhafte Pflege: der J\u00fcdische Friedhof in Winterberg&#8220; ver\u00f6ffentlicht. Schon im August &hellip; <a href=\"https:\/\/www.schiebener.net\/wordpress\/ungepflegt-der-juedische-friedhof-in-winterberg\/\" class=\"more-link\"><span class=\"screen-reader-text\">\u201eUngepflegt: der J\u00fcdische Friedhof in Winterberg\u201c <\/span>weiterlesen<\/a><\/p>\n","protected":false},"author":3,"featured_media":0,"comment_status":"open","ping_status":"open","sticky":false,"template":"","format":"standard","meta":{"footnotes":""},"categories":[3182,319,674,80,7507],"tags":[334,322],"class_list":["post-61144","post","type-post","status-publish","format-standard","hentry","category-finanzen","category-geschichte","category-kultur","category-lokales","category-nationalsozialismus","tag-judischer-friedhof","tag-winterberg"],"_links":{"self":[{"href":"https:\/\/www.schiebener.net\/wordpress\/wp-json\/wp\/v2\/posts\/61144","targetHints":{"allow":["GET"]}}],"collection":[{"href":"https:\/\/www.schiebener.net\/wordpress\/wp-json\/wp\/v2\/posts"}],"about":[{"href":"https:\/\/www.schiebener.net\/wordpress\/wp-json\/wp\/v2\/types\/post"}],"author":[{"embeddable":true,"href":"https:\/\/www.schiebener.net\/wordpress\/wp-json\/wp\/v2\/users\/3"}],"replies":[{"embeddable":true,"href":"https:\/\/www.schiebener.net\/wordpress\/wp-json\/wp\/v2\/comments?post=61144"}],"version-history":[{"count":0,"href":"https:\/\/www.schiebener.net\/wordpress\/wp-json\/wp\/v2\/posts\/61144\/revisions"}],"wp:attachment":[{"href":"https:\/\/www.schiebener.net\/wordpress\/wp-json\/wp\/v2\/media?parent=61144"}],"wp:term":[{"taxonomy":"category","embeddable":true,"href":"https:\/\/www.schiebener.net\/wordpress\/wp-json\/wp\/v2\/categories?post=61144"},{"taxonomy":"post_tag","embeddable":true,"href":"https:\/\/www.schiebener.net\/wordpress\/wp-json\/wp\/v2\/tags?post=61144"}],"curies":[{"name":"wp","href":"https:\/\/api.w.org\/{rel}","templated":true}]}}