{"id":61038,"date":"2025-05-08T20:41:52","date_gmt":"2025-05-08T18:41:52","guid":{"rendered":"https:\/\/www.schiebener.net\/wordpress\/?p=61038"},"modified":"2025-05-08T20:41:52","modified_gmt":"2025-05-08T18:41:52","slug":"der-8-mai-1945-vor-sieben-jahren-hier-im-blog","status":"publish","type":"post","link":"https:\/\/www.schiebener.net\/wordpress\/der-8-mai-1945-vor-sieben-jahren-hier-im-blog\/","title":{"rendered":"Der 8. Mai 1945 vor sieben Jahren hier im Blog"},"content":{"rendered":"\n<h3 class=\"wp-block-heading\">Das w\u00e4re ein Feiertag: der 8. Mai ist der Tag der Befreiung vom Faschismus, von nationalsozialistischer Herrschaft, von V\u00f6lkermord und dem Grauen des Krieges<\/h3>\n\n\n<div class=\"wp-block-image\">\n<figure class=\"aligncenter size-full\"><a href=\"https:\/\/www.schiebener.net\/wordpress\/wp-content\/uploads\/2025\/05\/V-E-Day_Stars_and_Stripes_No_285_Paris_8_May_1945.jpg\" target=\"_blank\" rel=\" noreferrer noopener\"><img loading=\"lazy\" decoding=\"async\" width=\"613\" height=\"898\" src=\"https:\/\/www.schiebener.net\/wordpress\/wp-content\/uploads\/2025\/05\/V-E-Day_Stars_and_Stripes_No_285_Paris_8_May_1945.jpg\" alt=\"\" class=\"wp-image-61039\" srcset=\"https:\/\/www.schiebener.net\/wordpress\/wp-content\/uploads\/2025\/05\/V-E-Day_Stars_and_Stripes_No_285_Paris_8_May_1945.jpg 613w, https:\/\/www.schiebener.net\/wordpress\/wp-content\/uploads\/2025\/05\/V-E-Day_Stars_and_Stripes_No_285_Paris_8_May_1945-205x300.jpg 205w\" sizes=\"auto, (max-width: 709px) 85vw, (max-width: 909px) 67vw, (max-width: 984px) 61vw, (max-width: 1362px) 45vw, 600px\" \/><\/a><figcaption class=\"wp-element-caption\">Vielleicht sollten wir uns diesmal selbst befreien? \u201eStars and Stripes\u201c (Zeitung der US-Army) Nr. 285 vom 8. Mai 1945, Ausgabe Paris, Sieg in Europa. (Quelle: <a href=\"https:\/\/commons.wikimedia.org\/wiki\/File:V-E-Day_Stars_and_Stripes_No_285_Paris_8_May_1945.JPG\" target=\"_blank\" rel=\"noreferrer noopener\">Wikimedia<\/a>)<\/figcaption><\/figure>\n<\/div>\n\n\n<blockquote class=\"wp-block-quote is-layout-flow wp-block-quote-is-layout-flow\">\n<p><strong>Falls mich mal jemand fragen sollte: Lasst das mit dem Feiertag f\u00fcr den gl\u00fchenden Antisemiten Luther.<\/strong><\/p>\n\n\n\n<p>Der 8. Mai hingegen, als Tag der Befreiung vom Faschismus, von nationalsozialistischer Herrschaft, von V\u00f6lkermord und dem Grauen des Krieges, w\u00e4re ein w\u00fcrdiger Feiertag f\u00fcr die Bundesrepublik Deutschland.<\/p>\n\n\n\n<p>Nie w\u00e4re er wertvoller als heute, in Zeiten in denen Nazis wieder laut und goebbelesk ihre L\u00fcgen aus den Kommentarspalten der Lokalzeitungen bis hinein in den Deutschen Bundestag verbreiten.<\/p>\n\n\n\n<p>Vielleicht sollten wir uns diesmal selbst befreien?<\/p>\n\n\n\n<p><a href=\"https:\/\/www.schiebener.net\/wordpress\/das-waere-ein-feiertag-der-8-mai-ist-der-tag-der-befreiung-vom-faschismus-von-nationalsozialistischer-herrschaft-von-voelkermord-und-dem-grauen-des-krieges\/\">https:\/\/www.schiebener.net\/wordpress\/das-waere-ein-feiertag-der-8-mai-ist<\/a><a href=\"https:\/\/www.schiebener.net\/wordpress\/das-waere-ein-feiertag-der-8-mai-ist-der-tag-der-befreiung-vom-faschismus-von-nationalsozialistischer-herrschaft-von-voelkermord-und-dem-grauen-des-krieges\/\" target=\"_blank\" rel=\"noreferrer noopener\">&#8211;<\/a><a href=\"https:\/\/www.schiebener.net\/wordpress\/das-waere-ein-feiertag-der-8-mai-ist-der-tag-der-befreiung-vom-faschismus-von-nationalsozialistischer-herrschaft-von-voelkermord-und-dem-grauen-des-krieges\/\">der-tag-der-befreiung-vom-faschismus-von-nationalsozialistischer-herrschaft-von-voelkermord-und-dem-grauen-des-krieges\/<\/a><\/p>\n<\/blockquote>\n\n\n\n<p>Was hat sich in den sieben Jahren ge\u00e4ndert? W\u00fcrde ich  diese Zeilen heute genau so oder \u00e4hnlich wiederholen?<\/p>\n\n\n\n<p>Ich stehe zu meinen Worten, sehe aber weltweit autorit\u00e4re Regime und faschistische Bewegungen erstarken. Die Rahmenbedingungen f\u00fcr demokratische K\u00e4mpfe haben sich vielerorts verschlechtert.<\/p>\n\n\n\n<p>In Deutschland ist eine rechtsradikale Organisation mit faschistischen Str\u00f6mungen zur zweitst\u00e4rksten  Partei im Bundestag geworden. CDU, SPD und auch die Gr\u00fcnen haben bislang keine Schritte zu einem Verbotsverfahren eingeleitet.<\/p>\n\n\n\n<p>Man muss gewiss noch ein wenig abwarten, aber ich traue dem neuen Kanzler der Konzerne, der sich schon einmal im Bundestag mit der AfD eingelassen hat, nicht zu, dass er der aufgekeimenden Faschismus zur\u00fcckdr\u00e4ngen kann und will, w\u00fcrde mich aber gerne t\u00e4uschen.<\/p>\n\n\n\n<p>Es wird in den kommenden Jahren darauf ankommen, ob die au\u00dferparlamentarische Bewegung B\u00fcndnispartner in den Parlamenten finden wird. <\/p>\n\n\n\n<p>Eine wichtige Rolle werden dar\u00fcber hinaus die Gewerkschaften spielen m\u00fcssen, denn viele Stimmen f\u00fcr die AfD kommen aus den Reihen ihrer Mitglieder.<\/p>\n\n\n\n<p>Die Medien handeln h\u00e4ufig nach dem Motto: Krawall bringt Quote. Also laden wir die Demokratiefeinde in unsere Sendungen ein. Damit betreiben auch die \u00d6ffentlich Rechtlichen keine inhaltliche Auseinandersetzung, sondern bieten den L\u00fcgen eine B\u00fchne. Nicht die anschlie\u00dfemden Faktenchecks, sondern die Fakes verankern sich in den K\u00f6pfen der Zuschauer*innen.<\/p>\n\n\n\n<p>Heute, 80 Jahre nach dem 8. Mai 1945, sind wir n\u00e4her an 1933 als an der endg\u00fcltigen Befreiung vom Faschismus.<\/p>\n\n\n\n<p>Der letzte Satz des Eigen-Zitats hat in den letzten Jahren noch mehr Gewicht bekommen:<br \/><br \/>&#8222;<strong>Vielleicht sollten wir uns diesmal selbst befreien?<\/strong>&#8222;<\/p>\n","protected":false},"excerpt":{"rendered":"<p>Das w\u00e4re ein Feiertag: der 8. Mai ist der Tag der Befreiung vom Faschismus, von nationalsozialistischer Herrschaft, von V\u00f6lkermord und dem Grauen des Krieges Falls mich mal jemand fragen sollte: &hellip; <a href=\"https:\/\/www.schiebener.net\/wordpress\/der-8-mai-1945-vor-sieben-jahren-hier-im-blog\/\" class=\"more-link\"><span class=\"screen-reader-text\">\u201eDer 8. Mai 1945 vor sieben Jahren hier im Blog\u201c <\/span>weiterlesen<\/a><\/p>\n","protected":false},"author":3,"featured_media":0,"comment_status":"open","ping_status":"open","sticky":false,"template":"","format":"standard","meta":{"footnotes":""},"categories":[319,6,7507,6314],"tags":[1534,4271,9262,4378,5644],"class_list":["post-61038","post","type-post","status-publish","format-standard","hentry","category-geschichte","category-kalenderblatt","category-nationalsozialismus","category-rechtsextremismus","tag-8-mai-1945","tag-afd","tag-antifaschismus","tag-faschismus","tag-tag-der-befreiung"],"_links":{"self":[{"href":"https:\/\/www.schiebener.net\/wordpress\/wp-json\/wp\/v2\/posts\/61038","targetHints":{"allow":["GET"]}}],"collection":[{"href":"https:\/\/www.schiebener.net\/wordpress\/wp-json\/wp\/v2\/posts"}],"about":[{"href":"https:\/\/www.schiebener.net\/wordpress\/wp-json\/wp\/v2\/types\/post"}],"author":[{"embeddable":true,"href":"https:\/\/www.schiebener.net\/wordpress\/wp-json\/wp\/v2\/users\/3"}],"replies":[{"embeddable":true,"href":"https:\/\/www.schiebener.net\/wordpress\/wp-json\/wp\/v2\/comments?post=61038"}],"version-history":[{"count":0,"href":"https:\/\/www.schiebener.net\/wordpress\/wp-json\/wp\/v2\/posts\/61038\/revisions"}],"wp:attachment":[{"href":"https:\/\/www.schiebener.net\/wordpress\/wp-json\/wp\/v2\/media?parent=61038"}],"wp:term":[{"taxonomy":"category","embeddable":true,"href":"https:\/\/www.schiebener.net\/wordpress\/wp-json\/wp\/v2\/categories?post=61038"},{"taxonomy":"post_tag","embeddable":true,"href":"https:\/\/www.schiebener.net\/wordpress\/wp-json\/wp\/v2\/tags?post=61038"}],"curies":[{"name":"wp","href":"https:\/\/api.w.org\/{rel}","templated":true}]}}