{"id":60996,"date":"2025-04-29T21:09:06","date_gmt":"2025-04-29T19:09:06","guid":{"rendered":"https:\/\/www.schiebener.net\/wordpress\/?p=60996"},"modified":"2025-04-29T21:09:06","modified_gmt":"2025-04-29T19:09:06","slug":"sauerland-herbst-startet-am-1-mai-den-vorverkauf","status":"publish","type":"post","link":"https:\/\/www.schiebener.net\/wordpress\/sauerland-herbst-startet-am-1-mai-den-vorverkauf\/","title":{"rendered":"Sauerland-Herbst startet am 1. Mai den Vorverkauf"},"content":{"rendered":"\n<h3 class=\"wp-block-heading\">Stars der Blechbl\u00e4serszene werden auch beim 26. Internationalen Brass-Festival ihr Publikum begeistern<\/h3>\n\n\n<div class=\"wp-block-image\">\n<figure class=\"aligncenter size-large\"><a href=\"https:\/\/www.schiebener.net\/wordpress\/wp-content\/uploads\/2025\/04\/2025042001SauerlandHerbst26Klein.jpg\" target=\"_blank\" rel=\" noreferrer noopener\"><img loading=\"lazy\" decoding=\"async\" width=\"1024\" height=\"637\" src=\"https:\/\/www.schiebener.net\/wordpress\/wp-content\/uploads\/2025\/04\/2025042001SauerlandHerbst26Klein-1024x637.jpg\" alt=\"\" class=\"wp-image-60997\" srcset=\"https:\/\/www.schiebener.net\/wordpress\/wp-content\/uploads\/2025\/04\/2025042001SauerlandHerbst26Klein-1024x637.jpg 1024w, https:\/\/www.schiebener.net\/wordpress\/wp-content\/uploads\/2025\/04\/2025042001SauerlandHerbst26Klein-300x187.jpg 300w, https:\/\/www.schiebener.net\/wordpress\/wp-content\/uploads\/2025\/04\/2025042001SauerlandHerbst26Klein-768x478.jpg 768w, https:\/\/www.schiebener.net\/wordpress\/wp-content\/uploads\/2025\/04\/2025042001SauerlandHerbst26Klein-1536x955.jpg 1536w, https:\/\/www.schiebener.net\/wordpress\/wp-content\/uploads\/2025\/04\/2025042001SauerlandHerbst26Klein-1200x746.jpg 1200w, https:\/\/www.schiebener.net\/wordpress\/wp-content\/uploads\/2025\/04\/2025042001SauerlandHerbst26Klein.jpg 1635w\" sizes=\"auto, (max-width: 709px) 85vw, (max-width: 909px) 67vw, (max-width: 1362px) 62vw, 840px\" \/><\/a><figcaption class=\"wp-element-caption\">Freuen sich erneut auf ein hochkar\u00e4tiges Festival-Programm (v.l.n.r.) Frank H\u00f6hne, Sauerland-Initiativ e.V., Steffen Malessa, FD 18 Kultur des Hochsauerlandkreises, J\u00fcrgen Schwanitz, Sparkasse Mitten im Sauerland, Landrat Dr. Karl Schneider, Frank Eickel, Westenergie AG. (Foto: uhl\/Pressestelle HSK)<\/figcaption><\/figure>\n<\/div>\n\n\n<p><strong>Am Mittwoch, 1. Mai startet der Vorverkauf f\u00fcr den Sauerland-Herbst 2025. Die 26. Ausgabe des Internationalen Brass-Festivals findet vom 03. bis zum 30. Oktober 2025 statt. Neben vielen weiteren Highlights freuen sich die Veranstalter unter anderem auf Thomas Gansch und die Blasmusik Supergroup, Da Blechhauf\u2019n und die Kapelle So&amp;So. F\u00fcr alle, die sich nicht bis Oktober gedulden m\u00f6chten, gibt es bereits zum vierten Mal das Sauerland-Herbst Open-Air-Sommerfestival vom 24. bis 26. Juli 2025.<\/strong><\/p>\n\n\n\n<p>Dass der Sauerland-Herbst immer ein Besuch wert ist, zeigt die Besucherbefragung aus dem letzten Jahr: Quer durch alle Altersklassen w\u00fcrden 100 Prozent der Musikbegeisterten die Veranstaltungsreihe ihren Freunden und Bekannten weiterempfehlen. 99 Prozent w\u00fcrden das Konzert, in dem sie waren, noch einmal besuchen. Und 97 Prozent aller Befragten gaben an, mit der gesamten Veranstaltungsreihe \u201erundum zufrieden\u201c zu sein.<\/p>\n\n\n\n<p>Neben einem unterhaltsamen und hochkar\u00e4tigen Konzertprogramm wird es auch wieder ein umfangreiches Workshopangebot f\u00fcr Anf\u00e4nger und Fortgeschrittene im Musikbildungszentrum S\u00fcdwestfalen in Schmallenberg-Bad Fredeburg geben.<\/p>\n\n\n\n<p>Tickets gibt es ab dem 1. Mai unter www.sauerland-herbst.de, in allen Reservix-Vorverkaufsstellen oder direkt beim Fachdienst Kultur\/Musikschule des Hochsauerlandkreises unter 0291\/94-1800.<\/p>\n\n\n\n<p><\/p>\n","protected":false},"excerpt":{"rendered":"<p>Stars der Blechbl\u00e4serszene werden auch beim 26. Internationalen Brass-Festival ihr Publikum begeistern Am Mittwoch, 1. Mai startet der Vorverkauf f\u00fcr den Sauerland-Herbst 2025. Die 26. Ausgabe des Internationalen Brass-Festivals findet &hellip; <a href=\"https:\/\/www.schiebener.net\/wordpress\/sauerland-herbst-startet-am-1-mai-den-vorverkauf\/\" class=\"more-link\"><span class=\"screen-reader-text\">\u201eSauerland-Herbst startet am 1. Mai den Vorverkauf\u201c <\/span>weiterlesen<\/a><\/p>\n","protected":false},"author":17,"featured_media":0,"comment_status":"open","ping_status":"open","sticky":false,"template":"","format":"standard","meta":{"footnotes":""},"categories":[303,80,27,1043],"tags":[212,8838],"class_list":["post-60996","post","type-post","status-publish","format-standard","hentry","category-in-unserem-briefkasten","category-lokales","category-musik","category-pressemitteilungen","tag-hochsauerland","tag-sauerlandherbst"],"_links":{"self":[{"href":"https:\/\/www.schiebener.net\/wordpress\/wp-json\/wp\/v2\/posts\/60996","targetHints":{"allow":["GET"]}}],"collection":[{"href":"https:\/\/www.schiebener.net\/wordpress\/wp-json\/wp\/v2\/posts"}],"about":[{"href":"https:\/\/www.schiebener.net\/wordpress\/wp-json\/wp\/v2\/types\/post"}],"author":[{"embeddable":true,"href":"https:\/\/www.schiebener.net\/wordpress\/wp-json\/wp\/v2\/users\/17"}],"replies":[{"embeddable":true,"href":"https:\/\/www.schiebener.net\/wordpress\/wp-json\/wp\/v2\/comments?post=60996"}],"version-history":[{"count":0,"href":"https:\/\/www.schiebener.net\/wordpress\/wp-json\/wp\/v2\/posts\/60996\/revisions"}],"wp:attachment":[{"href":"https:\/\/www.schiebener.net\/wordpress\/wp-json\/wp\/v2\/media?parent=60996"}],"wp:term":[{"taxonomy":"category","embeddable":true,"href":"https:\/\/www.schiebener.net\/wordpress\/wp-json\/wp\/v2\/categories?post=60996"},{"taxonomy":"post_tag","embeddable":true,"href":"https:\/\/www.schiebener.net\/wordpress\/wp-json\/wp\/v2\/tags?post=60996"}],"curies":[{"name":"wp","href":"https:\/\/api.w.org\/{rel}","templated":true}]}}