{"id":60829,"date":"2025-04-25T11:57:37","date_gmt":"2025-04-25T09:57:37","guid":{"rendered":"https:\/\/www.schiebener.net\/wordpress\/?p=60829"},"modified":"2025-04-25T11:57:37","modified_gmt":"2025-04-25T09:57:37","slug":"umleitung-israel-palaestina-zensur-bei-bluesky-klimakrise-wasserstoff-bruecken-broeseln-koeln-lingen-dortmund-hagen-haschisch","status":"publish","type":"post","link":"https:\/\/www.schiebener.net\/wordpress\/umleitung-israel-palaestina-zensur-bei-bluesky-klimakrise-wasserstoff-bruecken-broeseln-koeln-lingen-dortmund-hagen-haschisch\/","title":{"rendered":"Umleitung: Israel\/Pal\u00e4stina, Zensur bei Bluesky, Klimakrise, Wasserstoff, Br\u00fccken br\u00f6seln, K\u00f6ln, Lingen, Dortmund, Hagen, Haschisch &#8230;"},"content":{"rendered":"<div class=\"wp-block-image\">\n<figure class=\"aligncenter size-large\"><a href=\"https:\/\/www.schiebener.net\/wordpress\/wp-content\/uploads\/2025\/04\/2025040608Kellerwald.jpg\" target=\"_blank\" rel=\" noreferrer noopener\"><img loading=\"lazy\" decoding=\"async\" width=\"1024\" height=\"677\" src=\"https:\/\/www.schiebener.net\/wordpress\/wp-content\/uploads\/2025\/04\/2025040608Kellerwald-1024x677.jpg\" alt=\"\" class=\"wp-image-60958\" srcset=\"https:\/\/www.schiebener.net\/wordpress\/wp-content\/uploads\/2025\/04\/2025040608Kellerwald-1024x677.jpg 1024w, https:\/\/www.schiebener.net\/wordpress\/wp-content\/uploads\/2025\/04\/2025040608Kellerwald-300x198.jpg 300w, https:\/\/www.schiebener.net\/wordpress\/wp-content\/uploads\/2025\/04\/2025040608Kellerwald-768x508.jpg 768w, https:\/\/www.schiebener.net\/wordpress\/wp-content\/uploads\/2025\/04\/2025040608Kellerwald-1536x1016.jpg 1536w, https:\/\/www.schiebener.net\/wordpress\/wp-content\/uploads\/2025\/04\/2025040608Kellerwald-1200x793.jpg 1200w, https:\/\/www.schiebener.net\/wordpress\/wp-content\/uploads\/2025\/04\/2025040608Kellerwald.jpg 2048w\" sizes=\"auto, (max-width: 709px) 85vw, (max-width: 909px) 67vw, (max-width: 1362px) 62vw, 840px\" \/><\/a><figcaption class=\"wp-element-caption\">Spaziergang im Kellerwald am Edersee (foto: zoom)<\/figcaption><\/figure>\n<\/div>\n\n\n<p><strong>Israel\/Pal\u00e4stina im Fr\u00fchling 2025:<\/strong> eine historische Einordnung &#8230; <a href=\"https:\/\/geschichtedergegenwart.ch\/israel-palaestina-im-fruehling-2025-eine-historische-einordnung\/\" target=\"_blank\" rel=\"noreferrer noopener\">GeschichteDerGegenwart<\/a><\/p>\n\n\n\n<p><strong>Geschichte der Franz\u00f6sische Zeit (1794-1814):<\/strong> Saubere Stra\u00dfen f\u00fcr K\u00f6ln! &#8230; <a href=\"https:\/\/fnzkoeln.hypotheses.org\/15105\" target=\"_blank\" rel=\"noreferrer noopener\">hypothesis<\/a><\/p>\n\n\n\n<p><strong>Der Klimawandel und die drastischen Folgen:<\/strong> Naturkatastrophen werden h\u00e4ufiger und heftiger &#8230; <a href=\"https:\/\/www.munichre.com\/de\/risiken\/klimawandel.html\" target=\"_blank\" rel=\"noreferrer noopener\">munichRE<\/a><\/p>\n\n\n\n<p><strong>OMV will alle Wasserstoff-Tankstellen zusperren:<\/strong> 59 Autos tanken in \u00d6sterreich Wasserstoff. F\u00fcr die OMV geht das Gesch\u00e4ft nicht auf, der Konzern vollzieht eine Kehrtwende und setzt k\u00fcnftig st\u00e4rker auf Elektromobilit\u00e4t &#8230; <a href=\"https:\/\/www.derstandard.at\/3000000266823\/sebastian-kurz-traum-zerplatzt-omv-will-alle-wasserstoff-tankstellen-zusperren\" target=\"_blank\" rel=\"noreferrer noopener\">derstandard<\/a><\/p>\n\n\n\n<p><strong>Mehr Br\u00fccken br\u00f6seln:<\/strong> Eine Analyse sieht einen dramatischen Sanierungsstau in Deutschland und fordert, den Neubau von Fernstra\u00dfen zu bremsen. Das Verkehrsministerium h\u00e4lt die Angaben f\u00fcr nicht nachvollziehbar &#8230; <a href=\"https:\/\/www.klimareporter.de\/verkehr\/mehr-bruecken-broeseln\">klimareporter<\/a><\/p>\n\n\n\n<p><strong>Hagen:<\/strong> Funktion\u00e4re der Wirtschaft wettern gegen die Verkehrswende &#8230; <a href=\"https:\/\/doppelwacholder.wordpress.com\/2025\/04\/23\/kommunalpolitisch-gewollte-diktate\/\" target=\"_blank\" rel=\"noreferrer noopener\">doppelwacholder<\/a><\/p>\n\n\n\n<p><strong>Das Kind als\u00a0Projekt (Satire):<\/strong> Mein Name ist Gernulf Olzheimer und dies ist das Weblog aus dem Land der Bekloppten und Bescheuerten &#8230; <a href=\"https:\/\/zynaesthesie.wordpress.com\/2025\/04\/25\/gernulf-olzheimer-kommentiert-dcclxi-das-kind-als-projekt\/\" target=\"_blank\" rel=\"noreferrer noopener\">zynaesthesie<\/a><\/p>\n\n\n\n<p><strong>Government censorship comes to Bluesky:<\/strong> Earlier this month, Bluesky restricted access to 72 accounts in Turkey at the request of Turkish governmental authorities &#8230; <a href=\"https:\/\/techcrunch.com\/2025\/04\/23\/government-censorship-comes-to-bluesky-but-not-its-third-party-apps-yet\/\" target=\"_blank\" rel=\"noreferrer noopener\">techcrunch<\/a><\/p>\n\n\n\n<p><strong>Nazi-Parteig\u00e4nger und Anstandskultur in Lingen:<\/strong> Die Sauerbruchstra\u00dfe wird es k\u00fcnftig in Lingen nicht mehr geben. Doch alle anderen sechs, gestern im Rat der Stadt zur Abstimmung gestellten Stra\u00dfennamen nach Nazi-Parteig\u00e4ngern und -Profiteuren bleiben \u2013 einstweilen &#8230; <a href=\"https:\/\/robertkoop.wordpress.com\/2025\/04\/25\/anstandskultur\/\" target=\"_blank\" rel=\"noreferrer noopener\">robertsblog<\/a><\/p>\n\n\n\n<p><strong>Haschisch, DDR, CSU und Afghanistan:<\/strong> Polit-Satire von Jakob Hein &#8230; <a href=\"https:\/\/www.revierpassagen.de\/136336\/haschisch-ddr-csu-und-afghanistan-polit-satire-von-jakob-hein\/20250410_2050\" target=\"_blank\" rel=\"noreferrer noopener\">revierpassagen<\/a><\/p>\n\n\n\n<p><strong>Die Verwandlung der Dortmunder Kokerei Hansa gibt es bei zwei literarischen Spazierg\u00e4ngen zu entdecken:<\/strong> Der erste Spaziergang startet am 27. April 2025 um 15 Uhr mit dem Thema \u201eWilde und gez\u00e4hmte Natur\u201c &#8230; <a href=\"https:\/\/www.nordstadtblogger.de\/die-verwandlung-der-kokerei-hansa-gibt-es-bei-zwei-literarischen-spaziergaengen-zu-entdecken\/\" target=\"_blank\" rel=\"noreferrer noopener\">nordstadtblogger<\/a><\/p>\n","protected":false},"excerpt":{"rendered":"<p>Israel\/Pal\u00e4stina im Fr\u00fchling 2025: eine historische Einordnung &#8230; GeschichteDerGegenwart Geschichte der Franz\u00f6sische Zeit (1794-1814): Saubere Stra\u00dfen f\u00fcr K\u00f6ln! &#8230; hypothesis Der Klimawandel und die drastischen Folgen: Naturkatastrophen werden h\u00e4ufiger und &hellip; <a href=\"https:\/\/www.schiebener.net\/wordpress\/umleitung-israel-palaestina-zensur-bei-bluesky-klimakrise-wasserstoff-bruecken-broeseln-koeln-lingen-dortmund-hagen-haschisch\/\" class=\"more-link\"><span class=\"screen-reader-text\">\u201eUmleitung: Israel\/Pal\u00e4stina, Zensur bei Bluesky, Klimakrise, Wasserstoff, Br\u00fccken br\u00f6seln, K\u00f6ln, Lingen, Dortmund, Hagen, Haschisch &#8230;\u201c <\/span>weiterlesen<\/a><\/p>\n","protected":false},"author":3,"featured_media":0,"comment_status":"open","ping_status":"open","sticky":false,"template":"","format":"standard","meta":{"footnotes":""},"categories":[8668,218,319,8406,7507,2782,618],"tags":[404,979,1418,667,3180,4062],"class_list":["post-60829","post","type-post","status-publish","format-standard","hentry","category-antisemitismus","category-bucher","category-geschichte","category-klimakrise","category-nationalsozialismus","category-satire","category-verkehr","tag-dortmund","tag-hagen","tag-israel","tag-koln","tag-lingen","tag-palastina"],"_links":{"self":[{"href":"https:\/\/www.schiebener.net\/wordpress\/wp-json\/wp\/v2\/posts\/60829","targetHints":{"allow":["GET"]}}],"collection":[{"href":"https:\/\/www.schiebener.net\/wordpress\/wp-json\/wp\/v2\/posts"}],"about":[{"href":"https:\/\/www.schiebener.net\/wordpress\/wp-json\/wp\/v2\/types\/post"}],"author":[{"embeddable":true,"href":"https:\/\/www.schiebener.net\/wordpress\/wp-json\/wp\/v2\/users\/3"}],"replies":[{"embeddable":true,"href":"https:\/\/www.schiebener.net\/wordpress\/wp-json\/wp\/v2\/comments?post=60829"}],"version-history":[{"count":0,"href":"https:\/\/www.schiebener.net\/wordpress\/wp-json\/wp\/v2\/posts\/60829\/revisions"}],"wp:attachment":[{"href":"https:\/\/www.schiebener.net\/wordpress\/wp-json\/wp\/v2\/media?parent=60829"}],"wp:term":[{"taxonomy":"category","embeddable":true,"href":"https:\/\/www.schiebener.net\/wordpress\/wp-json\/wp\/v2\/categories?post=60829"},{"taxonomy":"post_tag","embeddable":true,"href":"https:\/\/www.schiebener.net\/wordpress\/wp-json\/wp\/v2\/tags?post=60829"}],"curies":[{"name":"wp","href":"https:\/\/api.w.org\/{rel}","templated":true}]}}