{"id":60788,"date":"2025-04-11T10:27:41","date_gmt":"2025-04-11T08:27:41","guid":{"rendered":"https:\/\/www.schiebener.net\/wordpress\/?p=60788"},"modified":"2025-04-11T10:27:41","modified_gmt":"2025-04-11T08:27:41","slug":"foerderprogramm-2-000-x-1-000-euro-fuer-das-engagement-unterstuetzt-projekte-zum-jungen-engagement","status":"publish","type":"post","link":"https:\/\/www.schiebener.net\/wordpress\/foerderprogramm-2-000-x-1-000-euro-fuer-das-engagement-unterstuetzt-projekte-zum-jungen-engagement\/","title":{"rendered":"F\u00f6rderprogramm \u201e2.000\u00a0x\u00a01.000\u00a0Euro f\u00fcr das Engagement\u201c unterst\u00fctzt Projekte zum jungen Engagement"},"content":{"rendered":"\n<h3 class=\"wp-block-heading\">Ab dem 5. Mai 2025 k\u00f6nnen Antr\u00e4ge auf F\u00f6rderung gestellt werden \u2013 Bis zu\u00a02.000\u00a0Projekte mit je\u00a01.000\u00a0Euro F\u00f6rdergeld<\/h3>\n\n\n\n<p><strong>Hochsauerlandkreis. Engagierte junge Menschen, Vereine und Initiativen haben ab dem 5. Mai 2025 die M\u00f6glichkeit, im Rahmen des Kleinstf\u00f6rderprogramms &#8222;2.000\u00a0x\u00a01.000\u00a0Euro f\u00fcr das Engagement&#8220; eine F\u00f6rderung f\u00fcr ihre Projekte zu beantragen. <\/strong><\/p>\n\n\n\n<p>In diesem Jahr liegt der Fokus auf der F\u00f6rderung von jungem Engagement. Das Motto des F\u00f6rderprogramms lautet daher: &#8222;Engagiert in die Zukunft \u2013 junges Engagement f\u00f6rdern und neue Projekte gestalten&#8220;.<\/p>\n\n\n\n<p>Die Landesregierung stellt daf\u00fcr erneut zwei Millionen Euro zur Verf\u00fcgung. Ziel ist es, bis zu\u00a02.000\u00a0Projekte mit einem Festbetrag von jeweils\u00a01.000\u00a0Euro zu unterst\u00fctzen. Gef\u00f6rdert werden Vorhaben, die von jungen Menschen gestaltet werden oder sich direkt an junge Engagierte richten. Die Antragstellung erfolgt unkompliziert \u00fcber das <a href=\"https:\/\/www.engagiert-in-nrw.de\/foerderprogramm-2000-x-1000-euro-fuer-das-engagement\" target=\"_blank\" rel=\"noreferrer noopener\">Online-F\u00f6rderportal\u00a0foerderung.NRW<\/a>.<\/p>\n\n\n\n<!--more-->\n\n\n\n<p>Andrea Milz, Staatssekret\u00e4rin f\u00fcr Sport und Ehrenamt, betont:<br \/>&#8222;Junge Menschen leisten einen wichtigen Beitrag f\u00fcr das Engagement in Nordrhein-Westfalen. Sie engagieren sich auf vielf\u00e4ltige Weise, initiieren eigene Projekte oder \u00fcbernehmen bereits wichtige Posten im Verein. Diese Leistungen m\u00f6chten wir w\u00fcrdigen und unterst\u00fctzen. Das Landesf\u00f6rderprogramm \u201a2.000\u00a0x\u00a01000\u00a0Euro f\u00fcr das Engagement\u2018 ist daher ein wichtiger Baustein von vielen Aktivit\u00e4ten, die wir dieses Jahr geplant haben, um junge Engagierte zu gewinnen, zu binden und zu st\u00e4rken.&#8220;<br \/>Es gibt eine Vielzahl von Projekten, die f\u00f6rderf\u00e4hig sind. In diesem Jahr liegt der Schwerpunkt auf Vorhaben, die von jungen Engagierten eigenst\u00e4ndig geplant und realisiert werden. Dabei k\u00f6nnen sowohl Erweiterungen oder Anpassungen bestehender Engagements als auch ganz neue Ideen von jungen Menschen gef\u00f6rdert werden. F\u00f6rderf\u00e4hig sind beispielsweise Qualifizierungsma\u00dfnahmen zur F\u00f6rderung des Nachwuchses oder die Einf\u00fchrung neuer Angebote in einem Verein.<\/p>\n\n\n\n<p><strong>Kostenfreies Webinar zur Vorstellung des F\u00f6rderprogramms<\/strong><br \/>Zur Unterst\u00fctzung der Antragsteller bietet die Landesservicestelle f\u00fcr b\u00fcrgerschaftliches Engagement ein kostenfreies Webinar an, das am 28. April 2025 um 17 Uhr stattfindet. Interessierte erhalten alle wichtigen Informationen zum F\u00f6rderprogramm und zur Nutzung des neuen F\u00f6rderportals. Die Anmeldung zum Webinar erfolgt \u00fcber die Website der Landesservicestelle.<br \/>Fragen zum F\u00f6rderprogramm beantwortet Vanessa Wahle vom Fachdienst Kultur\/Musikschule beim Hochsauerlandkreis unter\u00a0<a href=\"mailto:vanessa.wahle@hochsauerlandkreis.de\">vanessa.wahle@hochsauerlandkreis.de<\/a>\u00a0oder 0291\/94-1807. Weitere Informationen zum F\u00f6rderprogramm sowie zur Antragstellung finden Interessierte auf der Website\u00a0<a href=\"https:\/\/www.engagiert-in-nrw.de\/\" target=\"_blank\" rel=\"noreferrer noopener\">www.engagiert-in-nrw.de<\/a>.<\/p>\n","protected":false},"excerpt":{"rendered":"<p>Ab dem 5. Mai 2025 k\u00f6nnen Antr\u00e4ge auf F\u00f6rderung gestellt werden \u2013 Bis zu\u00a02.000\u00a0Projekte mit je\u00a01.000\u00a0Euro F\u00f6rdergeld Hochsauerlandkreis. Engagierte junge Menschen, Vereine und Initiativen haben ab dem 5. Mai 2025 &hellip; <a href=\"https:\/\/www.schiebener.net\/wordpress\/foerderprogramm-2-000-x-1-000-euro-fuer-das-engagement-unterstuetzt-projekte-zum-jungen-engagement\/\" class=\"more-link\"><span class=\"screen-reader-text\">\u201eF\u00f6rderprogramm \u201e2.000\u00a0x\u00a01.000\u00a0Euro f\u00fcr das Engagement\u201c unterst\u00fctzt Projekte zum jungen Engagement\u201c <\/span>weiterlesen<\/a><\/p>\n","protected":false},"author":17,"featured_media":0,"comment_status":"open","ping_status":"open","sticky":false,"template":"","format":"standard","meta":{"footnotes":""},"categories":[303,1043],"tags":[9085],"class_list":["post-60788","post","type-post","status-publish","format-standard","hentry","category-in-unserem-briefkasten","category-pressemitteilungen","tag-foerdergelder"],"_links":{"self":[{"href":"https:\/\/www.schiebener.net\/wordpress\/wp-json\/wp\/v2\/posts\/60788","targetHints":{"allow":["GET"]}}],"collection":[{"href":"https:\/\/www.schiebener.net\/wordpress\/wp-json\/wp\/v2\/posts"}],"about":[{"href":"https:\/\/www.schiebener.net\/wordpress\/wp-json\/wp\/v2\/types\/post"}],"author":[{"embeddable":true,"href":"https:\/\/www.schiebener.net\/wordpress\/wp-json\/wp\/v2\/users\/17"}],"replies":[{"embeddable":true,"href":"https:\/\/www.schiebener.net\/wordpress\/wp-json\/wp\/v2\/comments?post=60788"}],"version-history":[{"count":0,"href":"https:\/\/www.schiebener.net\/wordpress\/wp-json\/wp\/v2\/posts\/60788\/revisions"}],"wp:attachment":[{"href":"https:\/\/www.schiebener.net\/wordpress\/wp-json\/wp\/v2\/media?parent=60788"}],"wp:term":[{"taxonomy":"category","embeddable":true,"href":"https:\/\/www.schiebener.net\/wordpress\/wp-json\/wp\/v2\/categories?post=60788"},{"taxonomy":"post_tag","embeddable":true,"href":"https:\/\/www.schiebener.net\/wordpress\/wp-json\/wp\/v2\/tags?post=60788"}],"curies":[{"name":"wp","href":"https:\/\/api.w.org\/{rel}","templated":true}]}}