{"id":60699,"date":"2025-03-26T16:53:13","date_gmt":"2025-03-26T15:53:13","guid":{"rendered":"https:\/\/www.schiebener.net\/wordpress\/?p=60699"},"modified":"2025-03-26T16:59:47","modified_gmt":"2025-03-26T15:59:47","slug":"gespraechskonzert-mit-juedischen-liedern","status":"publish","type":"post","link":"https:\/\/www.schiebener.net\/wordpress\/gespraechskonzert-mit-juedischen-liedern\/","title":{"rendered":"Gespr\u00e4chskonzert mit j\u00fcdischen Liedern"},"content":{"rendered":"\n<h3 class=\"wp-block-heading\">Johannes Wedeking und Prof. Hedayet Djeddikar zu Gast im Sauerland-Museum<\/h3>\n\n\n<div class=\"wp-block-image\">\n<figure class=\"aligncenter size-full\"><a href=\"https:\/\/www.schiebener.net\/wordpress\/wp-content\/uploads\/2025\/03\/20250326KonzertSauerlandmuseumKlein.jpg\" target=\"_blank\" rel=\" noreferrer noopener\"><img loading=\"lazy\" decoding=\"async\" width=\"1000\" height=\"936\" src=\"https:\/\/www.schiebener.net\/wordpress\/wp-content\/uploads\/2025\/03\/20250326KonzertSauerlandmuseumKlein.jpg\" alt=\"\" class=\"wp-image-60700\" srcset=\"https:\/\/www.schiebener.net\/wordpress\/wp-content\/uploads\/2025\/03\/20250326KonzertSauerlandmuseumKlein.jpg 1000w, https:\/\/www.schiebener.net\/wordpress\/wp-content\/uploads\/2025\/03\/20250326KonzertSauerlandmuseumKlein-300x281.jpg 300w, https:\/\/www.schiebener.net\/wordpress\/wp-content\/uploads\/2025\/03\/20250326KonzertSauerlandmuseumKlein-768x719.jpg 768w\" sizes=\"auto, (max-width: 709px) 85vw, (max-width: 909px) 67vw, (max-width: 1362px) 62vw, 840px\" \/><\/a><figcaption class=\"wp-element-caption\">Prof. Hedayet Djeddikar und Johannes Wedeking (Foto: Johannes Wedeking)<\/figcaption><\/figure>\n<\/div>\n\n\n<p><strong>Die n\u00e4chste Sonderausstellung im Sauerland-Museum in Arnsberg wird am Freitag, 4. April er\u00f6ffnet und ist bis zum 22. Juni zu sehen. \u201eWas damals Recht war \u2026 \u2013 Soldaten und Zivilisten vor Gerichten der Wehrmacht\u201c ist eine Wanderausstellung der Stiftung Denkmal und informiert \u00fcber Unrecht und Willk\u00fcr der nationalsozialistischen Milit\u00e4rjustiz.<\/strong><\/p>\n\n\n\n<p><em>(Pressemitteilung HSK)<\/em><\/p>\n\n\n\n<p>Im <strong>Rahmenprogramm <\/strong>findet am<strong> Freitag, 4. April, <\/strong>ein<strong> besonderes Konzerterlebnis<\/strong> statt: Johannes Wedeking (Bass) und Prof. Hedayet Djeddikar am Fl\u00fcgel widmen sich der durch die NS-Zeit ins Vergessen gedr\u00e4ngten Musik j\u00fcdischer Kulturschaffender.<\/p>\n\n\n\n<!--more-->\n\n\n\n<p>In seiner Arbeit zum vergessenen Kunstlied sieht sich Johannes Wedeking immer wieder mit blinden Flecken konfrontiert, die die durch Nationalsozialismus und Antisemitismus vernichteten j\u00fcdischen Kulturschaffenden hinterlassen haben. Nach intensiven Recherchen, u. a. im Stadtarchiv Meschede, ist ein Programm entstanden, das die Sch\u00f6nheit der verdr\u00e4ngten Musik aus dem Vergessen hebt und die neue Aufgabe der Erinnerungskultur vor Augen und Ohren f\u00fchrt. Die beteiligten K\u00fcnstler setzen so der Grausamkeit des Rassismus die Lebendigkeit der ehemals verfemten Musik entgegen.<\/p>\n\n\n\n<p>Das Konzert findet <strong>am Freitag, 4. April um 18 Uhr im Raum \u201eSauerland\u201c des Sauerland-Museums<\/strong> statt. Tickets sind f\u00fcr 10 \u20ac im Vorverkauf an der Museumsrezeption erh\u00e4ltlich oder f\u00fcr 12 \u20ac an der Abendkasse.<\/p>\n\n\n\n<p>Johannes Wedeking studierte Kirchenmusik, Gesang und Germanistik und ist gleicherma\u00dfen Preistr\u00e4ger der Kammeroper Schloss Rheinsberg (2017) wie des Forums Junge Heine-Forschung (2023). Er war Gast verschiedener Opernh\u00e4user (K\u00f6ln, Halle, M\u00fcnster, u. a. m.) Der Schwerpunkt seiner Arbeit liegt auf unbekanntem Repertoire der vergangenen Jahrhunderte.<\/p>\n\n\n\n<p>Hedayet Djeddikar, geboren in Basel, konzertiert bei Konzertreihen und Festivals wie dem Rheingau Musik Festival, dem Yehudi Menuhin-Festival in Gstaad und der styriarte Graz.<\/p>\n\n\n\n<p>Weitere Informationen unter 02931 94-4444, \u00fcber die Homepage <a href=\"https:\/\/www.sauerland-museum.de\/\" target=\"_blank\" rel=\"noreferrer noopener\">www.sauerland-museum.de<\/a> oder <a href=\"mailto:sauerlandmuseum@hochsauerlandkreis.de\" target=\"_blank\" rel=\"noreferrer noopener\">sauerlandmuseum@hochsauerlandkreis.de<\/a><\/p>\n","protected":false},"excerpt":{"rendered":"<p>Johannes Wedeking und Prof. Hedayet Djeddikar zu Gast im Sauerland-Museum Die n\u00e4chste Sonderausstellung im Sauerland-Museum in Arnsberg wird am Freitag, 4. April er\u00f6ffnet und ist bis zum 22. Juni zu &hellip; <a href=\"https:\/\/www.schiebener.net\/wordpress\/gespraechskonzert-mit-juedischen-liedern\/\" class=\"more-link\"><span class=\"screen-reader-text\">\u201eGespr\u00e4chskonzert mit j\u00fcdischen Liedern\u201c <\/span>weiterlesen<\/a><\/p>\n","protected":false},"author":17,"featured_media":0,"comment_status":"open","ping_status":"open","sticky":false,"template":"","format":"standard","meta":{"footnotes":""},"categories":[8668,6137,319,303,674,80,27,7507,1043,8669],"tags":[1350,1943],"class_list":["post-60699","post","type-post","status-publish","format-standard","hentry","category-antisemitismus","category-gericht","category-geschichte","category-in-unserem-briefkasten","category-kultur","category-lokales","category-musik","category-nationalsozialismus","category-pressemitteilungen","category-rassismus","tag-arnsberg","tag-sauerlandmuseum"],"_links":{"self":[{"href":"https:\/\/www.schiebener.net\/wordpress\/wp-json\/wp\/v2\/posts\/60699","targetHints":{"allow":["GET"]}}],"collection":[{"href":"https:\/\/www.schiebener.net\/wordpress\/wp-json\/wp\/v2\/posts"}],"about":[{"href":"https:\/\/www.schiebener.net\/wordpress\/wp-json\/wp\/v2\/types\/post"}],"author":[{"embeddable":true,"href":"https:\/\/www.schiebener.net\/wordpress\/wp-json\/wp\/v2\/users\/17"}],"replies":[{"embeddable":true,"href":"https:\/\/www.schiebener.net\/wordpress\/wp-json\/wp\/v2\/comments?post=60699"}],"version-history":[{"count":0,"href":"https:\/\/www.schiebener.net\/wordpress\/wp-json\/wp\/v2\/posts\/60699\/revisions"}],"wp:attachment":[{"href":"https:\/\/www.schiebener.net\/wordpress\/wp-json\/wp\/v2\/media?parent=60699"}],"wp:term":[{"taxonomy":"category","embeddable":true,"href":"https:\/\/www.schiebener.net\/wordpress\/wp-json\/wp\/v2\/categories?post=60699"},{"taxonomy":"post_tag","embeddable":true,"href":"https:\/\/www.schiebener.net\/wordpress\/wp-json\/wp\/v2\/tags?post=60699"}],"curies":[{"name":"wp","href":"https:\/\/api.w.org\/{rel}","templated":true}]}}