{"id":60689,"date":"2025-03-26T13:29:38","date_gmt":"2025-03-26T12:29:38","guid":{"rendered":"https:\/\/www.schiebener.net\/wordpress\/?p=60689"},"modified":"2025-03-26T13:32:46","modified_gmt":"2025-03-26T12:32:46","slug":"nrw-friseurwesen-preise-fuer-friseurleistungen-gestiegen-zahl-der-azubis-gesunken","status":"publish","type":"post","link":"https:\/\/www.schiebener.net\/wordpress\/nrw-friseurwesen-preise-fuer-friseurleistungen-gestiegen-zahl-der-azubis-gesunken\/","title":{"rendered":"NRW-Friseurwesen: Preise f\u00fcr Friseurleistungen gestiegen \u2013 Zahl der Azubis gesunken"},"content":{"rendered":"\n<h3 class=\"wp-block-heading\">Rein rechnerisch kamen auf einen Friseursalon 1.605 K\u00f6pfe. Anteil der m\u00e4nnlichen Friseur-Azubis gestiegen.<\/h3>\n\n\n<div class=\"wp-block-image\">\n<figure class=\"aligncenter size-large\"><a href=\"https:\/\/www.schiebener.net\/wordpress\/wp-content\/uploads\/2016\/11\/Frisoere20161006.jpg\" target=\"_blank\" rel=\" noreferrer noopener\"><img loading=\"lazy\" decoding=\"async\" width=\"1024\" height=\"503\" src=\"https:\/\/www.schiebener.net\/wordpress\/wp-content\/uploads\/2016\/11\/Frisoere20161006-1024x503.jpg\" alt=\"\" class=\"wp-image-36521\" srcset=\"https:\/\/www.schiebener.net\/wordpress\/wp-content\/uploads\/2016\/11\/Frisoere20161006.jpg 1024w, https:\/\/www.schiebener.net\/wordpress\/wp-content\/uploads\/2016\/11\/Frisoere20161006-300x147.jpg 300w, https:\/\/www.schiebener.net\/wordpress\/wp-content\/uploads\/2016\/11\/Frisoere20161006-768x377.jpg 768w\" sizes=\"auto, (max-width: 709px) 85vw, (max-width: 909px) 67vw, (max-width: 1362px) 62vw, 840px\" \/><\/a><figcaption class=\"wp-element-caption\">Friseurgesch\u00e4fte mit Drang zur Originalit\u00e4t.  (archivfoto: zoom)<\/figcaption><\/figure>\n<\/div>\n\n\n<p><strong>D\u00fcsseldorf (<a href=\"https:\/\/www.it.nrw\/nrw-friseurwesen-preise-fuer-friseurleistungen-gestiegen-zahl-der-azubis-gesunken-127274\" target=\"_blank\" rel=\"noreferrer noopener\">IT.NRW<\/a>). Friseurleistungen f\u00fcr Herren sind im Jahr 2024 um 5,5&nbsp;Prozent teurer gewesen als 2023 (gemessen an der Ver\u00e4nderung der Jahresdurchschnittswerte). Wie Information und Technik Nordrhein-Westfalen als Statistisches Landesamt anl\u00e4sslich der TOP HAIR Messe in D\u00fcsseldorf mitteilt, haben sich die Preise f\u00fcr Friseurleistungen f\u00fcr Damen im selben Zeitraum um 4,1&nbsp;Prozent erh\u00f6ht.<\/strong><\/p>\n\n\n\n<h5 class=\"wp-block-heading\">Salondichte regional unterschiedlich<\/h5>\n\n\n\n<p>W\u00e4hrend der NRW-Durchschnitt 1 605 Einwohner*innen je Friseursalon betr\u00e4gt, liegt der er im Hochsauerlandkreis bei 1&nbsp;478. Andersherum ausgedr\u00fcckt, gibt es im HSK mehr Friseurbetriebe je Einwohner als in NRW oder gar im Spitzenreiter bzw. Schlusslicht Warendorf (1 933).<\/p>\n\n\n\n<!--more-->\n\n\n<div class=\"wp-block-image\">\n<figure class=\"aligncenter size-large\"><a href=\"https:\/\/www.schiebener.net\/wordpress\/wp-content\/uploads\/2025\/03\/2025032601FriseurInnenKlein.jpg\" target=\"_blank\" rel=\" noreferrer noopener\"><img loading=\"lazy\" decoding=\"async\" width=\"1024\" height=\"1024\" src=\"https:\/\/www.schiebener.net\/wordpress\/wp-content\/uploads\/2025\/03\/2025032601FriseurInnenKlein-1024x1024.jpg\" alt=\"\" class=\"wp-image-60690\" srcset=\"https:\/\/www.schiebener.net\/wordpress\/wp-content\/uploads\/2025\/03\/2025032601FriseurInnenKlein-1024x1024.jpg 1024w, https:\/\/www.schiebener.net\/wordpress\/wp-content\/uploads\/2025\/03\/2025032601FriseurInnenKlein-300x300.jpg 300w, https:\/\/www.schiebener.net\/wordpress\/wp-content\/uploads\/2025\/03\/2025032601FriseurInnenKlein-150x150.jpg 150w, https:\/\/www.schiebener.net\/wordpress\/wp-content\/uploads\/2025\/03\/2025032601FriseurInnenKlein-768x768.jpg 768w, https:\/\/www.schiebener.net\/wordpress\/wp-content\/uploads\/2025\/03\/2025032601FriseurInnenKlein-1536x1536.jpg 1536w, https:\/\/www.schiebener.net\/wordpress\/wp-content\/uploads\/2025\/03\/2025032601FriseurInnenKlein-1200x1200.jpg 1200w, https:\/\/www.schiebener.net\/wordpress\/wp-content\/uploads\/2025\/03\/2025032601FriseurInnenKlein.jpg 2048w\" sizes=\"auto, (max-width: 709px) 85vw, (max-width: 909px) 67vw, (max-width: 1362px) 62vw, 840px\" \/><\/a><figcaption class=\"wp-element-caption\">Grafik: IT.NRW<\/figcaption><\/figure>\n<\/div>\n\n\n<p>Insgesamt gab es <strong>im Jahr 2022<\/strong> in NRW 11&nbsp;304 Handwerksunternehmen im Friseurwesen. Bezogen auf die Bev\u00f6lkerungszahl kamen damit rein rechnerisch auf einen Friseursalon 1&nbsp;605 Einwohner\/-innen. Regional variierte dieses Verh\u00e4ltnis: In D\u00fcsseldorf kam auf 1&nbsp;203 Einwohner\/-innen ein Friseursalon, im Kreis Warendorf waren es 1&nbsp;933 K\u00f6pfe pro Salon.<\/p>\n\n\n\n<figure class=\"wp-block-table\"><table class=\"has-fixed-layout\"><thead><tr><th colspan=\"2\">Einwohner\/-innen je Friseursalon in Nordrhein-Westfalen 2022<sup>*)<\/sup><\/th><\/tr><tr><th>Ort<\/th><th>Einwohner\/-innen<br \/>auf einen Friseursalon<\/th><\/tr><\/thead><tbody><tr><td>D\u00fcsseldorf, krfr. Stadt<\/td><td>1&nbsp;203<\/td><\/tr><tr><td>Olpe, Kreis<\/td><td>1&nbsp;280<\/td><\/tr><tr><td>Leverkusen, krfr. Stadt<\/td><td>1&nbsp;405<\/td><\/tr><tr><td>Solingen, krfr. Stadt<\/td><td>1&nbsp;409<\/td><\/tr><tr><td>St\u00e4dteregion Aachen (einschl. Stadt Aachen)<\/td><td>1&nbsp;410<\/td><\/tr><tr><td>K\u00f6ln, krfr. Stadt<\/td><td>1&nbsp;426<\/td><\/tr><tr><td>Wesel, Kreis<\/td><td>1&nbsp;447<\/td><\/tr><tr><td>Hagen, krfr. Stadt<\/td><td>1&nbsp;471<\/td><\/tr><tr><td>Hochsauerlandkreis<\/td><td>1&nbsp;478<\/td><\/tr><tr><td>Herford, Kreis<\/td><td>1&nbsp;491<\/td><\/tr><tr><td>Bochum, krfr. Stadt<\/td><td>1&nbsp;524<\/td><\/tr><tr><td>Bielefeld, krfr. Stadt<\/td><td>1&nbsp;538<\/td><\/tr><tr><td>Rheinisch-Bergischer Kreis<\/td><td>1&nbsp;547<\/td><\/tr><tr><td>Bonn, krfr. Stadt<\/td><td>1&nbsp;558<\/td><\/tr><tr><td>Mettmann, Kreis<\/td><td>1&nbsp;565<\/td><\/tr><tr><td>M\u00f6nchengladbach, krfr. Stadt<\/td><td>1&nbsp;579<\/td><\/tr><tr><td>M\u00fclheim an der Ruhr, krfr. Stadt<\/td><td>1&nbsp;582<\/td><\/tr><tr><td>Oberhausen, krfr. Stadt<\/td><td>1&nbsp;585<\/td><\/tr><tr><td>Lippe, Kreis<\/td><td>1&nbsp;586<\/td><\/tr><tr><td>Rhein-Kreis Neuss<\/td><td>1&nbsp;588<\/td><\/tr><tr><td>Euskirchen, Kreis<\/td><td>1&nbsp;591<\/td><\/tr><tr><td>Viersen, Kreis<\/td><td>1&nbsp;592<\/td><\/tr><tr><td>Essen, krfr. Stadt<\/td><td>1&nbsp;597<\/td><\/tr><tr><td>Krefeld, krfr. Stadt<\/td><td>1&nbsp;597<\/td><\/tr><tr><td>Dortmund, krfr. Stadt<\/td><td>1&nbsp;604<\/td><\/tr><tr><td>Minden-L\u00fcbbecke, Kreis<\/td><td>1&nbsp;604<\/td><\/tr><tr><td>Heinsberg, Kreis<\/td><td>1&nbsp;606<\/td><\/tr><tr><td>G\u00fctersloh, Kreis<\/td><td>1&nbsp;607<\/td><\/tr><tr><td>Paderborn, Kreis<\/td><td>1&nbsp;617<\/td><\/tr><tr><td>Siegen-Wittgenstein, Kreis<\/td><td>1&nbsp;621<\/td><\/tr><tr><td>M\u00e4rkischer Kreis<\/td><td>1&nbsp;628<\/td><\/tr><tr><td>H\u00f6xter, Kreis<\/td><td>1&nbsp;630<\/td><\/tr><tr><td>Soest, Kreis<\/td><td>1&nbsp;654<\/td><\/tr><tr><td>Remscheid, krfr. Stadt<\/td><td>1&nbsp;656<\/td><\/tr><tr><td>Ennepe-Ruhr-Kreis<\/td><td>1&nbsp;668<\/td><\/tr><tr><td>D\u00fcren, Kreis<\/td><td>1&nbsp;682<\/td><\/tr><tr><td>Wuppertal, krfr. Stadt<\/td><td>1&nbsp;685<\/td><\/tr><tr><td>Unna, Kreis<\/td><td>1697<\/td><\/tr><tr><td>M\u00fcnster, krfr. Stadt<\/td><td>1707<\/td><\/tr><tr><td>Borken, Kreis<\/td><td>1723<\/td><\/tr><tr><td>Oberbergischer Kreis<\/td><td>1732<\/td><\/tr><tr><td>Recklinghausen, Kreis<\/td><td>1741<\/td><\/tr><tr><td>Bottrop, krfr. Stadt<\/td><td>1763<\/td><\/tr><tr><td>Coesfeld, Kreis<\/td><td>1769<\/td><\/tr><tr><td>Rhein-Erft-Kreis<\/td><td>1784<\/td><\/tr><tr><td>Gelsenkirchen, krfr. Stadt<\/td><td>1839<\/td><\/tr><tr><td>Herne, krfr. Stadt<\/td><td>1873<\/td><\/tr><tr><td>Kleve, Kreis<\/td><td>1878<\/td><\/tr><tr><td>Hamm, krfr. Stadt<\/td><td>1884<\/td><\/tr><tr><td>Rhein-Sieg-Kreis<\/td><td>1901<\/td><\/tr><tr><td>Duisburg, krfr. Stadt<\/td><td>1902<\/td><\/tr><tr><td>Steinfurt, Kreis<\/td><td>1910<\/td><\/tr><tr><td>Warendorf, Kreis<\/td><td>1933<\/td><\/tr><tr><td>Nordrhein-Westfalen<\/td><td>1605<\/td><\/tr><tr><td colspan=\"2\">*) Zur Berechnung Einwohner\/-innen je Friseursalon wurden die Einwohnerzahlen zum Stichtag 31.12.2022 in das Verh\u00e4lnnis zur Zahl der Handwerksunternehmen im Friseurwesen auf Basis der Handwerksz\u00e4hlung 2022 gesetzt.<\/td><\/tr><\/tbody><\/table><\/figure>\n\n\n\n<h5 class=\"wp-block-heading\">Mehr als ein Drittel der Friseur-Azubis ist m\u00e4nnlich \u2013 Anteil hat sich innerhalb der letzten zehn Jahre fast verdreifacht<\/h5>\n\n\n\n<p>Im Jahr 2023 machten in NRW 3&nbsp;159 Personen eine Ausbildung im Friseurhandwerk. Von ihnen waren 63,3&nbsp;Prozent weiblich und 36,7&nbsp;Prozent m\u00e4nnlich. Das Geschlechterverh\u00e4ltnis hat sich damit im Zehnjahresvergleich angeglichen: Im Jahr 2014 waren noch 12,6&nbsp;Prozent der Friseur-Azubis m\u00e4nnlich gewesen. Insgesamt befanden sich vor 10&nbsp;Jahren 5&nbsp;319 Personen in einer Ausbildung im Friseurhandwerk. Damit sank die Zahl der Friseur-Azubis seit 2014 um 40,6&nbsp;Prozent.<\/p>\n\n\n\n<p><a href=\"https:\/\/www.it.nrw\/system\/files\/media\/document\/file\/82_25.pdf\" target=\"_blank\" rel=\"noreferrer noopener\">Handwerksunternehmen im Friseurwesen in NRW im Jahr 2022 nach Kreisen und kreisfreien St\u00e4dten<\/a> (PDF, 82,65 KB)<\/p>\n\n\n\n<p><\/p>\n","protected":false},"excerpt":{"rendered":"<p>Rein rechnerisch kamen auf einen Friseursalon 1.605 K\u00f6pfe. Anteil der m\u00e4nnlichen Friseur-Azubis gestiegen. D\u00fcsseldorf (IT.NRW). Friseurleistungen f\u00fcr Herren sind im Jahr 2024 um 5,5&nbsp;Prozent teurer gewesen als 2023 (gemessen an &hellip; <a href=\"https:\/\/www.schiebener.net\/wordpress\/nrw-friseurwesen-preise-fuer-friseurleistungen-gestiegen-zahl-der-azubis-gesunken\/\" class=\"more-link\"><span class=\"screen-reader-text\">\u201eNRW-Friseurwesen: Preise f\u00fcr Friseurleistungen gestiegen \u2013 Zahl der Azubis gesunken\u201c <\/span>weiterlesen<\/a><\/p>\n","protected":false},"author":17,"featured_media":0,"comment_status":"open","ping_status":"open","sticky":false,"template":"","format":"standard","meta":{"footnotes":""},"categories":[542,303,6413,1043],"tags":[8789,1191],"class_list":["post-60689","post","type-post","status-publish","format-standard","hentry","category-arbeitswelt","category-in-unserem-briefkasten","category-nrw","category-pressemitteilungen","tag-friseurin","tag-itnrw"],"_links":{"self":[{"href":"https:\/\/www.schiebener.net\/wordpress\/wp-json\/wp\/v2\/posts\/60689","targetHints":{"allow":["GET"]}}],"collection":[{"href":"https:\/\/www.schiebener.net\/wordpress\/wp-json\/wp\/v2\/posts"}],"about":[{"href":"https:\/\/www.schiebener.net\/wordpress\/wp-json\/wp\/v2\/types\/post"}],"author":[{"embeddable":true,"href":"https:\/\/www.schiebener.net\/wordpress\/wp-json\/wp\/v2\/users\/17"}],"replies":[{"embeddable":true,"href":"https:\/\/www.schiebener.net\/wordpress\/wp-json\/wp\/v2\/comments?post=60689"}],"version-history":[{"count":0,"href":"https:\/\/www.schiebener.net\/wordpress\/wp-json\/wp\/v2\/posts\/60689\/revisions"}],"wp:attachment":[{"href":"https:\/\/www.schiebener.net\/wordpress\/wp-json\/wp\/v2\/media?parent=60689"}],"wp:term":[{"taxonomy":"category","embeddable":true,"href":"https:\/\/www.schiebener.net\/wordpress\/wp-json\/wp\/v2\/categories?post=60689"},{"taxonomy":"post_tag","embeddable":true,"href":"https:\/\/www.schiebener.net\/wordpress\/wp-json\/wp\/v2\/tags?post=60689"}],"curies":[{"name":"wp","href":"https:\/\/api.w.org\/{rel}","templated":true}]}}