{"id":6066,"date":"2009-12-20T22:44:45","date_gmt":"2009-12-20T21:44:45","guid":{"rendered":"http:\/\/www.schiebener.net\/wordpress\/?p=6066"},"modified":"2009-12-20T22:52:10","modified_gmt":"2009-12-20T21:52:10","slug":"umleitung-jahresruckblicke-jahressunden-ein-todestag-eine-interessante-geschichtswebsite-und-der-schnee","status":"publish","type":"post","link":"https:\/\/www.schiebener.net\/wordpress\/umleitung-jahresruckblicke-jahressunden-ein-todestag-eine-interessante-geschichtswebsite-und-der-schnee\/","title":{"rendered":"Umleitung: Jahresr\u00fcckblicke, Jahress\u00fcnden, ein Todestag, eine interessante Geschichtswebsite und der Schnee &#8230;"},"content":{"rendered":"<p><img loading=\"lazy\" decoding=\"async\" class=\"alignleft size-full wp-image-2311\" src=\"http:\/\/www.schiebener.net\/wordpress\/wp-content\/uploads\/2009\/02\/umleitung.gif\" alt=\"\" width=\"110\" height=\"28\" \/><strong>Jahresr\u00fcckblick:<\/strong> keine schlechte Idee hatten die &#8230; <a href=\"http:\/\/www.ruhrbarone.de\/jahresruckblick-2009-januar\/\" target=\"_blank\">ruhrbarone<\/a><\/p>\n<p><strong>Jahress\u00fcnden: &#8222;<\/strong> Vielleicht m\u00fcste man mal wieder den Mut haben, die T\u00fcr zum Beichtzimmer bzw. die T\u00fcr zum Herzen zu \u00f6ffnen?&#8220;, meint allen Ernstes die &#8230; <a href=\"http:\/\/www.derwesten.de\/staedte\/brilon\/Wir-blicken-in-einen-Beichtstuhl-id2271019.html\" target=\"_blank\">wp<\/a><\/p>\n<p><strong>13. Todestag: <\/strong>Carl Edward Sagan &#8211; ein gro\u00dfartiger Humanist und Wissenschaftler &#8230; <a href=\"http:\/\/hpd.de\/node\/3468\" target=\"_blank\">hpd<\/a><\/p>\n<p><strong>Lernen aus der Geschichte:<\/strong> Nationalismus und Holocaust in Schule und Jugendarbeit &#8230; <a href=\"http:\/\/www.lernen-aus-der-geschichte.de\/\" target=\"_blank\">ladg<\/a><\/p>\n<p><strong>Der Schnee- und K\u00e4ltehype:<\/strong> &#8222;Bei extremen Wetterbedingen m\u00fcssen Eltern selber entscheiden, ob der Schulweg f\u00fcr die Kinder zumutbar ist oder nicht&#8220; &#8230;<a href=\"http:\/\/www.ruhrnachrichten.de\/Schueler-duerfen-bei-extremem-Schneechaos-zu-Hause-bleiben;art1544,767033\" target=\"_blank\"> rn<\/a><\/p>\n","protected":false},"excerpt":{"rendered":"<p>Jahresr\u00fcckblick: keine schlechte Idee hatten die &#8230; ruhrbarone Jahress\u00fcnden: &#8222; Vielleicht m\u00fcste man mal wieder den Mut haben, die T\u00fcr zum Beichtzimmer bzw. die T\u00fcr zum Herzen zu \u00f6ffnen?&#8220;, meint &hellip; <a href=\"https:\/\/www.schiebener.net\/wordpress\/umleitung-jahresruckblicke-jahressunden-ein-todestag-eine-interessante-geschichtswebsite-und-der-schnee\/\" class=\"more-link\"><span class=\"screen-reader-text\">\u201eUmleitung: Jahresr\u00fcckblicke, Jahress\u00fcnden, ein Todestag, eine interessante Geschichtswebsite und der Schnee &#8230;\u201c <\/span>weiterlesen<\/a><\/p>\n","protected":false},"author":3,"featured_media":0,"comment_status":"open","ping_status":"open","sticky":false,"template":"","format":"standard","meta":{"footnotes":""},"categories":[3,319,6,80,32,49,379],"tags":[1112,5863,1110,266,1111],"class_list":["post-6066","post","type-post","status-publish","format-standard","hentry","category-bildung-und-schule","category-geschichte","category-kalenderblatt","category-lokales","category-medien","category-religion","category-umleitung","tag-carl-edward-sagan","tag-geschichte","tag-jahresruckblick","tag-schnee","tag-sunden"],"_links":{"self":[{"href":"https:\/\/www.schiebener.net\/wordpress\/wp-json\/wp\/v2\/posts\/6066","targetHints":{"allow":["GET"]}}],"collection":[{"href":"https:\/\/www.schiebener.net\/wordpress\/wp-json\/wp\/v2\/posts"}],"about":[{"href":"https:\/\/www.schiebener.net\/wordpress\/wp-json\/wp\/v2\/types\/post"}],"author":[{"embeddable":true,"href":"https:\/\/www.schiebener.net\/wordpress\/wp-json\/wp\/v2\/users\/3"}],"replies":[{"embeddable":true,"href":"https:\/\/www.schiebener.net\/wordpress\/wp-json\/wp\/v2\/comments?post=6066"}],"version-history":[{"count":0,"href":"https:\/\/www.schiebener.net\/wordpress\/wp-json\/wp\/v2\/posts\/6066\/revisions"}],"wp:attachment":[{"href":"https:\/\/www.schiebener.net\/wordpress\/wp-json\/wp\/v2\/media?parent=6066"}],"wp:term":[{"taxonomy":"category","embeddable":true,"href":"https:\/\/www.schiebener.net\/wordpress\/wp-json\/wp\/v2\/categories?post=6066"},{"taxonomy":"post_tag","embeddable":true,"href":"https:\/\/www.schiebener.net\/wordpress\/wp-json\/wp\/v2\/tags?post=6066"}],"curies":[{"name":"wp","href":"https:\/\/api.w.org\/{rel}","templated":true}]}}