{"id":60621,"date":"2025-03-19T19:28:42","date_gmt":"2025-03-19T18:28:42","guid":{"rendered":"https:\/\/www.schiebener.net\/wordpress\/?p=60621"},"modified":"2025-03-19T19:28:42","modified_gmt":"2025-03-19T18:28:42","slug":"die-demokratie-verteidigen-und-staerken-eine-wichtige-aufgabe-fuer-uns-alle","status":"publish","type":"post","link":"https:\/\/www.schiebener.net\/wordpress\/die-demokratie-verteidigen-und-staerken-eine-wichtige-aufgabe-fuer-uns-alle\/","title":{"rendered":"\u201eDie Demokratie verteidigen und st\u00e4rken \u2013 Eine wichtige Aufgabe f\u00fcr uns alle\u201c"},"content":{"rendered":"\n<h3 class=\"wp-block-heading\"><strong>Vortrag von <\/strong><strong>Prof. Dr. rer. pol. Fabian Virchow (Hochschule D\u00fcsseldorf<\/strong>) mit anschlie\u00dfender Diskussion am 28. M\u00e4rz um 19 Uhr im ev. Gemeindehaus Meschede<\/h3>\n\n\n<div class=\"wp-block-image\">\n<figure class=\"aligncenter size-full\"><img loading=\"lazy\" decoding=\"async\" width=\"480\" height=\"337\" src=\"https:\/\/www.schiebener.net\/wordpress\/wp-content\/uploads\/2024\/04\/20240427MeschederBuendnis.jpg\" alt=\"\" class=\"wp-image-58102\" srcset=\"https:\/\/www.schiebener.net\/wordpress\/wp-content\/uploads\/2024\/04\/20240427MeschederBuendnis.jpg 480w, https:\/\/www.schiebener.net\/wordpress\/wp-content\/uploads\/2024\/04\/20240427MeschederBuendnis-300x211.jpg 300w\" sizes=\"auto, (max-width: 480px) 85vw, 480px\" \/><figcaption class=\"wp-element-caption\">Das Logo des Mescheder B\u00fcndnisses (foto: zoom)<\/figcaption><\/figure>\n<\/div>\n\n\n<p><strong>Das Mescheder B\u00fcndnis f\u00fcr Demokratie und Solidarit\u00e4t e.V. l\u00e4dt am Freitag, 28.03 2025, um 19 Uhr in das Gemeindehaus der evangelischen Kirchengemeinde, Sch\u00fctzenstra\u00dfe 6, Meschede zu einem \u00f6ffentlichen Vortrag mit anschlie\u00dfender Diskussion ein. Referent ist <a href=\"https:\/\/vfrd.de\/dr-rer-pol-fabian-virchow.html\">Prof. Dr. rer. pol. Fabian Virchow<\/a> von der Hochschule D\u00fcsseldorf.<\/strong><\/p>\n\n\n\n<p><em>(Mitteilung Mescheder B\u00fcndnis)<\/em><br \/><br \/>In den letzten Jahren waren demokratische Werte und Prinzipien weltweit immer mehr bedroht, auch hier in Deutschland. Politische Entwicklungen, gesellschaftliche Herausforderungen und das Aufkommen populistischer Bewegungen setzen die Grundlagen unserer Demokratie unter Druck. Dieser Druck ist nicht nur oberfl\u00e4chlich, sondern betrifft tiefgehend, wie wir als Gesellschaft politische Teilhabe, individuelle Freiheiten und respektvollen Austausch gestalten.<\/p>\n\n\n\n<p>In einer Zeit, in der unsere demokratischen Errungenschaften auf die Probe gestellt werden, ist es wichtiger denn je, sich der Zerbrechlichkeit unseres Systems bewusst zu werden. Demokratie ist kein Selbstl\u00e4ufer \u2013 sie erfordert Schutz, Pflege und Weiterentwicklung. Populistische und autorit\u00e4re Tendenzen gewinnen immer mehr Zulauf, was das Vertrauen in demokratische Institutionen schw\u00e4chen kann und zu einer Entfremdung von der Politik f\u00fchrt.<\/p>\n\n\n\n<p>Es ist an der Zeit, sich dieser Entwicklung zu stellen und aktiv daf\u00fcr einzutreten, unsere Demokratie zu verteidigen und zu st\u00e4rken. Jeder Einzelne kann einen Beitrag leisten, sei es durch die Teilnahme an Wahlen, den Dialog mit anderen oder das Engagement f\u00fcr politische Bildung und den Schutz von Minderheitenrechten.<\/p>\n\n\n\n<p>Der respektvolle Umgang mit unterschiedlichen Meinungen und der Einsatz f\u00fcr den Erhalt der Rechtsstaatlichkeit sind wesentliche Bausteine einer lebendigen Demokratie. Diese Aufgabe betrifft uns alle, denn Demokratie ist ein kontinuierlicher Prozess, der sich an die Herausforderungen einer immer komplexeren Welt anpassen muss.<br \/><br \/>Der Vortrag findet im Anschluss an die Mitgliederversammlung des Mescheder B\u00fcndnisses statt.<\/p>\n\n\n\n<p><strong>Der Eintritt ist kostenlos, eine Anmeldung ist nicht erforderlich.<\/strong><\/p>\n","protected":false},"excerpt":{"rendered":"<p>Vortrag von Prof. Dr. rer. pol. Fabian Virchow (Hochschule D\u00fcsseldorf) mit anschlie\u00dfender Diskussion am 28. M\u00e4rz um 19 Uhr im ev. Gemeindehaus Meschede Das Mescheder B\u00fcndnis f\u00fcr Demokratie und Solidarit\u00e4t &hellip; <a href=\"https:\/\/www.schiebener.net\/wordpress\/die-demokratie-verteidigen-und-staerken-eine-wichtige-aufgabe-fuer-uns-alle\/\" class=\"more-link\"><span class=\"screen-reader-text\">\u201e\u201eDie Demokratie verteidigen und st\u00e4rken \u2013 Eine wichtige Aufgabe f\u00fcr uns alle\u201c\u201c <\/span>weiterlesen<\/a><\/p>\n","protected":false},"author":17,"featured_media":0,"comment_status":"open","ping_status":"open","sticky":false,"template":"","format":"standard","meta":{"footnotes":""},"categories":[303,80,24,1043],"tags":[1129,9277,7557],"class_list":["post-60621","post","type-post","status-publish","format-standard","hentry","category-in-unserem-briefkasten","category-lokales","category-politik","category-pressemitteilungen","tag-demokratie","tag-mescheder-buendnis","tag-solidaritaet"],"_links":{"self":[{"href":"https:\/\/www.schiebener.net\/wordpress\/wp-json\/wp\/v2\/posts\/60621","targetHints":{"allow":["GET"]}}],"collection":[{"href":"https:\/\/www.schiebener.net\/wordpress\/wp-json\/wp\/v2\/posts"}],"about":[{"href":"https:\/\/www.schiebener.net\/wordpress\/wp-json\/wp\/v2\/types\/post"}],"author":[{"embeddable":true,"href":"https:\/\/www.schiebener.net\/wordpress\/wp-json\/wp\/v2\/users\/17"}],"replies":[{"embeddable":true,"href":"https:\/\/www.schiebener.net\/wordpress\/wp-json\/wp\/v2\/comments?post=60621"}],"version-history":[{"count":0,"href":"https:\/\/www.schiebener.net\/wordpress\/wp-json\/wp\/v2\/posts\/60621\/revisions"}],"wp:attachment":[{"href":"https:\/\/www.schiebener.net\/wordpress\/wp-json\/wp\/v2\/media?parent=60621"}],"wp:term":[{"taxonomy":"category","embeddable":true,"href":"https:\/\/www.schiebener.net\/wordpress\/wp-json\/wp\/v2\/categories?post=60621"},{"taxonomy":"post_tag","embeddable":true,"href":"https:\/\/www.schiebener.net\/wordpress\/wp-json\/wp\/v2\/tags?post=60621"}],"curies":[{"name":"wp","href":"https:\/\/api.w.org\/{rel}","templated":true}]}}