{"id":60412,"date":"2025-02-16T21:48:21","date_gmt":"2025-02-16T20:48:21","guid":{"rendered":"https:\/\/www.schiebener.net\/wordpress\/?p=60412"},"modified":"2025-02-16T21:49:28","modified_gmt":"2025-02-16T20:49:28","slug":"kein-tag-ohne-politik","status":"publish","type":"post","link":"https:\/\/www.schiebener.net\/wordpress\/kein-tag-ohne-politik\/","title":{"rendered":"Kein Tag ohne Politik"},"content":{"rendered":"\n<h3 class=\"wp-block-heading\"><strong>&#8230; und wenn es nur drei Bilder sind<\/strong><\/h3>\n\n\n<div class=\"wp-block-image\">\n<figure class=\"aligncenter size-large\"><a href=\"https:\/\/www.schiebener.net\/wordpress\/wp-content\/uploads\/2025\/02\/2025021603Kassel.jpg\" target=\"_blank\" rel=\" noreferrer noopener\"><img loading=\"lazy\" decoding=\"async\" width=\"1024\" height=\"683\" src=\"https:\/\/www.schiebener.net\/wordpress\/wp-content\/uploads\/2025\/02\/2025021603Kassel-1024x683.jpg\" alt=\"\" class=\"wp-image-60415\" srcset=\"https:\/\/www.schiebener.net\/wordpress\/wp-content\/uploads\/2025\/02\/2025021603Kassel-1024x683.jpg 1024w, https:\/\/www.schiebener.net\/wordpress\/wp-content\/uploads\/2025\/02\/2025021603Kassel-300x200.jpg 300w, https:\/\/www.schiebener.net\/wordpress\/wp-content\/uploads\/2025\/02\/2025021603Kassel-768x512.jpg 768w, https:\/\/www.schiebener.net\/wordpress\/wp-content\/uploads\/2025\/02\/2025021603Kassel-1536x1024.jpg 1536w, https:\/\/www.schiebener.net\/wordpress\/wp-content\/uploads\/2025\/02\/2025021603Kassel-1200x800.jpg 1200w, https:\/\/www.schiebener.net\/wordpress\/wp-content\/uploads\/2025\/02\/2025021603Kassel.jpg 2048w\" sizes=\"auto, (max-width: 709px) 85vw, (max-width: 909px) 67vw, (max-width: 1362px) 62vw, 840px\" \/><\/a><figcaption class=\"wp-element-caption\">Altpapier-Container in der Mombachstra\u00dfe am Nordstadtpark in Kassel (foto: zoom)<\/figcaption><\/figure>\n<\/div>\n\n\n<p><strong>Heute habe ich mir ein Buch aus der Bibliothek in Kassel abgeholt und bin im Anschluss durch den Nordstadtpark entlang der Ahne gestreift, um neue Graffiti an der dortigen Hall of Fame zu entdecken.<\/strong><\/p>\n\n\n\n<p>Statt der bunten Mauerbilder unterhalb des Klinikums fielen mir zuerst ein M\u00fcllcontainer (s.o.), ein Waschb\u00e4r und eine Wandtafel auf.<\/p>\n\n\n<div class=\"wp-block-image\">\n<figure class=\"aligncenter size-large\"><a href=\"https:\/\/www.schiebener.net\/wordpress\/wp-content\/uploads\/2025\/02\/2025021601Kassel.jpg\" target=\"_blank\" rel=\" noreferrer noopener\"><img loading=\"lazy\" decoding=\"async\" width=\"1024\" height=\"683\" src=\"https:\/\/www.schiebener.net\/wordpress\/wp-content\/uploads\/2025\/02\/2025021601Kassel-1024x683.jpg\" alt=\"\" class=\"wp-image-60413\" srcset=\"https:\/\/www.schiebener.net\/wordpress\/wp-content\/uploads\/2025\/02\/2025021601Kassel-1024x683.jpg 1024w, https:\/\/www.schiebener.net\/wordpress\/wp-content\/uploads\/2025\/02\/2025021601Kassel-300x200.jpg 300w, https:\/\/www.schiebener.net\/wordpress\/wp-content\/uploads\/2025\/02\/2025021601Kassel-768x512.jpg 768w, https:\/\/www.schiebener.net\/wordpress\/wp-content\/uploads\/2025\/02\/2025021601Kassel-1536x1024.jpg 1536w, https:\/\/www.schiebener.net\/wordpress\/wp-content\/uploads\/2025\/02\/2025021601Kassel-1200x800.jpg 1200w, https:\/\/www.schiebener.net\/wordpress\/wp-content\/uploads\/2025\/02\/2025021601Kassel.jpg 2048w\" sizes=\"auto, (max-width: 709px) 85vw, (max-width: 909px) 67vw, (max-width: 1362px) 62vw, 840px\" \/><\/a><figcaption class=\"wp-element-caption\">Der Waschb\u00e4r am Werk (foto: zoom)<\/figcaption><\/figure>\n<\/div>\n\n\n<p>Waschb\u00e4ren sind inzwischen das inoffizielle Wappentier der Stadt Kassel. Sie zerst\u00f6ren Dachb\u00f6den, durchw\u00fchlen Abfalleimer &#8211; falls diese nicht Waschb\u00e4r-sicher verschlossen sind &#8211; und werden in den fr\u00fchen Abendstunden von Tourist*innenhorden in der Karlsaue mit Smartphones verfolgt. <\/p>\n\n\n\n<p>Der Waschb\u00e4r am Kulturzentrum Schlachthof wirft hingegen ein Hakenkreuz in den Abfallkorb.<\/p>\n\n\n\n<p>Kurz und b\u00fcndig findet sich der Satz &#8222;Politisch Verfolgte genie\u00dfen Asylrecht&#8220; auf der Wandtafel eines Unigeb\u00e4udes (?). Wenn es doch nur so einfach w\u00e4re. Heute ist es der Artikel 16a, Absatz 1 der die zitierte Aussage zum Asylrecht trifft.<\/p>\n\n\n<div class=\"wp-block-image\">\n<figure class=\"aligncenter size-large\"><a href=\"https:\/\/www.schiebener.net\/wordpress\/wp-content\/uploads\/2025\/02\/2025021602Kassel.jpg\" target=\"_blank\" rel=\" noreferrer noopener\"><img loading=\"lazy\" decoding=\"async\" width=\"683\" height=\"1024\" src=\"https:\/\/www.schiebener.net\/wordpress\/wp-content\/uploads\/2025\/02\/2025021602Kassel-683x1024.jpg\" alt=\"\" class=\"wp-image-60414\" srcset=\"https:\/\/www.schiebener.net\/wordpress\/wp-content\/uploads\/2025\/02\/2025021602Kassel-683x1024.jpg 683w, https:\/\/www.schiebener.net\/wordpress\/wp-content\/uploads\/2025\/02\/2025021602Kassel-200x300.jpg 200w, https:\/\/www.schiebener.net\/wordpress\/wp-content\/uploads\/2025\/02\/2025021602Kassel-768x1152.jpg 768w, https:\/\/www.schiebener.net\/wordpress\/wp-content\/uploads\/2025\/02\/2025021602Kassel-1024x1536.jpg 1024w, https:\/\/www.schiebener.net\/wordpress\/wp-content\/uploads\/2025\/02\/2025021602Kassel-1200x1800.jpg 1200w, https:\/\/www.schiebener.net\/wordpress\/wp-content\/uploads\/2025\/02\/2025021602Kassel.jpg 1365w\" sizes=\"auto, (max-width: 709px) 85vw, (max-width: 909px) 67vw, (max-width: 984px) 61vw, (max-width: 1362px) 45vw, 600px\" \/><\/a><figcaption class=\"wp-element-caption\">Tafel an einem Universit\u00e4tsgeb\u00e4ude (?): Politisch Verfolgte genie\u00dfen Asylrecht, Artikel 16, 2.2 GG (foto zoom)<\/figcaption><\/figure>\n<\/div>\n\n\n<p>In den Abs\u00e4tzen 2 bis 5 des Artikels wird das Asylrecht soweit eingeschr\u00e4nkt, dass es nur noch in hom\u00f6opathischen Dosen gilt.<\/p>\n\n\n\n<p>Beispielsweise Absatz 2, Satz 1: &#8222;Auf Absatz 1 kann sich nicht berufen, wer aus einem Mitgliedstaat der Europ\u00e4ischen Gemeinschaften oder aus einem anderen Drittstaat einreist, in dem die Anwendung des Abkommens \u00fcber die Rechtsstellung der Fl\u00fcchtlinge und der Konvention zum Schutze der Menschenrechte und Grundfreiheiten sichergestellt ist.&#8220;<\/p>\n\n\n\n<p>Alles hier lesen: <a href=\"https:\/\/www.gesetze-im-internet.de\/gg\/art_16a.html\" target=\"_blank\" rel=\"noreferrer noopener\">https:\/\/www.gesetze-im-internet.de\/gg\/art_16a.html<\/a><\/p>\n\n\n\n<p>Graffiti habe ich auch noch gefunden, die Bilder liegen noch auf der Speicherkarte. Am Ende des Tages war das 18-105 Zoom-Objektiv defekt. Es klemmt bei 30 mm. Weitwinkel ad\u00e9! Aber das ist eine andere Geschichte.<\/p>\n","protected":false},"excerpt":{"rendered":"<p>&#8230; und wenn es nur drei Bilder sind Heute habe ich mir ein Buch aus der Bibliothek in Kassel abgeholt und bin im Anschluss durch den Nordstadtpark entlang der Ahne &hellip; <a href=\"https:\/\/www.schiebener.net\/wordpress\/kein-tag-ohne-politik\/\" class=\"more-link\"><span class=\"screen-reader-text\">\u201eKein Tag ohne Politik\u201c <\/span>weiterlesen<\/a><\/p>\n","protected":false},"author":3,"featured_media":0,"comment_status":"open","ping_status":"open","sticky":false,"template":"","format":"standard","meta":{"footnotes":""},"categories":[2489,24,8669,6314],"tags":[4271,868,515,9199],"class_list":["post-60412","post","type-post","status-publish","format-standard","hentry","category-in-eigener-sache","category-politik","category-rassismus","category-rechtsextremismus","tag-afd","tag-asyl","tag-grundgesetz","tag-waschbaeren"],"_links":{"self":[{"href":"https:\/\/www.schiebener.net\/wordpress\/wp-json\/wp\/v2\/posts\/60412","targetHints":{"allow":["GET"]}}],"collection":[{"href":"https:\/\/www.schiebener.net\/wordpress\/wp-json\/wp\/v2\/posts"}],"about":[{"href":"https:\/\/www.schiebener.net\/wordpress\/wp-json\/wp\/v2\/types\/post"}],"author":[{"embeddable":true,"href":"https:\/\/www.schiebener.net\/wordpress\/wp-json\/wp\/v2\/users\/3"}],"replies":[{"embeddable":true,"href":"https:\/\/www.schiebener.net\/wordpress\/wp-json\/wp\/v2\/comments?post=60412"}],"version-history":[{"count":0,"href":"https:\/\/www.schiebener.net\/wordpress\/wp-json\/wp\/v2\/posts\/60412\/revisions"}],"wp:attachment":[{"href":"https:\/\/www.schiebener.net\/wordpress\/wp-json\/wp\/v2\/media?parent=60412"}],"wp:term":[{"taxonomy":"category","embeddable":true,"href":"https:\/\/www.schiebener.net\/wordpress\/wp-json\/wp\/v2\/categories?post=60412"},{"taxonomy":"post_tag","embeddable":true,"href":"https:\/\/www.schiebener.net\/wordpress\/wp-json\/wp\/v2\/tags?post=60412"}],"curies":[{"name":"wp","href":"https:\/\/api.w.org\/{rel}","templated":true}]}}