{"id":60360,"date":"2025-02-09T14:44:33","date_gmt":"2025-02-09T13:44:33","guid":{"rendered":"https:\/\/www.schiebener.net\/wordpress\/?p=60360"},"modified":"2025-02-09T14:44:33","modified_gmt":"2025-02-09T13:44:33","slug":"vor-dem-sonnenaufgang-auf-dem-kraehenstein","status":"publish","type":"post","link":"https:\/\/www.schiebener.net\/wordpress\/vor-dem-sonnenaufgang-auf-dem-kraehenstein\/","title":{"rendered":"Vor dem Sonnenaufgang auf dem Kr\u00e4henstein"},"content":{"rendered":"<div class=\"wp-block-image\">\n<figure class=\"aligncenter size-large\"><a href=\"https:\/\/www.schiebener.net\/wordpress\/wp-content\/uploads\/2025\/02\/2025020902Kraehenstein.jpg\" target=\"_blank\" rel=\" noreferrer noopener\"><img loading=\"lazy\" decoding=\"async\" width=\"1024\" height=\"683\" src=\"https:\/\/www.schiebener.net\/wordpress\/wp-content\/uploads\/2025\/02\/2025020902Kraehenstein-1024x683.jpg\" alt=\"\" class=\"wp-image-60362\" srcset=\"https:\/\/www.schiebener.net\/wordpress\/wp-content\/uploads\/2025\/02\/2025020902Kraehenstein-1024x683.jpg 1024w, https:\/\/www.schiebener.net\/wordpress\/wp-content\/uploads\/2025\/02\/2025020902Kraehenstein-300x200.jpg 300w, https:\/\/www.schiebener.net\/wordpress\/wp-content\/uploads\/2025\/02\/2025020902Kraehenstein-768x512.jpg 768w, https:\/\/www.schiebener.net\/wordpress\/wp-content\/uploads\/2025\/02\/2025020902Kraehenstein-1536x1024.jpg 1536w, https:\/\/www.schiebener.net\/wordpress\/wp-content\/uploads\/2025\/02\/2025020902Kraehenstein-1200x800.jpg 1200w, https:\/\/www.schiebener.net\/wordpress\/wp-content\/uploads\/2025\/02\/2025020902Kraehenstein.jpg 2048w\" sizes=\"auto, (max-width: 709px) 85vw, (max-width: 909px) 67vw, (max-width: 1362px) 62vw, 840px\" \/><\/a><figcaption class=\"wp-element-caption\">Gleich geht die Sonne hinter den Bergen auf. (foto: zoom)<\/figcaption><\/figure>\n<\/div>\n\n\n<p><strong>Wenn du am Sonntagmorgen um 6 Uhr aufwachst, wollen dir Kopf und K\u00f6rper sagen: Geh&#8216; raus und guck&#8216; dir den Sonnenaufgang an<\/strong>!<\/p>\n\n\n\n<p>Also bin ich auf den Kr\u00e4henstein geklettert, um das Morgenrot zu erwarten. Ich hatte nicht damit gerechnet, dass die Sonne in einem fahlen Gelb-Orange aufscheinen w\u00fcrde.<\/p>\n\n\n<div class=\"wp-block-image\">\n<figure class=\"aligncenter size-large\"><a href=\"https:\/\/www.schiebener.net\/wordpress\/wp-content\/uploads\/2025\/02\/2025020903Kraehenstein.jpg\" target=\"_blank\" rel=\" noreferrer noopener\"><img loading=\"lazy\" decoding=\"async\" width=\"1024\" height=\"1024\" src=\"https:\/\/www.schiebener.net\/wordpress\/wp-content\/uploads\/2025\/02\/2025020903Kraehenstein-1024x1024.jpg\" alt=\"\" class=\"wp-image-60363\" srcset=\"https:\/\/www.schiebener.net\/wordpress\/wp-content\/uploads\/2025\/02\/2025020903Kraehenstein-1024x1024.jpg 1024w, https:\/\/www.schiebener.net\/wordpress\/wp-content\/uploads\/2025\/02\/2025020903Kraehenstein-300x300.jpg 300w, https:\/\/www.schiebener.net\/wordpress\/wp-content\/uploads\/2025\/02\/2025020903Kraehenstein-150x150.jpg 150w, https:\/\/www.schiebener.net\/wordpress\/wp-content\/uploads\/2025\/02\/2025020903Kraehenstein-768x768.jpg 768w, https:\/\/www.schiebener.net\/wordpress\/wp-content\/uploads\/2025\/02\/2025020903Kraehenstein-1536x1536.jpg 1536w, https:\/\/www.schiebener.net\/wordpress\/wp-content\/uploads\/2025\/02\/2025020903Kraehenstein-1200x1200.jpg 1200w, https:\/\/www.schiebener.net\/wordpress\/wp-content\/uploads\/2025\/02\/2025020903Kraehenstein.jpg 2048w\" sizes=\"auto, (max-width: 709px) 85vw, (max-width: 909px) 67vw, (max-width: 1362px) 62vw, 840px\" \/><\/a><figcaption class=\"wp-element-caption\">Am Fu\u00df des Kr\u00e4hensteins (foto: zoom)<\/figcaption><\/figure>\n<\/div>\n\n\n<p>Immerhin habe ich lernen d\u00fcrfen, dass die Vorgeschichte des Kr\u00e4hensteins vor 385 Mio. Jahren begonnen hat. 85 Mio. Jahre sp\u00e4ter wurde das Rheinische Schiefergebirge aufgefaltet.<\/p>\n\n\n\n<p>Eigentlich m\u00fcsste ich die Tafel schon auswendig hersagen k\u00f6nnen, denn ich bin h\u00e4ufig dort oben &#8211; erst <a href=\"https:\/\/www.schiebener.net\/wordpress\/die-fahrradsaison-ist-eroeffnet\/\" target=\"_blank\" rel=\"noreferrer noopener\">gestern mit dem Rad<\/a>.<\/p>\n\n\n\n<p>Der Trick ist, dass ich zwischen meinen Besuchen mindestens die H\u00e4lfte des Gelesenen vergesse und so, voil\u00e0, lerne ich beim n\u00e4chsten Mal wieder etwas dazu.<\/p>\n\n\n<div class=\"wp-block-image\">\n<figure class=\"aligncenter size-large\"><a href=\"https:\/\/www.schiebener.net\/wordpress\/wp-content\/uploads\/2025\/02\/2025020901Kraehenstein.jpg\"><img loading=\"lazy\" decoding=\"async\" width=\"1024\" height=\"683\" src=\"https:\/\/www.schiebener.net\/wordpress\/wp-content\/uploads\/2025\/02\/2025020901Kraehenstein-1024x683.jpg\" alt=\"\" class=\"wp-image-60361\" srcset=\"https:\/\/www.schiebener.net\/wordpress\/wp-content\/uploads\/2025\/02\/2025020901Kraehenstein-1024x683.jpg 1024w, https:\/\/www.schiebener.net\/wordpress\/wp-content\/uploads\/2025\/02\/2025020901Kraehenstein-300x200.jpg 300w, https:\/\/www.schiebener.net\/wordpress\/wp-content\/uploads\/2025\/02\/2025020901Kraehenstein-768x512.jpg 768w, https:\/\/www.schiebener.net\/wordpress\/wp-content\/uploads\/2025\/02\/2025020901Kraehenstein-1536x1025.jpg 1536w, https:\/\/www.schiebener.net\/wordpress\/wp-content\/uploads\/2025\/02\/2025020901Kraehenstein-1200x800.jpg 1200w, https:\/\/www.schiebener.net\/wordpress\/wp-content\/uploads\/2025\/02\/2025020901Kraehenstein.jpg 2048w\" sizes=\"auto, (max-width: 709px) 85vw, (max-width: 909px) 67vw, (max-width: 1362px) 62vw, 840px\" \/><\/a><figcaption class=\"wp-element-caption\">Erkl\u00e4rtafel am Kr\u00e4henstein (foto: zoom)<\/figcaption><\/figure>\n<\/div>\n\n\n<p>Wenn es euch wirklich interessiert, k\u00f6nnt ihr auf das Bild klicken und die Schrift vergr\u00f6\u00dfern.<\/p>\n\n\n\n<p>Zum Schlu\u00df noch ein Foto vom Kreuz im gelben Licht der Morgensonne. Nachts kann es beleuchtet werden. In der Dunkelheit sehe ich das strahlende Kreuz vom Wohnzimmerfenster. <\/p>\n\n\n\n<p>Das Sauerland &#8211; Land der 1000 Berge und 10.000 Kreuze, gef\u00fchlt 100.000 &#8211; k.a.<\/p>\n\n\n<div class=\"wp-block-image\">\n<figure class=\"aligncenter size-large\"><a href=\"https:\/\/www.schiebener.net\/wordpress\/wp-content\/uploads\/2025\/02\/2025020905Kraehenstein.jpg\" target=\"_blank\" rel=\" noreferrer noopener\"><img loading=\"lazy\" decoding=\"async\" width=\"1024\" height=\"676\" src=\"https:\/\/www.schiebener.net\/wordpress\/wp-content\/uploads\/2025\/02\/2025020905Kraehenstein-1024x676.jpg\" alt=\"\" class=\"wp-image-60364\" srcset=\"https:\/\/www.schiebener.net\/wordpress\/wp-content\/uploads\/2025\/02\/2025020905Kraehenstein-1024x676.jpg 1024w, https:\/\/www.schiebener.net\/wordpress\/wp-content\/uploads\/2025\/02\/2025020905Kraehenstein-300x198.jpg 300w, https:\/\/www.schiebener.net\/wordpress\/wp-content\/uploads\/2025\/02\/2025020905Kraehenstein-768x507.jpg 768w, https:\/\/www.schiebener.net\/wordpress\/wp-content\/uploads\/2025\/02\/2025020905Kraehenstein-1536x1014.jpg 1536w, https:\/\/www.schiebener.net\/wordpress\/wp-content\/uploads\/2025\/02\/2025020905Kraehenstein-1200x792.jpg 1200w, https:\/\/www.schiebener.net\/wordpress\/wp-content\/uploads\/2025\/02\/2025020905Kraehenstein.jpg 2048w\" sizes=\"auto, (max-width: 709px) 85vw, (max-width: 909px) 67vw, (max-width: 1362px) 62vw, 840px\" \/><\/a><figcaption class=\"wp-element-caption\">Das Kreuz auf dem Kr\u00e4henstein (foto: zoom)<\/figcaption><\/figure>\n<\/div>","protected":false},"excerpt":{"rendered":"<p>Wenn du am Sonntagmorgen um 6 Uhr aufwachst, wollen dir Kopf und K\u00f6rper sagen: Geh&#8216; raus und guck&#8216; dir den Sonnenaufgang an! Also bin ich auf den Kr\u00e4henstein geklettert, um &hellip; <a href=\"https:\/\/www.schiebener.net\/wordpress\/vor-dem-sonnenaufgang-auf-dem-kraehenstein\/\" class=\"more-link\"><span class=\"screen-reader-text\">\u201eVor dem Sonnenaufgang auf dem Kr\u00e4henstein\u201c <\/span>weiterlesen<\/a><\/p>\n","protected":false},"author":3,"featured_media":0,"comment_status":"open","ping_status":"open","sticky":false,"template":"","format":"standard","meta":{"footnotes":""},"categories":[174,1732,2489,80,49,549,648],"tags":[6480,1831,9264],"class_list":["post-60360","post","type-post","status-publish","format-standard","hentry","category-dit-und-dat","category-freizeit","category-in-eigener-sache","category-lokales","category-religion","category-umwelt","category-was-tun-gegen-langweile","tag-dorfspaziergang","tag-kappelchen","tag-kraehenstein"],"_links":{"self":[{"href":"https:\/\/www.schiebener.net\/wordpress\/wp-json\/wp\/v2\/posts\/60360","targetHints":{"allow":["GET"]}}],"collection":[{"href":"https:\/\/www.schiebener.net\/wordpress\/wp-json\/wp\/v2\/posts"}],"about":[{"href":"https:\/\/www.schiebener.net\/wordpress\/wp-json\/wp\/v2\/types\/post"}],"author":[{"embeddable":true,"href":"https:\/\/www.schiebener.net\/wordpress\/wp-json\/wp\/v2\/users\/3"}],"replies":[{"embeddable":true,"href":"https:\/\/www.schiebener.net\/wordpress\/wp-json\/wp\/v2\/comments?post=60360"}],"version-history":[{"count":0,"href":"https:\/\/www.schiebener.net\/wordpress\/wp-json\/wp\/v2\/posts\/60360\/revisions"}],"wp:attachment":[{"href":"https:\/\/www.schiebener.net\/wordpress\/wp-json\/wp\/v2\/media?parent=60360"}],"wp:term":[{"taxonomy":"category","embeddable":true,"href":"https:\/\/www.schiebener.net\/wordpress\/wp-json\/wp\/v2\/categories?post=60360"},{"taxonomy":"post_tag","embeddable":true,"href":"https:\/\/www.schiebener.net\/wordpress\/wp-json\/wp\/v2\/tags?post=60360"}],"curies":[{"name":"wp","href":"https:\/\/api.w.org\/{rel}","templated":true}]}}