{"id":60323,"date":"2025-02-04T21:18:43","date_gmt":"2025-02-04T20:18:43","guid":{"rendered":"https:\/\/www.schiebener.net\/wordpress\/?p=60323"},"modified":"2025-02-04T21:32:05","modified_gmt":"2025-02-04T20:32:05","slug":"winterberg-bunt-statt-braun-demo-gegen-rechts","status":"publish","type":"post","link":"https:\/\/www.schiebener.net\/wordpress\/winterberg-bunt-statt-braun-demo-gegen-rechts\/","title":{"rendered":"Winterberg: Bunt statt Braun \u2013 Demo gegen Rechts!"},"content":{"rendered":"\n<h3 class=\"wp-block-heading\"><strong>Kundgebung f\u00fcr Demokratie, Vielfalt und Offenheit in Winterberg am Sonntag, den 09. Februar 2025 um 18 Uhr auf dem Winterberger Marktplatz.<\/strong><\/h3>\n\n\n<div class=\"wp-block-image\">\n<figure class=\"aligncenter size-large\"><a href=\"https:\/\/www.schiebener.net\/wordpress\/wp-content\/uploads\/2025\/02\/2025020401BuntStattBraun.jpg\" target=\"_blank\" rel=\" noreferrer noopener\"><img loading=\"lazy\" decoding=\"async\" width=\"819\" height=\"1024\" src=\"https:\/\/www.schiebener.net\/wordpress\/wp-content\/uploads\/2025\/02\/2025020401BuntStattBraun-819x1024.jpg\" alt=\"\" class=\"wp-image-60325\" srcset=\"https:\/\/www.schiebener.net\/wordpress\/wp-content\/uploads\/2025\/02\/2025020401BuntStattBraun-819x1024.jpg 819w, https:\/\/www.schiebener.net\/wordpress\/wp-content\/uploads\/2025\/02\/2025020401BuntStattBraun-240x300.jpg 240w, https:\/\/www.schiebener.net\/wordpress\/wp-content\/uploads\/2025\/02\/2025020401BuntStattBraun-768x960.jpg 768w, https:\/\/www.schiebener.net\/wordpress\/wp-content\/uploads\/2025\/02\/2025020401BuntStattBraun.jpg 1080w\" sizes=\"auto, (max-width: 709px) 85vw, (max-width: 909px) 67vw, (max-width: 984px) 61vw, (max-width: 1362px) 45vw, 600px\" \/><\/a><figcaption class=\"wp-element-caption\">Bunt statt Braun, Winterberg, Demo gegen Rechts (Veranstaltungsplakat)<\/figcaption><\/figure>\n<\/div>\n\n\n<p><strong>Die Initiative f\u00fcr Vielfalt und Demokratie Winterberg l\u00e4dt alle B\u00fcrgeri<\/strong><strong>nnen, B\u00fcrger und G\u00e4ste herzlich ein, um gemeinsam ein friedliches und starkes Zeichen f\u00fcr Demokratie, Vielfalt und Offenheit zu setzen.<\/strong><\/p>\n\n\n\n<p><em>(Pressemitteilung der Initiative f\u00fcr Vielfalt und Demokratie Winterberg)<\/em><\/p>\n\n\n\n<p>Deutschlandweit sind in den letzten Tagen knapp 500.000 Menschen auf die Stra\u00dfen gegangen, um f\u00fcr Demokratie und Vielfalt zu demonstrieren. Ein starkes Zeichen, das die Organisatorinnen und Organisatoren auch in Winterberg und Umgebung setzen m\u00f6chten. <\/p>\n\n\n\n<p>\u201eAuf Grund der aktuellen politischen Lage so kurz vor der Bundestagswahl, sehen wir dringenden Handlungsbedarf und m\u00f6chten ein Zeichen setzen \u2013 f\u00fcr Demokratie und gegen den zunehmenden Rechtsdruck. <\/p>\n\n\n\n<p>Unsere Region lebt mit und von Zugezogenen und muss sich als bekannte, touristische Destination klar positionieren\u201c \u2013 so die Teilnehmerinnen und Teilnehmer der neu gegr\u00fcndeten Initiative f\u00fcr Vielfalt und Demokratie Winterberg.<\/p>\n\n\n\n<p>Die Kundgebung findet am <strong>Sonntag, den 09. Februar um 18 Uhr auf dem Marktplatz in Winterberg<\/strong> statt. Geplant sind zahlreiche Redebeitr\u00e4ge aus Politik und Zivilgesellschaft, unter anderem von drei Direktkandidat:innen f\u00fcr den HSK: dem Bundestagsabgeordneten Dirk Wiese (SPD), Sandra Stein (B90\/Gr\u00fcne) und Lara Kuse (Die Linke) sowie musikalische Darbietungen. Plakate und Banner d\u00fcrfen gerne mitgebracht werden.<\/p>\n\n\n\n<p>Die Initiative freut sich auf rege Teilnahme, auch aus den benachbarten Stadtgebieten.<\/p>\n\n\n<div class=\"wp-block-image\">\n<figure class=\"aligncenter size-large\"><a href=\"https:\/\/www.schiebener.net\/wordpress\/wp-content\/uploads\/2025\/02\/2025020402BuntStattBraun.jpg\" target=\"_blank\" rel=\" noreferrer noopener\"><img loading=\"lazy\" decoding=\"async\" width=\"1024\" height=\"755\" src=\"https:\/\/www.schiebener.net\/wordpress\/wp-content\/uploads\/2025\/02\/2025020402BuntStattBraun-1024x755.jpg\" alt=\"\" class=\"wp-image-60324\" srcset=\"https:\/\/www.schiebener.net\/wordpress\/wp-content\/uploads\/2025\/02\/2025020402BuntStattBraun-1024x755.jpg 1024w, https:\/\/www.schiebener.net\/wordpress\/wp-content\/uploads\/2025\/02\/2025020402BuntStattBraun-300x221.jpg 300w, https:\/\/www.schiebener.net\/wordpress\/wp-content\/uploads\/2025\/02\/2025020402BuntStattBraun-768x566.jpg 768w, https:\/\/www.schiebener.net\/wordpress\/wp-content\/uploads\/2025\/02\/2025020402BuntStattBraun-1200x884.jpg 1200w, https:\/\/www.schiebener.net\/wordpress\/wp-content\/uploads\/2025\/02\/2025020402BuntStattBraun.jpg 1536w\" sizes=\"auto, (max-width: 709px) 85vw, (max-width: 909px) 67vw, (max-width: 1362px) 62vw, 840px\" \/><\/a><figcaption class=\"wp-element-caption\"><br \/><em>Die  engagierten Winterberger B\u00fcrger*innen der Initiative f\u00fcr Vielfalt und Demokratie Winterberg<\/em> (Foto: (c) Initiative f\u00fcr Vielfalt und Demokratie)<\/figcaption><\/figure>\n<\/div>\n\n\n<p>Die &#8222;Initiative f\u00fcr Vielfalt und Demokratie Winterberg&#8220; setzt sich aus einer engagierten Gruppe Winterberger B\u00fcrger*innen zusammen, darunter Alexandra Kr\u00e4ling, Kim Peis, Philipp Sch\u00e4fer, Moritz Sch\u00e4fer, Hendrik Brieden, Brit Hilmers, Raphael Gessenhardt, Sven Westphal, Jan Pieper sowie vielen weiteren aktiven Mitstreiter:innen.<\/p>\n\n\n\n<p>R\u00fcckfragen, Anregungen und Anfragen f\u00fcr Redebeitr\u00e4ge sind jederzeit willkommen. Die Initiative freut sich \u00fcber die Kontaktaufnahme unter <a href=\"mailto:bunteswinterberg@gmail.com\" target=\"_blank\" rel=\"noreferrer noopener\">bunteswinterberg@gmail.com<\/a>.<\/p>\n","protected":false},"excerpt":{"rendered":"<p>Kundgebung f\u00fcr Demokratie, Vielfalt und Offenheit in Winterberg am Sonntag, den 09. Februar 2025 um 18 Uhr auf dem Winterberger Marktplatz. Die Initiative f\u00fcr Vielfalt und Demokratie Winterberg l\u00e4dt alle &hellip; <a href=\"https:\/\/www.schiebener.net\/wordpress\/winterberg-bunt-statt-braun-demo-gegen-rechts\/\" class=\"more-link\"><span class=\"screen-reader-text\">\u201eWinterberg: Bunt statt Braun \u2013 Demo gegen Rechts!\u201c <\/span>weiterlesen<\/a><\/p>\n","protected":false},"author":17,"featured_media":0,"comment_status":"open","ping_status":"open","sticky":false,"template":"","format":"standard","meta":{"footnotes":""},"categories":[303,80,24,1043,8669,6314],"tags":[2547,322],"class_list":["post-60323","post","type-post","status-publish","format-standard","hentry","category-in-unserem-briefkasten","category-lokales","category-politik","category-pressemitteilungen","category-rassismus","category-rechtsextremismus","tag-demo","tag-winterberg"],"_links":{"self":[{"href":"https:\/\/www.schiebener.net\/wordpress\/wp-json\/wp\/v2\/posts\/60323","targetHints":{"allow":["GET"]}}],"collection":[{"href":"https:\/\/www.schiebener.net\/wordpress\/wp-json\/wp\/v2\/posts"}],"about":[{"href":"https:\/\/www.schiebener.net\/wordpress\/wp-json\/wp\/v2\/types\/post"}],"author":[{"embeddable":true,"href":"https:\/\/www.schiebener.net\/wordpress\/wp-json\/wp\/v2\/users\/17"}],"replies":[{"embeddable":true,"href":"https:\/\/www.schiebener.net\/wordpress\/wp-json\/wp\/v2\/comments?post=60323"}],"version-history":[{"count":0,"href":"https:\/\/www.schiebener.net\/wordpress\/wp-json\/wp\/v2\/posts\/60323\/revisions"}],"wp:attachment":[{"href":"https:\/\/www.schiebener.net\/wordpress\/wp-json\/wp\/v2\/media?parent=60323"}],"wp:term":[{"taxonomy":"category","embeddable":true,"href":"https:\/\/www.schiebener.net\/wordpress\/wp-json\/wp\/v2\/categories?post=60323"},{"taxonomy":"post_tag","embeddable":true,"href":"https:\/\/www.schiebener.net\/wordpress\/wp-json\/wp\/v2\/tags?post=60323"}],"curies":[{"name":"wp","href":"https:\/\/api.w.org\/{rel}","templated":true}]}}