{"id":60238,"date":"2025-01-28T20:21:03","date_gmt":"2025-01-28T19:21:03","guid":{"rendered":"https:\/\/www.schiebener.net\/wordpress\/?p=60238"},"modified":"2025-02-03T09:34:17","modified_gmt":"2025-02-03T08:34:17","slug":"lesehinweis-correctiv-recherche-das-lobby-netzwerk-von-friedrich-merz","status":"publish","type":"post","link":"https:\/\/www.schiebener.net\/wordpress\/lesehinweis-correctiv-recherche-das-lobby-netzwerk-von-friedrich-merz\/","title":{"rendered":"Lesehinweis CORRECTIV-Recherche: Das Lobby-Netzwerk von Friedrich Merz"},"content":{"rendered":"\n<h3 class=\"wp-block-heading\">\u201eDie Partei verliert ihre Seele, baut ihr Wertesystem ab und wird zum konservativ-wirtschaftsliberalen Tory-Projekt.\u201c<\/h3>\n\n\n\n<p><strong>Ich habe mir vorhin die Correctiv-Recherche \u00fcber das Lobby-Netzwerk von Friedrich Merz durchgelesen. Danach schauderte es mich noch mehr als bislang, dass dieser Mann mit gro\u00dfer Wahrscheinlichkeit demn\u00e4chst Bundeskanzler werden wird.<\/strong><\/p>\n\n\n\n<p>In einem Newsletter von Correctiv hei\u00dft es u.a.: &#8222;Der CDU-Kanzlerkandidat pflegte als Anwalt enge Verbindungen zu Gro\u00dfkonzernen wie BASF und war in zahlreichen Aufsichts- und Beir\u00e4ten t\u00e4tig. Unsere Recherchen zeigen, dass das Wahlprogramm der Unionsparteien teils wortw\u00f6rtlich Forderungen der Chemie- und Metallindustrie \u00fcbernimmt. Merz beantwortete Fragen zu m\u00f6glichen Interessenkonflikten nicht.&#8220;<\/p>\n\n\n\n<!--more-->\n\n\n\n<p><strong>Lest selbst:<\/strong><br \/><br \/><a href=\"https:\/\/correctiv.org\/aktuelles\/wirtschaft\/2025\/01\/28\/bester-mann-der-grosskonzerne-das-lobby-netzwerk-von-friedrich-merz\/\" target=\"_blank\" rel=\"noreferrer noopener\">https:\/\/correctiv.org\/aktuelles\/wirtschaft\/2025\/01\/28\/bester-mann-der-grosskonzerne-das-lobby-netzwerk-von-friedrich-merz\/<\/a><\/p>\n\n\n\n<p>Am Ende des Recherche-Textes ist \u00fcber die Sorgen von <em>Christdemokraten alter Schule<\/em> zu lesen:<br \/><br \/>&#8222;Gerade Parteimitglieder, die sich als Christdemokraten alter Schule verstehen, machen sich Sorgen. \u201eDas hat kaum noch etwas mit dem christlichen Konservatismus zu tun, hinter dem ich stehe\u201c, sagt Andreas P\u00fcttmann, Politikwissenschaftler, gl\u00e4ubiger Katholik, eng mit der CDU verwurzelt. Ausgetreten ist er schon 2009, unter Angela Merkel, aber die wirkliche Entfremdung, sagt er, die passiere jetzt gerade: \u201eDie Partei verliert ihre Seele, baut ihr Wertesystem ab und wird zum konservativ-wirtschaftsliberalen Tory-Projekt.\u201c<\/p>\n\n\n\n<p><strong>10 Fragen an Friedrich Merz<\/strong><\/p>\n\n\n\n<p>Lest auch die 10 Fragen, die Friedrich Merz noch nicht beantwortet hat:<br \/><a href=\"https:\/\/correctiv.org\/spotlight-newsletter\/10-fragen-an-merz\/#thema-des-tages\">https:\/\/correctiv.org\/<\/a><a href=\"https:\/\/correctiv.org\/spotlight-newsletter\/10-fragen-an-merz\/#thema-des-tages\" target=\"_blank\" rel=\"noreferrer noopener\">s<\/a><a href=\"https:\/\/correctiv.org\/spotlight-newsletter\/10-fragen-an-merz\/#thema-des-tages\">potlight-newsletter\/10-fragen-an-merz\/#thema-des-tages<\/a><\/p>\n\n\n\n<p><\/p>\n","protected":false},"excerpt":{"rendered":"<p>\u201eDie Partei verliert ihre Seele, baut ihr Wertesystem ab und wird zum konservativ-wirtschaftsliberalen Tory-Projekt.\u201c Ich habe mir vorhin die Correctiv-Recherche \u00fcber das Lobby-Netzwerk von Friedrich Merz durchgelesen. Danach schauderte es &hellip; <a href=\"https:\/\/www.schiebener.net\/wordpress\/lesehinweis-correctiv-recherche-das-lobby-netzwerk-von-friedrich-merz\/\" class=\"more-link\"><span class=\"screen-reader-text\">\u201eLesehinweis CORRECTIV-Recherche: Das Lobby-Netzwerk von Friedrich Merz\u201c <\/span>weiterlesen<\/a><\/p>\n","protected":false},"author":3,"featured_media":0,"comment_status":"open","ping_status":"open","sticky":false,"template":"","format":"standard","meta":{"footnotes":""},"categories":[303,24],"tags":[5994,149,617,593],"class_list":["post-60238","post","type-post","status-publish","format-standard","hentry","category-in-unserem-briefkasten","category-politik","tag-correctv","tag-friedrich-merz","tag-lobbyismus","tag-recherche"],"_links":{"self":[{"href":"https:\/\/www.schiebener.net\/wordpress\/wp-json\/wp\/v2\/posts\/60238","targetHints":{"allow":["GET"]}}],"collection":[{"href":"https:\/\/www.schiebener.net\/wordpress\/wp-json\/wp\/v2\/posts"}],"about":[{"href":"https:\/\/www.schiebener.net\/wordpress\/wp-json\/wp\/v2\/types\/post"}],"author":[{"embeddable":true,"href":"https:\/\/www.schiebener.net\/wordpress\/wp-json\/wp\/v2\/users\/3"}],"replies":[{"embeddable":true,"href":"https:\/\/www.schiebener.net\/wordpress\/wp-json\/wp\/v2\/comments?post=60238"}],"version-history":[{"count":0,"href":"https:\/\/www.schiebener.net\/wordpress\/wp-json\/wp\/v2\/posts\/60238\/revisions"}],"wp:attachment":[{"href":"https:\/\/www.schiebener.net\/wordpress\/wp-json\/wp\/v2\/media?parent=60238"}],"wp:term":[{"taxonomy":"category","embeddable":true,"href":"https:\/\/www.schiebener.net\/wordpress\/wp-json\/wp\/v2\/categories?post=60238"},{"taxonomy":"post_tag","embeddable":true,"href":"https:\/\/www.schiebener.net\/wordpress\/wp-json\/wp\/v2\/tags?post=60238"}],"curies":[{"name":"wp","href":"https:\/\/api.w.org\/{rel}","templated":true}]}}