{"id":60229,"date":"2025-01-28T19:10:24","date_gmt":"2025-01-28T18:10:24","guid":{"rendered":"https:\/\/www.schiebener.net\/wordpress\/?p=60229"},"modified":"2025-01-28T19:10:24","modified_gmt":"2025-01-28T18:10:24","slug":"sauerlaender-buergerliste-arnsberg-sbl-laedt-zu-oeffentlichem-treffen-ein","status":"publish","type":"post","link":"https:\/\/www.schiebener.net\/wordpress\/sauerlaender-buergerliste-arnsberg-sbl-laedt-zu-oeffentlichem-treffen-ein\/","title":{"rendered":"Sauerl\u00e4nder B\u00fcrgerliste Arnsberg (SBL) l\u00e4dt zu \u00f6ffentlichem Treffen ein"},"content":{"rendered":"\n<p><strong>Die Sauerl\u00e4nder B\u00fcrgerliste Arnsberg (SBL) l\u00e4dt f\u00fcr Montag, den 03.02.2025, um 19.30 Uhr, zu einem \u00f6ffentlichen Treffen ein. Es findet im Ratsb\u00fcro von Gerd St\u00fcttgen, Sauerstr. 3 in Arnsberg, statt.<\/strong><\/p>\n\n\n\n<p><em>(Pressemitteilung SBL Arnsberg)<\/em><\/p>\n\n\n\n<p>Gerd St\u00fcttgen, Ratsmitglied der SBL, wird aus dem Rat und den Aussch\u00fcssen berichten. Reinhard Loos, Fraktionsvorsitzender der SBL im HSK, erl\u00e4utert die aktuelle Kreispolitik. Weiterhin geht es um den Sachstand zu gestellten Antr\u00e4gen und Anfragen. Dazu sollen die n\u00e4chsten politischen Aktionen und Antr\u00e4ge beraten werden. Auch die Kommunalwahl 2025 wird Thema sein.<\/p>\n\n\n\n<p>G\u00e4ste sind herzlich willkommen. Eine Anmeldung ist nicht erforderlich.<\/p>\n\n\n\n<p>Die SBL in Arnsberg freut sich auf eine rege Diskussion.<\/p>\n","protected":false},"excerpt":{"rendered":"<p>Die Sauerl\u00e4nder B\u00fcrgerliste Arnsberg (SBL) l\u00e4dt f\u00fcr Montag, den 03.02.2025, um 19.30 Uhr, zu einem \u00f6ffentlichen Treffen ein. Es findet im Ratsb\u00fcro von Gerd St\u00fcttgen, Sauerstr. 3 in Arnsberg, statt. &hellip; <a href=\"https:\/\/www.schiebener.net\/wordpress\/sauerlaender-buergerliste-arnsberg-sbl-laedt-zu-oeffentlichem-treffen-ein\/\" class=\"more-link\"><span class=\"screen-reader-text\">\u201eSauerl\u00e4nder B\u00fcrgerliste Arnsberg (SBL) l\u00e4dt zu \u00f6ffentlichem Treffen ein\u201c <\/span>weiterlesen<\/a><\/p>\n","protected":false},"author":17,"featured_media":0,"comment_status":"open","ping_status":"open","sticky":false,"template":"","format":"standard","meta":{"footnotes":""},"categories":[303,80,24,1043],"tags":[1357,8663],"class_list":["post-60229","post","type-post","status-publish","format-standard","hentry","category-in-unserem-briefkasten","category-lokales","category-politik","category-pressemitteilungen","tag-gerd-stuttgen","tag-sbl-arnsberg"],"_links":{"self":[{"href":"https:\/\/www.schiebener.net\/wordpress\/wp-json\/wp\/v2\/posts\/60229","targetHints":{"allow":["GET"]}}],"collection":[{"href":"https:\/\/www.schiebener.net\/wordpress\/wp-json\/wp\/v2\/posts"}],"about":[{"href":"https:\/\/www.schiebener.net\/wordpress\/wp-json\/wp\/v2\/types\/post"}],"author":[{"embeddable":true,"href":"https:\/\/www.schiebener.net\/wordpress\/wp-json\/wp\/v2\/users\/17"}],"replies":[{"embeddable":true,"href":"https:\/\/www.schiebener.net\/wordpress\/wp-json\/wp\/v2\/comments?post=60229"}],"version-history":[{"count":0,"href":"https:\/\/www.schiebener.net\/wordpress\/wp-json\/wp\/v2\/posts\/60229\/revisions"}],"wp:attachment":[{"href":"https:\/\/www.schiebener.net\/wordpress\/wp-json\/wp\/v2\/media?parent=60229"}],"wp:term":[{"taxonomy":"category","embeddable":true,"href":"https:\/\/www.schiebener.net\/wordpress\/wp-json\/wp\/v2\/categories?post=60229"},{"taxonomy":"post_tag","embeddable":true,"href":"https:\/\/www.schiebener.net\/wordpress\/wp-json\/wp\/v2\/tags?post=60229"}],"curies":[{"name":"wp","href":"https:\/\/api.w.org\/{rel}","templated":true}]}}