{"id":60202,"date":"2025-01-22T21:12:48","date_gmt":"2025-01-22T20:12:48","guid":{"rendered":"https:\/\/www.schiebener.net\/wordpress\/?p=60202"},"modified":"2025-01-25T10:15:11","modified_gmt":"2025-01-25T09:15:11","slug":"lokaljournalismus-der-wasserstand","status":"publish","type":"post","link":"https:\/\/www.schiebener.net\/wordpress\/lokaljournalismus-der-wasserstand\/","title":{"rendered":"Lokaljournalismus: der Wasserstand"},"content":{"rendered":"<div class=\"wp-block-image\">\n<figure class=\"aligncenter size-large\"><a href=\"https:\/\/www.schiebener.net\/wordpress\/wp-content\/uploads\/2025\/01\/20250121Auflage0424.jpg\" target=\"_blank\" rel=\" noreferrer noopener\"><img loading=\"lazy\" decoding=\"async\" width=\"1024\" height=\"437\" src=\"https:\/\/www.schiebener.net\/wordpress\/wp-content\/uploads\/2025\/01\/20250121Auflage0424-1024x437.jpg\" alt=\"\" class=\"wp-image-60203\" srcset=\"https:\/\/www.schiebener.net\/wordpress\/wp-content\/uploads\/2025\/01\/20250121Auflage0424-1024x437.jpg 1024w, https:\/\/www.schiebener.net\/wordpress\/wp-content\/uploads\/2025\/01\/20250121Auflage0424-300x128.jpg 300w, https:\/\/www.schiebener.net\/wordpress\/wp-content\/uploads\/2025\/01\/20250121Auflage0424-768x328.jpg 768w, https:\/\/www.schiebener.net\/wordpress\/wp-content\/uploads\/2025\/01\/20250121Auflage0424-1536x656.jpg 1536w, https:\/\/www.schiebener.net\/wordpress\/wp-content\/uploads\/2025\/01\/20250121Auflage0424-1200x513.jpg 1200w, https:\/\/www.schiebener.net\/wordpress\/wp-content\/uploads\/2025\/01\/20250121Auflage0424.jpg 1798w\" sizes=\"auto, (max-width: 709px) 85vw, (max-width: 909px) 67vw, (max-width: 1362px) 62vw, 840px\" \/><\/a><figcaption class=\"wp-element-caption\">Screenshot der IVW-Tabelle f\u00fcr die Westfalenpost\/WR Meschede\/Brilon (oben) und die WP Brilon (unten)<\/figcaption><\/figure>\n<\/div>\n\n\n<p><strong>Nach der gro\u00dfen Krise der Lokalzeitungen (u.a. Schlie\u00dfung der Westf\u00e4lischen Rundschau, Entlassungen von Journalist*innen und Redakteur*innen) habe ich regelm\u00e4\u00dfig die Verkaufs- und Abo-Zahlen unserer Lokalzeitung verfolgt. <\/strong><\/p>\n\n\n\n<p>Alle drei Monate werden bei der <a href=\"https:\/\/www.ivw.de\/print\/quartalsauflagen\/quartalsauflagen\" target=\"_blank\" rel=\"noreferrer noopener\">Informationsgemeinschaft zur Feststellung der Verbreitung von Werbetr\u00e4gern<\/a> (IVW) auch die Zahlen f\u00fcr die Westfalenpost ver\u00f6ffentlicht.<\/p>\n\n\n\n<p>Im Laufe der Jahre hat sich einiges ver\u00e4ndert. Weitere Lokalredaktionen (Warstein) schlossen, Gesch\u00e4ftsstellen verschwanden und auch die Website der IVW selbst ver\u00e4nderte sich. <\/p>\n\n\n\n<p>Ich habe gestern seit l\u00e4ngerem wieder nachgeschaut, ob sich der jahrelange Abw\u00e4rtstrend der Westfalenpost fortgesetzt hat oder ob sich die Ver\u00e4nderungen im medialen Auftreten, dazu weiter unten, positiv bemerkbar machen.<\/p>\n\n\n\n<p>Zuerst ein paar subjektive Beobachtungen. <\/p>\n\n\n\n<!--more-->\n\n\n\n<p>Die gedruckte Zeitung findet sich kaum noch in \u00f6ffentlichen R\u00e4umen wie beispielsweise Caf\u00e9s. Eine Ausnahme sind die Bibliotheken. Ich kann mich wochenlang durch das Sauerland bewegen, ohne von einem einzigen WP-Titel behelligt zu werden.<\/p>\n\n\n\n<p>Digital ist die Westfalenpost zu einer verschlossenen Auster geworden. Artikel im Internet sind konsequent hinter einer Bezahlschranke. Fr\u00fcher gab es noch den ein oder anderen Trick, um die Artikel trotzdem zu lesen, aber die Progranmmierer*innen der Funkemediengruppe haben im Laufe der Zeit alle Schotten dicht gemacht.<\/p>\n\n\n\n<p>Damit potentielle Leser*innen die Bezahlschranke durchschreiten, besteht die Website der Westfalenpost aus einer Anh\u00e4ufung von &#8222;Click-Bait&#8220;-Titeln, die h\u00e4ufig mehr versprechen als sie dann tats\u00e4chlich halten. Die Muster w\u00e4ren: &#8222;Morgen geht die Welt unter. Vier Dinge die Sie jetzt noch wissen m\u00fcssen&#8220; oder &#8222;Verkehrskollaps in Winterberg. Jetzt redet der B\u00fcrgermeister Klartext:&#8220;<\/p>\n\n\n\n<p>Die marktschreierische Website spiegelt allerdings die Druckausgabe nicht wider. Die Papier-WP ist immer noch so bieder wie vor 5, 10 oder 20 Jahren. <\/p>\n\n\n\n<p>Dass es auch anders geht, zeigt \u00fcbrigens <a href=\"https:\/\/www.hna.de\/\" target=\"_blank\" rel=\"noreferrer noopener\">die HNA<\/a>. Guckt da mal rein und vergleicht.<\/p>\n\n\n\n<p>Als alter Bibliotheksjunkie habe ich Ausweise f\u00fcr drei \u00f6ffentliche Bibliotheken. Dort habe ich von zu Hause aus Zugriff auf viele Zeitungen und Zeitschriften. S\u00fcddeutsche, taz, FAZ &#8230; <\/p>\n\n\n\n<p>Ratet mal, welche Zeitung nicht vertreten ist?<\/p>\n\n\n\n<p>Noch eine letzte Beobachtung? Die Todesanzeigen, also die Goldgrube der Lokalzeitungen, erscheinen mehr und mehr in der kostenlosen Werbezeitung <em>Sauerlandkurier<\/em>. Da sind sie erstens preiswerter und werden zweitens in jeden (!) Briefkasten geworfen. Auch ein Nachteil der verschlossenen Auster.<\/p>\n\n\n\n<p>Habe ich schon die Zahlen gespoilert? Die kann man\/frau\/mensch f\u00fcr Meschede\/Brilon und getrennt noch einmal f\u00fcr Brilon auf dem Screenshot sehen.<\/p>\n\n\n\n<p>Die Abonnent*innenzahlen sind f\u00fcr Meschede\/Brilon im Zeitraum vom vierten Quartal 2021 bis zum vierten Quartal 2024 von 19.178 auf 15.024 gefallen, darin sind die ePaper enthalten.<\/p>\n\n\n\n<p>Da die Redaktionen Brilon und Meschede erst seit kurzer Zeit getrennt ausgewiesen werden, hier noch die Abo-Zahlen f\u00fcr Brilon: von IV\/23 bis IV\/24 sanken die Abos von 8.245 auf 7.644, ein Verlust von 601 innerhalb eines Jahres.<\/p>\n\n\n\n<p>Warum interessiert mich das eigentlich? Kurzfassung: Es gibt einen <a href=\"https:\/\/www.ndr.de\/nachrichten\/info\/Lokaljournalismus-unter-Druck-aber-wichtig-fuer-die-Demokratie,pressefreiheit518.html\" target=\"_blank\" rel=\"noreferrer noopener\">Zusammenhang zwischen einem funktionierenden Lokaljournalismus und einer guten Demokratie<\/a>. <\/p>\n\n\n\n<p>Der Platz den die verschlossene Auster Westfalenpost ger\u00e4umt hat, wird von anderen Medien eingenommen. Das k\u00f6nnen Verschw\u00f6rungsgruppen auf Telegram oder Emp\u00f6rungsr\u00e4ume bei Meta sein. Wenn es gedruckt sein soll, sind es die Bildzeitung gegen Geld und die Reklamezeitung f\u00fcr umme, und das was die Nachbarn sagen. Die kennen n\u00e4mlich bestimmt jemanden, der jemanden kennt, die jemanden kennt, die aus dem Rathaus geh\u00f6rt hat &#8230; Fakt oder stille Post?<\/p>\n","protected":false},"excerpt":{"rendered":"<p>Nach der gro\u00dfen Krise der Lokalzeitungen (u.a. Schlie\u00dfung der Westf\u00e4lischen Rundschau, Entlassungen von Journalist*innen und Redakteur*innen) habe ich regelm\u00e4\u00dfig die Verkaufs- und Abo-Zahlen unserer Lokalzeitung verfolgt. Alle drei Monate werden &hellip; <a href=\"https:\/\/www.schiebener.net\/wordpress\/lokaljournalismus-der-wasserstand\/\" class=\"more-link\"><span class=\"screen-reader-text\">\u201eLokaljournalismus: der Wasserstand\u201c <\/span>weiterlesen<\/a><\/p>\n","protected":false},"author":3,"featured_media":0,"comment_status":"open","ping_status":"open","sticky":false,"template":"","format":"standard","meta":{"footnotes":""},"categories":[80,32],"tags":[8014,4915,274,340,252],"class_list":["post-60202","post","type-post","status-publish","format-standard","hentry","category-lokales","category-medien","tag-funkemedien","tag-ivw-auflagenzahlen","tag-lokaljournalismus","tag-westfalenpost","tag-zeitungskrise"],"_links":{"self":[{"href":"https:\/\/www.schiebener.net\/wordpress\/wp-json\/wp\/v2\/posts\/60202","targetHints":{"allow":["GET"]}}],"collection":[{"href":"https:\/\/www.schiebener.net\/wordpress\/wp-json\/wp\/v2\/posts"}],"about":[{"href":"https:\/\/www.schiebener.net\/wordpress\/wp-json\/wp\/v2\/types\/post"}],"author":[{"embeddable":true,"href":"https:\/\/www.schiebener.net\/wordpress\/wp-json\/wp\/v2\/users\/3"}],"replies":[{"embeddable":true,"href":"https:\/\/www.schiebener.net\/wordpress\/wp-json\/wp\/v2\/comments?post=60202"}],"version-history":[{"count":0,"href":"https:\/\/www.schiebener.net\/wordpress\/wp-json\/wp\/v2\/posts\/60202\/revisions"}],"wp:attachment":[{"href":"https:\/\/www.schiebener.net\/wordpress\/wp-json\/wp\/v2\/media?parent=60202"}],"wp:term":[{"taxonomy":"category","embeddable":true,"href":"https:\/\/www.schiebener.net\/wordpress\/wp-json\/wp\/v2\/categories?post=60202"},{"taxonomy":"post_tag","embeddable":true,"href":"https:\/\/www.schiebener.net\/wordpress\/wp-json\/wp\/v2\/tags?post=60202"}],"curies":[{"name":"wp","href":"https:\/\/api.w.org\/{rel}","templated":true}]}}