{"id":60166,"date":"2025-01-18T22:45:40","date_gmt":"2025-01-18T21:45:40","guid":{"rendered":"https:\/\/www.schiebener.net\/wordpress\/?p=60166"},"modified":"2025-01-19T08:48:30","modified_gmt":"2025-01-19T07:48:30","slug":"demonstration-gegen-rechts-in-kassel","status":"publish","type":"post","link":"https:\/\/www.schiebener.net\/wordpress\/demonstration-gegen-rechts-in-kassel\/","title":{"rendered":"Demonstration gegen Rechts in Kassel"},"content":{"rendered":"\n<h3 class=\"wp-block-heading\">Die Erwartungen wurden weit \u00fcbertroffen. Mehr als 7000 Teilnehmer*innen auf dem Friedrichsplatz und im Demonstrationszug<\/h3>\n\n\n<div class=\"wp-block-image\">\n<figure class=\"aligncenter size-large\"><a href=\"https:\/\/www.schiebener.net\/wordpress\/wp-content\/uploads\/2025\/01\/2025011801Kassel.jpg\" target=\"_blank\" rel=\" noreferrer noopener\"><img loading=\"lazy\" decoding=\"async\" width=\"1024\" height=\"768\" src=\"https:\/\/www.schiebener.net\/wordpress\/wp-content\/uploads\/2025\/01\/2025011801Kassel-1024x768.jpg\" alt=\"\" class=\"wp-image-60151\" srcset=\"https:\/\/www.schiebener.net\/wordpress\/wp-content\/uploads\/2025\/01\/2025011801Kassel-1024x768.jpg 1024w, https:\/\/www.schiebener.net\/wordpress\/wp-content\/uploads\/2025\/01\/2025011801Kassel-300x225.jpg 300w, https:\/\/www.schiebener.net\/wordpress\/wp-content\/uploads\/2025\/01\/2025011801Kassel-768x576.jpg 768w, https:\/\/www.schiebener.net\/wordpress\/wp-content\/uploads\/2025\/01\/2025011801Kassel-1536x1152.jpg 1536w, https:\/\/www.schiebener.net\/wordpress\/wp-content\/uploads\/2025\/01\/2025011801Kassel-1200x900.jpg 1200w, https:\/\/www.schiebener.net\/wordpress\/wp-content\/uploads\/2025\/01\/2025011801Kassel.jpg 2048w\" sizes=\"auto, (max-width: 709px) 85vw, (max-width: 909px) 67vw, (max-width: 1362px) 62vw, 840px\" \/><\/a><figcaption class=\"wp-element-caption\">Wie im letzten Jahr waren auch heute viele selbsgemachte Plakate zu sehen.(foto: zoom)<\/figcaption><\/figure>\n<\/div>\n\n\n<p><strong>Mehr als 7000 Teilnehmer*innen z\u00e4hlte die Demonstration gegen Rechts, f\u00fcr Vielfalt, solidarisches Miteinander, soziale Sicherheit und soziale Gerechtigkeit. Zu der Veranstaltung hatte unter anderem das <a href=\"https:\/\/bgr-kassel.de\/\" target=\"_blank\" rel=\"noreferrer noopener\">B\u00fcndnis gegen Rechts mit dem Deutschen Gewerkschaftsbund<\/a> aufgerufen.<\/strong><\/p>\n\n\n\n<p>Es kamen wesentlich mehr Menschen als erwartet. Angemeldet waren rund 300. Ich selbst hatte mit nicht mehr als 1000 Teilnehmer*innen gerechet.<\/p>\n\n\n<div class=\"wp-block-image\">\n<figure class=\"aligncenter size-large\"><a href=\"https:\/\/www.schiebener.net\/wordpress\/wp-content\/uploads\/2025\/01\/2025011814Kassel.jpg\" target=\"_blank\" rel=\" noreferrer noopener\"><img loading=\"lazy\" decoding=\"async\" width=\"1024\" height=\"683\" src=\"https:\/\/www.schiebener.net\/wordpress\/wp-content\/uploads\/2025\/01\/2025011814Kassel-1024x683.jpg\" alt=\"\" class=\"wp-image-60164\" srcset=\"https:\/\/www.schiebener.net\/wordpress\/wp-content\/uploads\/2025\/01\/2025011814Kassel-1024x683.jpg 1024w, https:\/\/www.schiebener.net\/wordpress\/wp-content\/uploads\/2025\/01\/2025011814Kassel-300x200.jpg 300w, https:\/\/www.schiebener.net\/wordpress\/wp-content\/uploads\/2025\/01\/2025011814Kassel-768x512.jpg 768w, https:\/\/www.schiebener.net\/wordpress\/wp-content\/uploads\/2025\/01\/2025011814Kassel-1536x1024.jpg 1536w, https:\/\/www.schiebener.net\/wordpress\/wp-content\/uploads\/2025\/01\/2025011814Kassel-1200x800.jpg 1200w, https:\/\/www.schiebener.net\/wordpress\/wp-content\/uploads\/2025\/01\/2025011814Kassel.jpg 2048w\" sizes=\"auto, (max-width: 709px) 85vw, (max-width: 909px) 67vw, (max-width: 1362px) 62vw, 840px\" \/><\/a><figcaption class=\"wp-element-caption\">Die Menschenmenge vor dem Staatstheater. In der Mitte ist die Redner*innenb\u00fchne zu sehen. (foto: zoom)<\/figcaption><\/figure>\n<\/div>\n\n\n<p>Kurz vor 13 Uhr h\u00e4tte ich mit meiner Sch\u00e4tzung noch richtig gelegen, aber dann str\u00f6mten die Menschen aus allen Richtungen auf den Friedrichsplatz. Am Ende bewegten sich die Sch\u00e4tzungen zwischen 7000 (Polizei) und 9000 (Organisatoren).<\/p>\n\n\n\n<!--more-->\n\n\n\n<p>Die Redner*innen wiesen auf die \u00dcberparteilichkeit des B\u00fcndnisses hin und baten darum, Parteienwerbung zu unterlassen. Bis auf eine kleine Politsekte (MLPD) hielten sich nach meiner Beobachtung alle an diese Aufforderung.<\/p>\n\n\n<div class=\"wp-block-image\">\n<figure class=\"aligncenter size-large\"><a href=\"https:\/\/www.schiebener.net\/wordpress\/wp-content\/uploads\/2025\/01\/2025011808Kassel.jpg\" target=\"_blank\" rel=\" noreferrer noopener\"><img loading=\"lazy\" decoding=\"async\" width=\"1024\" height=\"683\" src=\"https:\/\/www.schiebener.net\/wordpress\/wp-content\/uploads\/2025\/01\/2025011808Kassel-1024x683.jpg\" alt=\"\" class=\"wp-image-60158\" srcset=\"https:\/\/www.schiebener.net\/wordpress\/wp-content\/uploads\/2025\/01\/2025011808Kassel-1024x683.jpg 1024w, https:\/\/www.schiebener.net\/wordpress\/wp-content\/uploads\/2025\/01\/2025011808Kassel-300x200.jpg 300w, https:\/\/www.schiebener.net\/wordpress\/wp-content\/uploads\/2025\/01\/2025011808Kassel-768x512.jpg 768w, https:\/\/www.schiebener.net\/wordpress\/wp-content\/uploads\/2025\/01\/2025011808Kassel-1536x1024.jpg 1536w, https:\/\/www.schiebener.net\/wordpress\/wp-content\/uploads\/2025\/01\/2025011808Kassel-1200x800.jpg 1200w, https:\/\/www.schiebener.net\/wordpress\/wp-content\/uploads\/2025\/01\/2025011808Kassel.jpg 2048w\" sizes=\"auto, (max-width: 709px) 85vw, (max-width: 909px) 67vw, (max-width: 1362px) 62vw, 840px\" \/><\/a><figcaption class=\"wp-element-caption\">Die Presse und andere Beobachter*innen verfolgten das Geschehen zeitweise vom Dach des Stattstheaters. Eine kleine Drohne war auch dabei. K\u00f6nnt ihr sie sehen? (foto: zoom)<\/figcaption><\/figure>\n<\/div>\n\n<div class=\"wp-block-image\">\n<figure class=\"aligncenter size-large\"><a href=\"https:\/\/www.schiebener.net\/wordpress\/wp-content\/uploads\/2025\/01\/2025011810Kassel.jpg\" target=\"_blank\" rel=\" noreferrer noopener\"><img loading=\"lazy\" decoding=\"async\" width=\"1024\" height=\"683\" src=\"https:\/\/www.schiebener.net\/wordpress\/wp-content\/uploads\/2025\/01\/2025011810Kassel-1024x683.jpg\" alt=\"\" class=\"wp-image-60160\" srcset=\"https:\/\/www.schiebener.net\/wordpress\/wp-content\/uploads\/2025\/01\/2025011810Kassel-1024x683.jpg 1024w, https:\/\/www.schiebener.net\/wordpress\/wp-content\/uploads\/2025\/01\/2025011810Kassel-300x200.jpg 300w, https:\/\/www.schiebener.net\/wordpress\/wp-content\/uploads\/2025\/01\/2025011810Kassel-768x512.jpg 768w, https:\/\/www.schiebener.net\/wordpress\/wp-content\/uploads\/2025\/01\/2025011810Kassel-1536x1025.jpg 1536w, https:\/\/www.schiebener.net\/wordpress\/wp-content\/uploads\/2025\/01\/2025011810Kassel-1200x800.jpg 1200w, https:\/\/www.schiebener.net\/wordpress\/wp-content\/uploads\/2025\/01\/2025011810Kassel.jpg 2048w\" sizes=\"auto, (max-width: 709px) 85vw, (max-width: 909px) 67vw, (max-width: 1362px) 62vw, 840px\" \/><\/a><figcaption class=\"wp-element-caption\">Die AfD stand f\u00fcr die Demonstrierenden ganz klar im Fokus (foto: zoom)<\/figcaption><\/figure>\n<\/div>\n\n\n<p>Die <a href=\"https:\/\/omasgegenrechts-deutschland.de\/regionalgruppen\/kassel\/\" target=\"_blank\" rel=\"noreferrer noopener\">Omas gegen Rechts<\/a> und der Gewerkschafter Orry Mittenmayer, sprachen sich f\u00fcr Mitmenschlichkeit, den Schutz der Demokratie, soziale Sicherheit und gegen rechten Populismus und Faschismus aus. Ein Vertreter <a href=\"https:\/\/vvn-bda.de\/\" target=\"_blank\" rel=\"noreferrer noopener\">der VVN<\/a> wies darauf hin, dass es wichtig sei, Lehren aus der Geschichte zu ziehen. Die Nazis seien 1933 nicht wegen ihrer St\u00e4rke, sondern wegen der Uneinigkeit ihrer Gegner an die Macht gekommen.<\/p>\n\n\n\n<figure class=\"wp-block-image size-large\"><img loading=\"lazy\" decoding=\"async\" width=\"1024\" height=\"683\" src=\"https:\/\/www.schiebener.net\/wordpress\/wp-content\/uploads\/2025\/01\/2025011813Kassel-1024x683.jpg\" alt=\"\" class=\"wp-image-60163\" srcset=\"https:\/\/www.schiebener.net\/wordpress\/wp-content\/uploads\/2025\/01\/2025011813Kassel-1024x683.jpg 1024w, https:\/\/www.schiebener.net\/wordpress\/wp-content\/uploads\/2025\/01\/2025011813Kassel-300x200.jpg 300w, https:\/\/www.schiebener.net\/wordpress\/wp-content\/uploads\/2025\/01\/2025011813Kassel-768x512.jpg 768w, https:\/\/www.schiebener.net\/wordpress\/wp-content\/uploads\/2025\/01\/2025011813Kassel-1536x1024.jpg 1536w, https:\/\/www.schiebener.net\/wordpress\/wp-content\/uploads\/2025\/01\/2025011813Kassel-1200x800.jpg 1200w, https:\/\/www.schiebener.net\/wordpress\/wp-content\/uploads\/2025\/01\/2025011813Kassel.jpg 2048w\" sizes=\"auto, (max-width: 709px) 85vw, (max-width: 909px) 67vw, (max-width: 1362px) 62vw, 840px\" \/><figcaption class=\"wp-element-caption\">Auch im oberen Bereich des Friedrichsplatzes hatten sich viele Menschen versammelt. Rechts an der Seite waren die Polizeiwagen platziert. (foto: zoom)<\/figcaption><\/figure>\n\n\n\n<p>Die Veranstaltung lief ausgesprochen ruhig ab. Die Menschen waren ernster als ich es von anderen Demos gewohnt war. Keine Wagen mit krachender Musik, kein Punk, keine Elektro-Beats, keine Megaphone, nur hier und da ein eher verhaltener Sprechchor. <\/p>\n\n\n\n<p>Die Polizei konnte sich ganz darauf konzentrieren, den Verkehr umzuleiten und die Demo ruhig zu begleiten.<\/p>\n\n\n\n<p>Aktuelle Berichte sind bei der Hessenschau und der HNA erschienen:<\/p>\n\n\n\n<p><a href=\"https:\/\/www.hessenschau.de\/gesellschaft\/mehr-als-7000-menschen-demonstrieren-in-kassel-gegen-rechts-v6,kassel-demo-gegen-rechts-100.html\" target=\"_blank\" rel=\"noreferrer noopener\">https:\/\/www.hessenschau.de\/gesellschaft\/mehr-als-7000-menschen-demonstrieren-in-kassel-gegen-rechts-v6,kassel-demo-gegen-rechts-100.html<\/a><\/p>\n\n\n\n<p><a href=\"https:\/\/www.hna.de\/kassel\/7000-menschen-demonstrieren-in-kassel-gegen-rechtsextremismus-93522666.html\" target=\"_blank\" rel=\"noreferrer noopener\">https:\/\/www.hna.de\/kassel\/7000-menschen-demonstrieren-in-kassel-gegen-rechtsextremismus-93522666.html<\/a><\/p>\n","protected":false},"excerpt":{"rendered":"<p>Die Erwartungen wurden weit \u00fcbertroffen. Mehr als 7000 Teilnehmer*innen auf dem Friedrichsplatz und im Demonstrationszug Mehr als 7000 Teilnehmer*innen z\u00e4hlte die Demonstration gegen Rechts, f\u00fcr Vielfalt, solidarisches Miteinander, soziale Sicherheit &hellip; <a href=\"https:\/\/www.schiebener.net\/wordpress\/demonstration-gegen-rechts-in-kassel\/\" class=\"more-link\"><span class=\"screen-reader-text\">\u201eDemonstration gegen Rechts in Kassel\u201c <\/span>weiterlesen<\/a><\/p>\n","protected":false},"author":3,"featured_media":0,"comment_status":"open","ping_status":"open","sticky":false,"template":"","format":"standard","meta":{"footnotes":""},"categories":[319,2489,6314],"tags":[4271,2547,2270],"class_list":["post-60166","post","type-post","status-publish","format-standard","hentry","category-geschichte","category-in-eigener-sache","category-rechtsextremismus","tag-afd","tag-demo","tag-kassel"],"_links":{"self":[{"href":"https:\/\/www.schiebener.net\/wordpress\/wp-json\/wp\/v2\/posts\/60166","targetHints":{"allow":["GET"]}}],"collection":[{"href":"https:\/\/www.schiebener.net\/wordpress\/wp-json\/wp\/v2\/posts"}],"about":[{"href":"https:\/\/www.schiebener.net\/wordpress\/wp-json\/wp\/v2\/types\/post"}],"author":[{"embeddable":true,"href":"https:\/\/www.schiebener.net\/wordpress\/wp-json\/wp\/v2\/users\/3"}],"replies":[{"embeddable":true,"href":"https:\/\/www.schiebener.net\/wordpress\/wp-json\/wp\/v2\/comments?post=60166"}],"version-history":[{"count":0,"href":"https:\/\/www.schiebener.net\/wordpress\/wp-json\/wp\/v2\/posts\/60166\/revisions"}],"wp:attachment":[{"href":"https:\/\/www.schiebener.net\/wordpress\/wp-json\/wp\/v2\/media?parent=60166"}],"wp:term":[{"taxonomy":"category","embeddable":true,"href":"https:\/\/www.schiebener.net\/wordpress\/wp-json\/wp\/v2\/categories?post=60166"},{"taxonomy":"post_tag","embeddable":true,"href":"https:\/\/www.schiebener.net\/wordpress\/wp-json\/wp\/v2\/tags?post=60166"}],"curies":[{"name":"wp","href":"https:\/\/api.w.org\/{rel}","templated":true}]}}