{"id":60047,"date":"2025-01-02T21:48:43","date_gmt":"2025-01-02T20:48:43","guid":{"rendered":"https:\/\/www.schiebener.net\/wordpress\/?p=60047"},"modified":"2025-01-02T21:48:43","modified_gmt":"2025-01-02T20:48:43","slug":"neujahr-in-lindenthal","status":"publish","type":"post","link":"https:\/\/www.schiebener.net\/wordpress\/neujahr-in-lindenthal\/","title":{"rendered":"Neujahr in Lindenthal"},"content":{"rendered":"\n<h3 class=\"wp-block-heading\">und schon wieder nur Geb\u00e4ude<\/h3>\n\n\n<div class=\"wp-block-image\">\n<figure class=\"aligncenter size-large\"><a href=\"https:\/\/www.schiebener.net\/wordpress\/wp-content\/uploads\/2025\/01\/2025010103Lindenthal.jpg\" target=\"_blank\" rel=\" noreferrer noopener\"><img loading=\"lazy\" decoding=\"async\" width=\"1024\" height=\"683\" src=\"https:\/\/www.schiebener.net\/wordpress\/wp-content\/uploads\/2025\/01\/2025010103Lindenthal-1024x683.jpg\" alt=\"\" class=\"wp-image-60050\" srcset=\"https:\/\/www.schiebener.net\/wordpress\/wp-content\/uploads\/2025\/01\/2025010103Lindenthal-1024x683.jpg 1024w, https:\/\/www.schiebener.net\/wordpress\/wp-content\/uploads\/2025\/01\/2025010103Lindenthal-300x200.jpg 300w, https:\/\/www.schiebener.net\/wordpress\/wp-content\/uploads\/2025\/01\/2025010103Lindenthal-768x512.jpg 768w, https:\/\/www.schiebener.net\/wordpress\/wp-content\/uploads\/2025\/01\/2025010103Lindenthal-1536x1024.jpg 1536w, https:\/\/www.schiebener.net\/wordpress\/wp-content\/uploads\/2025\/01\/2025010103Lindenthal-1200x800.jpg 1200w, https:\/\/www.schiebener.net\/wordpress\/wp-content\/uploads\/2025\/01\/2025010103Lindenthal.jpg 2048w\" sizes=\"auto, (max-width: 709px) 85vw, (max-width: 909px) 67vw, (max-width: 1362px) 62vw, 840px\" \/><\/a><figcaption class=\"wp-element-caption\">Gedenktafel am Wohnhaus von <a href=\"https:\/\/de.wikipedia.org\/wiki\/August_Sander\" target=\"_blank\" rel=\"noreferrer noopener\">August Sander<\/a>, D\u00fcrenerstra\u00dfe 201 in K\u00f6ln-Lindenthal: &#8222;Sehen, Beobachten und Denken&#8220; (foto: zoom)<\/figcaption><\/figure>\n<\/div>\n\n\n<p><strong>Ein weiterer bescheidener Vorsatz f\u00fcr 2025 w\u00e4re es, mehr Menschen auf meine Fotos zu bugsieren. Ich finde das angesichts der pers\u00f6nlichkeitrechtlichen Rahmenbedingungen, die ich \u00fcbrigens f\u00fcr richtig halte, nicht einfach.<\/strong><\/p>\n\n\n\n<p>So bleiben von unserem Spaziergang in K\u00f6ln Lindenthal am Neujahrstag eine Gedenktafel und ein paar H\u00e4user, die zuf\u00e4llig am Rande standen. <\/p>\n\n\n\n<p>Nicht polititisch, nicht originell, kein Tiefgang &#8211; eine flache Erinnerung an den ersten Tag im neuen Jahr.<\/p>\n\n\n<div class=\"wp-block-image\">\n<figure class=\"aligncenter size-large\"><a href=\"https:\/\/www.schiebener.net\/wordpress\/wp-content\/uploads\/2025\/01\/2025010101Lindenthal.jpg\" target=\"_blank\" rel=\" noreferrer noopener\"><img loading=\"lazy\" decoding=\"async\" width=\"1024\" height=\"676\" src=\"https:\/\/www.schiebener.net\/wordpress\/wp-content\/uploads\/2025\/01\/2025010101Lindenthal-1024x676.jpg\" alt=\"\" class=\"wp-image-60048\" srcset=\"https:\/\/www.schiebener.net\/wordpress\/wp-content\/uploads\/2025\/01\/2025010101Lindenthal-1024x676.jpg 1024w, https:\/\/www.schiebener.net\/wordpress\/wp-content\/uploads\/2025\/01\/2025010101Lindenthal-300x198.jpg 300w, https:\/\/www.schiebener.net\/wordpress\/wp-content\/uploads\/2025\/01\/2025010101Lindenthal-768x507.jpg 768w, https:\/\/www.schiebener.net\/wordpress\/wp-content\/uploads\/2025\/01\/2025010101Lindenthal-1536x1014.jpg 1536w, https:\/\/www.schiebener.net\/wordpress\/wp-content\/uploads\/2025\/01\/2025010101Lindenthal-1200x792.jpg 1200w, https:\/\/www.schiebener.net\/wordpress\/wp-content\/uploads\/2025\/01\/2025010101Lindenthal.jpg 2048w\" sizes=\"auto, (max-width: 709px) 85vw, (max-width: 909px) 67vw, (max-width: 1362px) 62vw, 840px\" \/><\/a><figcaption class=\"wp-element-caption\">Wenn ich in K\u00f6ln wohnen w\u00fcrde, h\u00e4tte ich gerne so viel Gr\u00fcn hinterm Haus. (foto: zoom)<\/figcaption><\/figure>\n<\/div>\n\n\n<p>Wir hatte uns vom migrantisch gepr\u00e4gten Kalk auf die b\u00fcrgerliche Seite der Stadt nach Lindenthal begeben. Mit Freund*innen einmal die D\u00fcrener Stra\u00dfe hinunter und durch den Gr\u00fcng\u00fcrtel wieder zur\u00fcck. Stellt euch das als philosophisches Flanieren oder kultur-politisches Schlendern mit Einsprengseln von pers\u00f6nlichen Anekdoten vor.<\/p>\n\n\n<div class=\"wp-block-image\">\n<figure class=\"aligncenter size-large\"><a href=\"https:\/\/www.schiebener.net\/wordpress\/wp-content\/uploads\/2025\/01\/2025010102Lindenthal.jpg\" target=\"_blank\" rel=\" noreferrer noopener\"><img loading=\"lazy\" decoding=\"async\" width=\"1024\" height=\"675\" src=\"https:\/\/www.schiebener.net\/wordpress\/wp-content\/uploads\/2025\/01\/2025010102Lindenthal-1024x675.jpg\" alt=\"\" class=\"wp-image-60049\" srcset=\"https:\/\/www.schiebener.net\/wordpress\/wp-content\/uploads\/2025\/01\/2025010102Lindenthal-1024x675.jpg 1024w, https:\/\/www.schiebener.net\/wordpress\/wp-content\/uploads\/2025\/01\/2025010102Lindenthal-300x198.jpg 300w, https:\/\/www.schiebener.net\/wordpress\/wp-content\/uploads\/2025\/01\/2025010102Lindenthal-768x506.jpg 768w, https:\/\/www.schiebener.net\/wordpress\/wp-content\/uploads\/2025\/01\/2025010102Lindenthal-1536x1012.jpg 1536w, https:\/\/www.schiebener.net\/wordpress\/wp-content\/uploads\/2025\/01\/2025010102Lindenthal-1200x790.jpg 1200w, https:\/\/www.schiebener.net\/wordpress\/wp-content\/uploads\/2025\/01\/2025010102Lindenthal.jpg 2048w\" sizes=\"auto, (max-width: 709px) 85vw, (max-width: 909px) 67vw, (max-width: 1362px) 62vw, 840px\" \/><\/a><figcaption class=\"wp-element-caption\">Oben grau, unten himmelblau (foto: zoom)<\/figcaption><\/figure>\n<\/div>\n\n\n<p>Die H\u00e4user fielen mir vor die F\u00fc\u00dfe und die Graffiti troff von den W\u00e4nden.<\/p>\n\n\n<div class=\"wp-block-image\">\n<figure class=\"aligncenter size-large\"><a href=\"https:\/\/www.schiebener.net\/wordpress\/wp-content\/uploads\/2025\/01\/2025010105Lindenthal.jpg\" target=\"_blank\" rel=\" noreferrer noopener\"><img loading=\"lazy\" decoding=\"async\" width=\"1024\" height=\"674\" src=\"https:\/\/www.schiebener.net\/wordpress\/wp-content\/uploads\/2025\/01\/2025010105Lindenthal-1024x674.jpg\" alt=\"\" class=\"wp-image-60052\" srcset=\"https:\/\/www.schiebener.net\/wordpress\/wp-content\/uploads\/2025\/01\/2025010105Lindenthal-1024x674.jpg 1024w, https:\/\/www.schiebener.net\/wordpress\/wp-content\/uploads\/2025\/01\/2025010105Lindenthal-300x197.jpg 300w, https:\/\/www.schiebener.net\/wordpress\/wp-content\/uploads\/2025\/01\/2025010105Lindenthal-768x505.jpg 768w, https:\/\/www.schiebener.net\/wordpress\/wp-content\/uploads\/2025\/01\/2025010105Lindenthal-1536x1010.jpg 1536w, https:\/\/www.schiebener.net\/wordpress\/wp-content\/uploads\/2025\/01\/2025010105Lindenthal-1200x789.jpg 1200w, https:\/\/www.schiebener.net\/wordpress\/wp-content\/uploads\/2025\/01\/2025010105Lindenthal.jpg 2048w\" sizes=\"auto, (max-width: 709px) 85vw, (max-width: 909px) 67vw, (max-width: 1362px) 62vw, 840px\" \/><\/a><figcaption class=\"wp-element-caption\">Ich gestehe, dass ich das Tier zuerst nicht erkannt habe. (foto:zoom)<\/figcaption><\/figure>\n<\/div>\n\n\n<p>Das Tier auf dem Wandbild habe ich zuerst nicht erkannt, tippe aber auf Jaguar. Vielleicht seht ihr mehr.<\/p>\n\n\n\n<p>Plastikst\u00fchle als Farbtupfer auf der Terasse eines Hauses am Kanalufer, das Plastik kein Zeichen von Armut.<\/p>\n\n\n<div class=\"wp-block-image\">\n<figure class=\"aligncenter size-large\"><a href=\"https:\/\/www.schiebener.net\/wordpress\/wp-content\/uploads\/2025\/01\/2025010107Lindenthal.jpg\" target=\"_blank\" rel=\" noreferrer noopener\"><img loading=\"lazy\" decoding=\"async\" width=\"1024\" height=\"683\" src=\"https:\/\/www.schiebener.net\/wordpress\/wp-content\/uploads\/2025\/01\/2025010107Lindenthal-1024x683.jpg\" alt=\"\" class=\"wp-image-60054\" srcset=\"https:\/\/www.schiebener.net\/wordpress\/wp-content\/uploads\/2025\/01\/2025010107Lindenthal-1024x683.jpg 1024w, https:\/\/www.schiebener.net\/wordpress\/wp-content\/uploads\/2025\/01\/2025010107Lindenthal-300x200.jpg 300w, https:\/\/www.schiebener.net\/wordpress\/wp-content\/uploads\/2025\/01\/2025010107Lindenthal-768x512.jpg 768w, https:\/\/www.schiebener.net\/wordpress\/wp-content\/uploads\/2025\/01\/2025010107Lindenthal-1536x1024.jpg 1536w, https:\/\/www.schiebener.net\/wordpress\/wp-content\/uploads\/2025\/01\/2025010107Lindenthal-1200x800.jpg 1200w, https:\/\/www.schiebener.net\/wordpress\/wp-content\/uploads\/2025\/01\/2025010107Lindenthal.jpg 2048w\" sizes=\"auto, (max-width: 709px) 85vw, (max-width: 909px) 67vw, (max-width: 1362px) 62vw, 840px\" \/><\/a><figcaption class=\"wp-element-caption\">Die H\u00e4user in dieser Lage strahlen Reichtum aus. (foto: zoom)<\/figcaption><\/figure>\n<\/div>\n\n\n<p>Der Reichtum am Gr\u00fcng\u00fcrtel ist jedenfalls nicht barock oder anders verschn\u00f6rkelt.<\/p>\n\n\n\n<p>Das letzte Haus in dieser Serie hat keine Farbe.<\/p>\n\n\n<div class=\"wp-block-image\">\n<figure class=\"aligncenter size-large\"><a href=\"https:\/\/www.schiebener.net\/wordpress\/wp-content\/uploads\/2025\/01\/2025010108Lindenthal.jpg\" target=\"_blank\" rel=\" noreferrer noopener\"><img loading=\"lazy\" decoding=\"async\" width=\"683\" height=\"1024\" src=\"https:\/\/www.schiebener.net\/wordpress\/wp-content\/uploads\/2025\/01\/2025010108Lindenthal-683x1024.jpg\" alt=\"\" class=\"wp-image-60055\" srcset=\"https:\/\/www.schiebener.net\/wordpress\/wp-content\/uploads\/2025\/01\/2025010108Lindenthal-683x1024.jpg 683w, https:\/\/www.schiebener.net\/wordpress\/wp-content\/uploads\/2025\/01\/2025010108Lindenthal-200x300.jpg 200w, https:\/\/www.schiebener.net\/wordpress\/wp-content\/uploads\/2025\/01\/2025010108Lindenthal-768x1152.jpg 768w, https:\/\/www.schiebener.net\/wordpress\/wp-content\/uploads\/2025\/01\/2025010108Lindenthal-1024x1536.jpg 1024w, https:\/\/www.schiebener.net\/wordpress\/wp-content\/uploads\/2025\/01\/2025010108Lindenthal-1200x1800.jpg 1200w, https:\/\/www.schiebener.net\/wordpress\/wp-content\/uploads\/2025\/01\/2025010108Lindenthal.jpg 1365w\" sizes=\"auto, (max-width: 709px) 85vw, (max-width: 909px) 67vw, (max-width: 984px) 61vw, (max-width: 1362px) 45vw, 600px\" \/><\/a><figcaption class=\"wp-element-caption\">Praktisch, kubisch, gut und vermutlich teuer (foto: zoom)<\/figcaption><\/figure>\n<\/div>\n\n\n<p>Ach, auf das letzte Haus folgt nun noch das allerletzte Haus. Ich mag Hochh\u00e4user.<\/p>\n\n\n<div class=\"wp-block-image\">\n<figure class=\"aligncenter size-large\"><a href=\"https:\/\/www.schiebener.net\/wordpress\/wp-content\/uploads\/2025\/01\/2025010104Lindenthal.jpg\" target=\"_blank\" rel=\" noreferrer noopener\"><img loading=\"lazy\" decoding=\"async\" width=\"683\" height=\"1024\" src=\"https:\/\/www.schiebener.net\/wordpress\/wp-content\/uploads\/2025\/01\/2025010104Lindenthal-683x1024.jpg\" alt=\"\" class=\"wp-image-60051\" srcset=\"https:\/\/www.schiebener.net\/wordpress\/wp-content\/uploads\/2025\/01\/2025010104Lindenthal-683x1024.jpg 683w, https:\/\/www.schiebener.net\/wordpress\/wp-content\/uploads\/2025\/01\/2025010104Lindenthal-200x300.jpg 200w, https:\/\/www.schiebener.net\/wordpress\/wp-content\/uploads\/2025\/01\/2025010104Lindenthal-768x1152.jpg 768w, https:\/\/www.schiebener.net\/wordpress\/wp-content\/uploads\/2025\/01\/2025010104Lindenthal-1024x1536.jpg 1024w, https:\/\/www.schiebener.net\/wordpress\/wp-content\/uploads\/2025\/01\/2025010104Lindenthal-1200x1800.jpg 1200w, https:\/\/www.schiebener.net\/wordpress\/wp-content\/uploads\/2025\/01\/2025010104Lindenthal.jpg 1365w\" sizes=\"auto, (max-width: 709px) 85vw, (max-width: 909px) 67vw, (max-width: 984px) 61vw, (max-width: 1362px) 45vw, 600px\" \/><\/a><figcaption class=\"wp-element-caption\">Nicht zu \u00fcbersehen. Die Balkons\/Balkone gefallen mir. (foto: zoom)<\/figcaption><\/figure>\n<\/div>\n\n\n<p>Soweit der 1. Januar 2025. Der Rest waren R\u00fcckfahrt ins Sauerland, Dunkelheit, aufkommender Sturm und Regen.<\/p>\n\n\n\n<p>Blog-Doku 1. Januar 2025 beendet.<\/p>\n","protected":false},"excerpt":{"rendered":"<p>und schon wieder nur Geb\u00e4ude Ein weiterer bescheidener Vorsatz f\u00fcr 2025 w\u00e4re es, mehr Menschen auf meine Fotos zu bugsieren. Ich finde das angesichts der pers\u00f6nlichkeitrechtlichen Rahmenbedingungen, die ich \u00fcbrigens &hellip; <a href=\"https:\/\/www.schiebener.net\/wordpress\/neujahr-in-lindenthal\/\" class=\"more-link\"><span class=\"screen-reader-text\">\u201eNeujahr in Lindenthal\u201c <\/span>weiterlesen<\/a><\/p>\n","protected":false},"author":3,"featured_media":0,"comment_status":"open","ping_status":"open","sticky":false,"template":"","format":"standard","meta":{"footnotes":""},"categories":[174,1732,2489,674,2729,648],"tags":[667,9257,9258],"class_list":["post-60047","post","type-post","status-publish","format-standard","hentry","category-dit-und-dat","category-freizeit","category-in-eigener-sache","category-kultur","category-reisen","category-was-tun-gegen-langweile","tag-koln","tag-lindenthal","tag-neujahr-2025"],"_links":{"self":[{"href":"https:\/\/www.schiebener.net\/wordpress\/wp-json\/wp\/v2\/posts\/60047","targetHints":{"allow":["GET"]}}],"collection":[{"href":"https:\/\/www.schiebener.net\/wordpress\/wp-json\/wp\/v2\/posts"}],"about":[{"href":"https:\/\/www.schiebener.net\/wordpress\/wp-json\/wp\/v2\/types\/post"}],"author":[{"embeddable":true,"href":"https:\/\/www.schiebener.net\/wordpress\/wp-json\/wp\/v2\/users\/3"}],"replies":[{"embeddable":true,"href":"https:\/\/www.schiebener.net\/wordpress\/wp-json\/wp\/v2\/comments?post=60047"}],"version-history":[{"count":0,"href":"https:\/\/www.schiebener.net\/wordpress\/wp-json\/wp\/v2\/posts\/60047\/revisions"}],"wp:attachment":[{"href":"https:\/\/www.schiebener.net\/wordpress\/wp-json\/wp\/v2\/media?parent=60047"}],"wp:term":[{"taxonomy":"category","embeddable":true,"href":"https:\/\/www.schiebener.net\/wordpress\/wp-json\/wp\/v2\/categories?post=60047"},{"taxonomy":"post_tag","embeddable":true,"href":"https:\/\/www.schiebener.net\/wordpress\/wp-json\/wp\/v2\/tags?post=60047"}],"curies":[{"name":"wp","href":"https:\/\/api.w.org\/{rel}","templated":true}]}}