{"id":59967,"date":"2024-12-25T18:23:28","date_gmt":"2024-12-25T17:23:28","guid":{"rendered":"https:\/\/www.schiebener.net\/wordpress\/?p=59967"},"modified":"2024-12-25T18:23:28","modified_gmt":"2024-12-25T17:23:28","slug":"bevor-ichs-vergesse-frohe-festtage","status":"publish","type":"post","link":"https:\/\/www.schiebener.net\/wordpress\/bevor-ichs-vergesse-frohe-festtage\/","title":{"rendered":"Bevor ich&#8217;s vergesse: Frohe Festtage!"},"content":{"rendered":"<div class=\"wp-block-image\">\n<figure class=\"aligncenter size-large\"><a href=\"https:\/\/www.schiebener.net\/wordpress\/wp-content\/uploads\/2024\/12\/2024122502Egmond.jpg\" target=\"_blank\" rel=\" noreferrer noopener\"><img loading=\"lazy\" decoding=\"async\" width=\"1024\" height=\"683\" src=\"https:\/\/www.schiebener.net\/wordpress\/wp-content\/uploads\/2024\/12\/2024122502Egmond-1024x683.jpg\" alt=\"\" class=\"wp-image-59962\" srcset=\"https:\/\/www.schiebener.net\/wordpress\/wp-content\/uploads\/2024\/12\/2024122502Egmond-1024x683.jpg 1024w, https:\/\/www.schiebener.net\/wordpress\/wp-content\/uploads\/2024\/12\/2024122502Egmond-300x200.jpg 300w, https:\/\/www.schiebener.net\/wordpress\/wp-content\/uploads\/2024\/12\/2024122502Egmond-768x512.jpg 768w, https:\/\/www.schiebener.net\/wordpress\/wp-content\/uploads\/2024\/12\/2024122502Egmond-1536x1024.jpg 1536w, https:\/\/www.schiebener.net\/wordpress\/wp-content\/uploads\/2024\/12\/2024122502Egmond-1200x800.jpg 1200w, https:\/\/www.schiebener.net\/wordpress\/wp-content\/uploads\/2024\/12\/2024122502Egmond.jpg 2048w\" sizes=\"auto, (max-width: 709px) 85vw, (max-width: 909px) 67vw, (max-width: 1362px) 62vw, 840px\" \/><\/a><figcaption class=\"wp-element-caption\">Vor den D\u00fcnen am 25. Dezember 2024 (foto: zoom)<\/figcaption><\/figure>\n<\/div>\n\n\n<p><strong>Ich w\u00fcnsche allen Leser*innen diesseits und jenseit der religi\u00f6sen Grenzen <em>Frohe Festtage<\/em>. <\/strong><\/p>\n\n\n\n<p>Kurz bemerkt: &#8222;Am 25. Dezember leuchten Kerzen nicht nur am Tannenbaum: Wenn f\u00fcr Christinnen und Christen Weihnachten ist, beginnt in diesem Jahr auch das j\u00fcdische Lichterfest Chanukka.&#8220; (<a href=\"https:\/\/www.juedische-allgemeine.de\/religion\/chanukka-und-weihnachten-am-selben-tag\/\" target=\"_blank\" rel=\"noreferrer noopener\">https:\/\/www.juedische-allgemeine.de\/religion\/chanukka-und-weihnachten-am-selben-tag\/<\/a>)<\/p>\n\n\n\n<p>Wie auch immer ihr die Weihnachtstage verbringt, ob entspannt zu Hause oder auf der Arbeit, w\u00fcnsche ich euch wenigstens einen Moment der Ruhe und Besinnung. Nicht alle Menschen haben die M\u00f6glichkeit, Bilderbuchweihnachten zu feiern. Ich vermute, dass es eine verschwindend kleine Minderheit ist.<\/p>\n\n\n\n<p>Heute war es windstill, grau und tr\u00fcbe &#8211; Sonnenscheindauer 0 Minuten, Temperatur 10\u00b0 Celsius, zeitweise Nieselregen.<\/p>\n\n\n\n<p>Keine Farben, kein Licht und kein Schatten. Ein langer Spaziergang. Suche nach Motiven. Wenn alles verblasst, bleibt die Form.<\/p>\n\n\n<div class=\"wp-block-image\">\n<figure class=\"aligncenter size-large\"><a href=\"https:\/\/www.schiebener.net\/wordpress\/wp-content\/uploads\/2024\/12\/2024122503Egmond.jpg\" target=\"_blank\" rel=\" noreferrer noopener\"><img loading=\"lazy\" decoding=\"async\" width=\"1024\" height=\"683\" src=\"https:\/\/www.schiebener.net\/wordpress\/wp-content\/uploads\/2024\/12\/2024122503Egmond-1024x683.jpg\" alt=\"\" class=\"wp-image-59963\" srcset=\"https:\/\/www.schiebener.net\/wordpress\/wp-content\/uploads\/2024\/12\/2024122503Egmond-1024x683.jpg 1024w, https:\/\/www.schiebener.net\/wordpress\/wp-content\/uploads\/2024\/12\/2024122503Egmond-300x200.jpg 300w, https:\/\/www.schiebener.net\/wordpress\/wp-content\/uploads\/2024\/12\/2024122503Egmond-768x512.jpg 768w, https:\/\/www.schiebener.net\/wordpress\/wp-content\/uploads\/2024\/12\/2024122503Egmond-1536x1025.jpg 1536w, https:\/\/www.schiebener.net\/wordpress\/wp-content\/uploads\/2024\/12\/2024122503Egmond-1200x800.jpg 1200w, https:\/\/www.schiebener.net\/wordpress\/wp-content\/uploads\/2024\/12\/2024122503Egmond.jpg 2048w\" sizes=\"auto, (max-width: 709px) 85vw, (max-width: 909px) 67vw, (max-width: 1362px) 62vw, 840px\" \/><\/a><figcaption class=\"wp-element-caption\">Am Meer (foto: zoom)<\/figcaption><\/figure>\n<\/div>\n\n\n<p>Tage wie diese laden zum Lesen ein. Heute Morgen habe ich <em>Anne Applebaum, Die Achse der Autokraten<\/em> beendet. Raus aus der Blase. Eine kluge, ernstzunehmende antikommunistische Journalistin. Liest sich wie ein Gro\u00df-Essay flott weg. Nicht verwunderlich, denn das Buch st\u00fctzt sich auf Applebaums zahlreiche Artikel im <em><a href=\"https:\/\/www.theatlantic.com\/world\/\" target=\"_blank\" rel=\"noreferrer noopener\">Atlantic<\/a><\/em>.<\/p>\n\n\n\n<p>Irgendwann werde ich meine gelesenen B\u00fccher hier im Blog rezensieren, Versprechen und Vors\u00e4tze werden allerdings fr\u00fchestens Silvester gemacht bzw. gefasst.<\/p>\n\n\n\n<p>Das n\u00e4chste Buch liegt bereit: Han Kang, Die Vegetarierin.<\/p>\n","protected":false},"excerpt":{"rendered":"<p>Ich w\u00fcnsche allen Leser*innen diesseits und jenseit der religi\u00f6sen Grenzen Frohe Festtage. Kurz bemerkt: &#8222;Am 25. Dezember leuchten Kerzen nicht nur am Tannenbaum: Wenn f\u00fcr Christinnen und Christen Weihnachten ist, &hellip; <a href=\"https:\/\/www.schiebener.net\/wordpress\/bevor-ichs-vergesse-frohe-festtage\/\" class=\"more-link\"><span class=\"screen-reader-text\">\u201eBevor ich&#8217;s vergesse: Frohe Festtage!\u201c <\/span>weiterlesen<\/a><\/p>\n","protected":false},"author":3,"featured_media":0,"comment_status":"open","ping_status":"open","sticky":false,"template":"","format":"standard","meta":{"footnotes":""},"categories":[174,2489,6,674,2729,49,648],"tags":[6614,1433,9254],"class_list":["post-59967","post","type-post","status-publish","format-standard","hentry","category-dit-und-dat","category-in-eigener-sache","category-kalenderblatt","category-kultur","category-reisen","category-religion","category-was-tun-gegen-langweile","tag-chanukka","tag-fotografie","tag-weihnachten-2024"],"_links":{"self":[{"href":"https:\/\/www.schiebener.net\/wordpress\/wp-json\/wp\/v2\/posts\/59967","targetHints":{"allow":["GET"]}}],"collection":[{"href":"https:\/\/www.schiebener.net\/wordpress\/wp-json\/wp\/v2\/posts"}],"about":[{"href":"https:\/\/www.schiebener.net\/wordpress\/wp-json\/wp\/v2\/types\/post"}],"author":[{"embeddable":true,"href":"https:\/\/www.schiebener.net\/wordpress\/wp-json\/wp\/v2\/users\/3"}],"replies":[{"embeddable":true,"href":"https:\/\/www.schiebener.net\/wordpress\/wp-json\/wp\/v2\/comments?post=59967"}],"version-history":[{"count":0,"href":"https:\/\/www.schiebener.net\/wordpress\/wp-json\/wp\/v2\/posts\/59967\/revisions"}],"wp:attachment":[{"href":"https:\/\/www.schiebener.net\/wordpress\/wp-json\/wp\/v2\/media?parent=59967"}],"wp:term":[{"taxonomy":"category","embeddable":true,"href":"https:\/\/www.schiebener.net\/wordpress\/wp-json\/wp\/v2\/categories?post=59967"},{"taxonomy":"post_tag","embeddable":true,"href":"https:\/\/www.schiebener.net\/wordpress\/wp-json\/wp\/v2\/tags?post=59967"}],"curies":[{"name":"wp","href":"https:\/\/api.w.org\/{rel}","templated":true}]}}