{"id":59918,"date":"2024-12-20T18:46:10","date_gmt":"2024-12-20T17:46:10","guid":{"rendered":"https:\/\/www.schiebener.net\/wordpress\/?p=59918"},"modified":"2024-12-20T18:46:10","modified_gmt":"2024-12-20T17:46:10","slug":"fruehkirchlicher-pazifismus-als-advents-und-weihnachtsgabe","status":"publish","type":"post","link":"https:\/\/www.schiebener.net\/wordpress\/fruehkirchlicher-pazifismus-als-advents-und-weihnachtsgabe\/","title":{"rendered":"\u201eFr\u00fchkirchlicher Pazifismus\u201c als Advents- und Weihnachtsgabe"},"content":{"rendered":"\n<h3 class=\"wp-block-heading\">Die Neuausgabe darf ohne Geld frei verbreitet und verschenkt werden<\/h3>\n\n\n<div class=\"wp-block-image\">\n<figure class=\"aligncenter size-large\"><img loading=\"lazy\" decoding=\"async\" width=\"643\" height=\"1024\" src=\"https:\/\/www.schiebener.net\/wordpress\/wp-content\/uploads\/2024\/12\/02-Umschlag_Gerhards_PazifismusKlein-643x1024.jpg\" alt=\"\" class=\"wp-image-59919\" srcset=\"https:\/\/www.schiebener.net\/wordpress\/wp-content\/uploads\/2024\/12\/02-Umschlag_Gerhards_PazifismusKlein-643x1024.jpg 643w, https:\/\/www.schiebener.net\/wordpress\/wp-content\/uploads\/2024\/12\/02-Umschlag_Gerhards_PazifismusKlein-188x300.jpg 188w, https:\/\/www.schiebener.net\/wordpress\/wp-content\/uploads\/2024\/12\/02-Umschlag_Gerhards_PazifismusKlein-768x1223.jpg 768w, https:\/\/www.schiebener.net\/wordpress\/wp-content\/uploads\/2024\/12\/02-Umschlag_Gerhards_PazifismusKlein-964x1536.jpg 964w, https:\/\/www.schiebener.net\/wordpress\/wp-content\/uploads\/2024\/12\/02-Umschlag_Gerhards_PazifismusKlein.jpg 1024w\" sizes=\"auto, (max-width: 709px) 85vw, (max-width: 909px) 67vw, (max-width: 984px) 61vw, (max-width: 1362px) 45vw, 600px\" \/><figcaption class=\"wp-element-caption\">Umschlagbild edition pace<\/figcaption><\/figure>\n<\/div>\n\n\n<p><strong>Eine von Thomas Gerhards vorgelegte Quellensammlung \u201ePazifismus und Kriegsdienstverweigerung in der fr\u00fchen Kirche\u201c galt ab 1984 als \u201eGeheimtipp\u201c in der christlichen Friedensbewegung. <\/strong><\/p>\n\n\n\n<p>(<em>Ein Gastbeitrag der Redaktion \u201eedition pace\u201c)<\/em><\/p>\n\n\n\n<p>Die digitale Neuausgabe 2024 kann jetzt als Adventsgabe per Email von allen weitergeleitet oder verlinkt werden. Sie bietet sich auch an als elektronischer Weihnachtsgru\u00df an Kirchengemeinden, Pfarrerinnen und Pfarrer, Milit\u00e4rseelsorger, Soldaten und junge Christenmenschen. Hier kann die Sammlung kostenfrei aufgerufen werden:<br \/><br \/><strong>Thomas Gerhards: <em>Pazifismus und Kriegsdienstverweigerung in der fr\u00fchen Kirche<\/em><\/strong>. Eine Quellensammlung. \u2013 Neuedition der sechsten Auflage von 1991. (= edition pace ? Regal: Pazifismus der fr\u00fchen Kirche 2). Online-Ausgabe, 04.12.2024.<br \/><br \/><em>Abrufbar bei folgenden Kooperationspartnern:<\/em><\/p>\n\n\n\n<!--more-->\n\n\n\n<p>Lebenshaus Schw\u00e4bische Alb<br \/><a href=\"https:\/\/www.lebenshaus-alb.de\/magazin\/media\/pdf\/GERHARDS_digital.pdf\" target=\"_blank\" rel=\"noreferrer noopener\">https:\/\/www.lebenshaus-alb.de\/magazin\/media\/pdf\/GERHARDS_digital.pdf<\/a><\/p>\n\n\n\n<p>\u00d6kumenisches Institut f\u00fcr Friedenstheologie<br \/><a href=\"https:\/\/friedenstheologie-institut.jimdofree.com\/app\/download\/8541071363\/GERHARDS_digital_OekIF.pdf\" target=\"_blank\" rel=\"noreferrer noopener\">https:\/\/friedenstheologie-institut.jimdofree.com\/app\/download\/8541071363\/GERHARDS_digital_OekIF.pdf<\/a><\/p>\n\n\n\n<p>Solidarische Kirche im Rheinland<br \/><a href=\"https:\/\/solidarischekirche.de\/wp-content\/uploads\/2024\/12\/GERHARDS_digital_SoKi.pdf\" target=\"_blank\" rel=\"noreferrer noopener\">https:\/\/solidarischekirche.de\/wp-content\/uploads\/2024\/12\/GERHARDS_digital_SoKi.pdf<\/a><\/p>\n\n\n\n<p>Portal \u201eFriedenstheologie\u201c (Thomas Nauerth)<br \/><a href=\"https:\/\/friedenstheologie.de\/__trashed-2\/\" target=\"_blank\" rel=\"noreferrer noopener\">https:\/\/friedenstheologie.de\/__trashed-2\/<\/a><\/p>\n\n\n\n<p><strong>Die preiswerte Buchfassung (identisch) ist \u00fcberall, auch in Buchl\u00e4den vor Ort, bestellbar:<\/strong><\/p>\n\n\n\n<p>Thomas Gerhards: <em>Pazifismus und Kriegsdienstverweigerung in der fr\u00fchen Kirche<\/em>. Eine Quellensammlung. Mit einer Einleitung von Konrad L\u00fcbbert. \u2013 Neuedition der sechsten, \u00fcberarbeiteten Auflage von 1991. (= edition pace ? Regal: Pazifismus der fr\u00fchen Kirche 2). Norderstedt: BoD 2024.<br \/>(ISBN 978-3-7693-2108-1; Taschenbuch; 108 Seiten; 6,99 Euro)<br \/><a href=\"https:\/\/buchshop.bod.de\/pazifismus-und-kriegsdienstverweigerung-in-der-fruehen-kirche-thomas-gerhards-9783769321081\">https:\/\/buchshop.bod.de\/pazifismus-und-kriegsdienstverweigerung-in-der-fruehen-kirche-thomas-gerhards-9783769321081<\/a><\/p>\n\n\n\n<p><strong>Anmerkungen des Herausgebers zur Neuausgabe<\/strong><\/p>\n\n\n\n<p>Die hier ohne \u00c4nderungen erneut edierte Quellensammlung <em>\u201e<\/em><em>Pazifismus und Kriegsdienstverweigerung in der fr\u00fchen Kirche<\/em><em>\u201c<\/em> kursierte 1984 als \u201aGeheimtipp\u2018 unter friedensbewegten Christenmenschen und wurde dann aufgrund der starken Nachfrage bis 1991 vom deutschen Zweig des Internationalen Vers\u00f6hnungsbundes in sechs Auflagen verbreitet \u2013 versehen mit einem Vorwort des damaligen VB-Vorsitzenden Konrad L\u00fcbbert (1832-1999).<\/p>\n\n\n\n<p>Der Bearbeiter Thomas Gerhards (Jg. 1959) ist Schreiner, Dipl.-Theologe und Sozialwissenschaftler (Studium in Bonn und W\u00fcrzburg). Zu seinem Weg geh\u00f6ren langj\u00e4hrige berufliche T\u00e4tigkeiten u.a. in der Erwachsenenbildung und der kirchlichen Entwicklungszusammenarbeit. Gegenw\u00e4rtig engagiert er sich besonders bei Protesten am Atomwaffenstandort B\u00fcchel und in dem dort regelm\u00e4\u00dfig zusammenkommenden Kreis des Friedensgebets.<\/p>\n\n\n\n<p>Thomas Gerhards hatte w\u00e4hrend des Studiums festgestellt, <em>\u201ewie unbekannt und unzureichend das Wissen um die Haltung der fr\u00fchen Christen zu Krieg und Kriegsdienst war\u201c<\/em>, denn sogar in den kirchengeschichtlichen Lehrb\u00fcchern herrschte diesbez\u00fcglich weithin \u201aStillschweigen\u2018. Seine kompakte Brosch\u00fcre sorgte gr\u00fcndlich f\u00fcr Abhilfe und erleichtert es uns nun vier Jahrzehnte sp\u00e4ter, innerhalb der Reihe \u201aedition pace\u2018 ein \u201aRegal zum Pazifismus der fr\u00fchen Kirche\u2018 zun\u00e4chst mit schon vorhandenen Arbeiten aufzubauen. Bezeichnender Weise beginnt Gerhards Zusammenstellung mit Zeugnissen zur fr\u00fchchristlichen <em>Praxis<\/em> (Kriegsdienstverweigerung), um sodann in einem weiteren Durchgang die <em>theologischen Schriftsteller<\/em> der Alten Kirche zu Wort kommen zu lassen. Alle zentralen Aussagen der Apologeten und Kirchenv\u00e4ter werden ber\u00fccksichtigt. Einm\u00fctig finden wir in ihnen den Gegensatz von Christsein und Kriegshandwerk bezeugt. Bis heute kann niemand aus der Zeit <em>vor<\/em> dem Soldatenkaiser Konstantin, der sich unter dem \u201aZeichen Christi\u2018 eine neue (bzw. die alte) <em>Religion der Waffenr\u00fcstung und des Siegens<\/em> zurechtlegen wird, gegenteilige Voten von christlichen Theologen anf\u00fchren.<\/p>\n\n\n\n<p>Die Behauptung, es sei bei der fr\u00fchchristlichen Kriegsverweigerung lediglich um so etwas wie eine \u201ekultische Reinheit\u201c der Getauften unter den Bedingungen eines heidnischen Milit\u00e4rwesens gegangen, ist auch nach eineinhalbtausend Jahren noch nicht verstummt. Wie absurd diese ideologische Konstruktion jedoch ist, k\u00f6nnen alle Fragenden anhand des vorliegenden Quellenbandes selbst erkunden. Schon Justin (\u2020 165 n.Chr.) und Iren\u00e4us von Lyon(\u2020 um 200 n.Chr.) bringen die Perspektive der Propheten Israels ins Spiel: die Freundinnen und Freunde Jesu verstehen sich n\u00e4mlich als <em>Vorhut jener neuen Menschheit<\/em>, die das zerst\u00f6rerische \u201aZivilisationsprogramm Krieg\u2018 \u00fcberwindet. \u2013 Welch ein Kontrast zu den b\u00fcrgerlich dressierten Kirchent\u00fcmern unserer Tage, die lediglich an Weihnachten und ganz unverbindlich vom \u201aHeiland aller Welt\u2018 singen. \u2013 Noch Laktanz wei\u00df Ende des 3. Jahrhunderts, dass es den Christen <em>allzeit<\/em> verwehrt ist, sich an der T\u00f6tung eines Menschen in irgendeiner Weise zu beteiligen, und er entlarvt <em>vor<\/em> der \u201astaatskirchlichen Wende\u2018 sogar die Milit\u00e4rdoktrinen zur Sicherung der wirtschaftlichen und geostrategischen Interessen der eigenen Nation (bzw. des \u201arichtigen\u2018 imperialen Blocks).<\/p>\n\n\n\n<p>Wir werden im weiteren Verlauf unseres Bibliothekaufbaus einige neuere \u2013 z.T. leider unsachgem\u00e4\u00df aufgebauschte \u2013 Forschungsergebnisse (z.&nbsp;B. fr\u00fche Pr\u00e4senz von Christen an Milit\u00e4rstandorten) und den aktualisierten Stand der Bibliographie zum Thema ber\u00fccksichtigen. Zu grundlegenden Revisionen besteht keinerlei Anlass. Was Thomas Gerhards in seiner Gesamtschau der altkirchlichen Zeugnisse darbietet, vermittelt noch immer alle bedeutsamen Prim\u00e4rquellen (Kernbestand) und Aspekte.<\/p>\n\n\n\n<p>Ein vorz\u00fcglicher, kompakter \u201eRatgeber\u201c, die mich selbst w\u00e4hrend des Theologiestudiums ungemein ermutigt hat: Wie sch\u00f6n w\u00e4re es, wenn sehr viele Menschen zu Weihnachten sich daran beteiligen, die kostenfreie Digitalversion weiter zu verschenken oder das preiswerte Taschenbuch bekannt zu machen.<\/p>\n\n\n\n<p><em>Dezember 2024 ? \u00a0Peter B\u00fcrger<\/em><\/p>\n","protected":false},"excerpt":{"rendered":"<p>Die Neuausgabe darf ohne Geld frei verbreitet und verschenkt werden Eine von Thomas Gerhards vorgelegte Quellensammlung \u201ePazifismus und Kriegsdienstverweigerung in der fr\u00fchen Kirche\u201c galt ab 1984 als \u201eGeheimtipp\u201c in der &hellip; <a href=\"https:\/\/www.schiebener.net\/wordpress\/fruehkirchlicher-pazifismus-als-advents-und-weihnachtsgabe\/\" class=\"more-link\"><span class=\"screen-reader-text\">\u201e\u201eFr\u00fchkirchlicher Pazifismus\u201c als Advents- und Weihnachtsgabe\u201c <\/span>weiterlesen<\/a><\/p>\n","protected":false},"author":18,"featured_media":0,"comment_status":"open","ping_status":"open","sticky":false,"template":"","format":"standard","meta":{"footnotes":""},"categories":[218,319,303,49],"tags":[9253,9252,9023],"class_list":["post-59918","post","type-post","status-publish","format-standard","hentry","category-bucher","category-geschichte","category-in-unserem-briefkasten","category-religion","tag-friedensbewegung","tag-kriegsdienstverweigerung","tag-pazifismus"],"_links":{"self":[{"href":"https:\/\/www.schiebener.net\/wordpress\/wp-json\/wp\/v2\/posts\/59918","targetHints":{"allow":["GET"]}}],"collection":[{"href":"https:\/\/www.schiebener.net\/wordpress\/wp-json\/wp\/v2\/posts"}],"about":[{"href":"https:\/\/www.schiebener.net\/wordpress\/wp-json\/wp\/v2\/types\/post"}],"author":[{"embeddable":true,"href":"https:\/\/www.schiebener.net\/wordpress\/wp-json\/wp\/v2\/users\/18"}],"replies":[{"embeddable":true,"href":"https:\/\/www.schiebener.net\/wordpress\/wp-json\/wp\/v2\/comments?post=59918"}],"version-history":[{"count":0,"href":"https:\/\/www.schiebener.net\/wordpress\/wp-json\/wp\/v2\/posts\/59918\/revisions"}],"wp:attachment":[{"href":"https:\/\/www.schiebener.net\/wordpress\/wp-json\/wp\/v2\/media?parent=59918"}],"wp:term":[{"taxonomy":"category","embeddable":true,"href":"https:\/\/www.schiebener.net\/wordpress\/wp-json\/wp\/v2\/categories?post=59918"},{"taxonomy":"post_tag","embeddable":true,"href":"https:\/\/www.schiebener.net\/wordpress\/wp-json\/wp\/v2\/tags?post=59918"}],"curies":[{"name":"wp","href":"https:\/\/api.w.org\/{rel}","templated":true}]}}