{"id":59570,"date":"2024-11-07T08:48:45","date_gmt":"2024-11-07T07:48:45","guid":{"rendered":"https:\/\/www.schiebener.net\/wordpress\/?p=59570"},"modified":"2024-11-07T08:49:41","modified_gmt":"2024-11-07T07:49:41","slug":"adfc-fahrradklima-test-noch-bis-zum-30-november-2024","status":"publish","type":"post","link":"https:\/\/www.schiebener.net\/wordpress\/adfc-fahrradklima-test-noch-bis-zum-30-november-2024\/","title":{"rendered":"ADFC-Fahrradklima-Test noch bis zum 30. November 2024"},"content":{"rendered":"<div class=\"wp-block-image\">\n<figure class=\"alignleft size-full is-resized\"><img loading=\"lazy\" decoding=\"async\" width=\"320\" height=\"372\" src=\"https:\/\/www.schiebener.net\/wordpress\/wp-content\/uploads\/2011\/06\/fahrradfahrer.jpg\" alt=\"\" class=\"wp-image-12522\" style=\"width:180px;height:auto\" srcset=\"https:\/\/www.schiebener.net\/wordpress\/wp-content\/uploads\/2011\/06\/fahrradfahrer.jpg 320w, https:\/\/www.schiebener.net\/wordpress\/wp-content\/uploads\/2011\/06\/fahrradfahrer-258x300.jpg 258w\" sizes=\"auto, (max-width: 320px) 85vw, 320px\" \/><figcaption class=\"wp-element-caption\">Dieser &#8222;Fahrradfahrer&#8220; in Bad Karlshafen hat keine Angst vor Autos. (archiv: zoom)<\/figcaption><\/figure>\n<\/div>\n\n\n<p><strong>Noch bis zum 30. November haben Radfahrerinnen und Radfahrer die M\u00f6glichkeit, am ADFC-Fahrradklima-Test teilzunehmen und die Fahrradfreundlichkeit ihrer Stadt zu bewerten. Die sgilt auch f\u00fcr alle St\u00e4dte und Gemeinden im HSK. Die Umfrage umfasst 32 Fragen zur Fahrradfreundlichkeit und kann in etwa zehn Minuten online unter<br \/><a href=\"https:\/\/fahrradklima-test.adfc.de\/\">https:\/\/fahrradklima-test.adfc.de\/<\/a> beantwortet werden.<\/strong><\/p>\n\n\n\n<!--more-->\n\n\n\n<p><em>(Der Beitrag ist gestern <a href=\"https:\/\/sbl-fraktion.de\/?p=11588\" target=\"_blank\" rel=\"noreferrer noopener\">auf der Website der Sauerl\u00e4nder B\u00fcrgerliste<\/a> erschienen.)<\/em><\/p>\n\n\n\n<p>Mit Fragen wie \u201eBedeutet Radfahren f\u00fcr Sie Spa\u00df oder Stress?\u201c und \u201eF\u00fchlen Sie sich als Verkehrsteilnehmer ernst genommen?\u201c wird ermittelt, wie sicher und angenehm das Radfahren f\u00fcr verschiedene Nutzergruppen, einschlie\u00dflich Familien mit Kindern, empfunden wird. <\/p>\n\n\n\n<p>Beim ADFC-Fahrradklima-Test bewerten die Teilnehmer:innen den Radverkehr vor Ort und geben n\u00fctzliche Hinweise, die Kommunen gezielt f\u00fcr Verbesserungen in der Infrastruktur nutzen k\u00f6nnen (und das hoffentlich auch tun). Die Ergebnisse helfen auch, die Ergebnisse der bisherigen Radverkehrsf\u00f6rderung vor Ort zu bewerten. <\/p>\n\n\n\n<p>Der ADFC-Fahrradklima-Test ist eine der gr\u00f6\u00dften Befragungen zum Radfahrklima weltweit und findet 2024 zum elften Mal statt. Die letzte Durchf\u00fchrung erfolgte im Jahr 2022.<\/p>\n\n\n\n<p>Die Ergebnisse des Fahrradklima-Tests 2024 werden im Fr\u00fchjahr 2025 vom ADFC ver\u00f6ffentlicht, mit gemeindespezifischen Daten.<\/p>\n","protected":false},"excerpt":{"rendered":"<p>Noch bis zum 30. November haben Radfahrerinnen und Radfahrer die M\u00f6glichkeit, am ADFC-Fahrradklima-Test teilzunehmen und die Fahrradfreundlichkeit ihrer Stadt zu bewerten. Die sgilt auch f\u00fcr alle St\u00e4dte und Gemeinden im &hellip; <a href=\"https:\/\/www.schiebener.net\/wordpress\/adfc-fahrradklima-test-noch-bis-zum-30-november-2024\/\" class=\"more-link\"><span class=\"screen-reader-text\">\u201eADFC-Fahrradklima-Test noch bis zum 30. November 2024\u201c <\/span>weiterlesen<\/a><\/p>\n","protected":false},"author":17,"featured_media":0,"comment_status":"open","ping_status":"open","sticky":false,"template":"","format":"standard","meta":{"footnotes":""},"categories":[618],"tags":[4417,5253,227],"class_list":["post-59570","post","type-post","status-publish","format-standard","hentry","category-verkehr","tag-adfc","tag-fahrradklimatest","tag-sauerlander-burgerliste"],"_links":{"self":[{"href":"https:\/\/www.schiebener.net\/wordpress\/wp-json\/wp\/v2\/posts\/59570","targetHints":{"allow":["GET"]}}],"collection":[{"href":"https:\/\/www.schiebener.net\/wordpress\/wp-json\/wp\/v2\/posts"}],"about":[{"href":"https:\/\/www.schiebener.net\/wordpress\/wp-json\/wp\/v2\/types\/post"}],"author":[{"embeddable":true,"href":"https:\/\/www.schiebener.net\/wordpress\/wp-json\/wp\/v2\/users\/17"}],"replies":[{"embeddable":true,"href":"https:\/\/www.schiebener.net\/wordpress\/wp-json\/wp\/v2\/comments?post=59570"}],"version-history":[{"count":0,"href":"https:\/\/www.schiebener.net\/wordpress\/wp-json\/wp\/v2\/posts\/59570\/revisions"}],"wp:attachment":[{"href":"https:\/\/www.schiebener.net\/wordpress\/wp-json\/wp\/v2\/media?parent=59570"}],"wp:term":[{"taxonomy":"category","embeddable":true,"href":"https:\/\/www.schiebener.net\/wordpress\/wp-json\/wp\/v2\/categories?post=59570"},{"taxonomy":"post_tag","embeddable":true,"href":"https:\/\/www.schiebener.net\/wordpress\/wp-json\/wp\/v2\/tags?post=59570"}],"curies":[{"name":"wp","href":"https:\/\/api.w.org\/{rel}","templated":true}]}}