{"id":59566,"date":"2024-11-06T19:08:25","date_gmt":"2024-11-06T18:08:25","guid":{"rendered":"https:\/\/www.schiebener.net\/wordpress\/?p=59566"},"modified":"2024-11-06T19:08:25","modified_gmt":"2024-11-06T18:08:25","slug":"nrw-jede-zehnte-person-kann-sich-keine-warme-wohnung-leisten","status":"publish","type":"post","link":"https:\/\/www.schiebener.net\/wordpress\/nrw-jede-zehnte-person-kann-sich-keine-warme-wohnung-leisten\/","title":{"rendered":"NRW: Jede zehnte Person kann sich keine warme Wohnung leisten"},"content":{"rendered":"\n<h3 class=\"wp-block-heading\">Knapp ein Viertel der Alleinerziehenden konnte es sich 2023 nicht leisten, die Unterkunft angemessen warm zu halten.<\/h3>\n\n\n<div class=\"wp-block-image\">\n<figure class=\"aligncenter size-full\"><a href=\"https:\/\/www.schiebener.net\/wordpress\/wp-content\/uploads\/2024\/11\/2024110601HeizenNRWKlein.jpg\" target=\"_blank\" rel=\"noreferrer noopener\"><img loading=\"lazy\" decoding=\"async\" width=\"1024\" height=\"576\" src=\"https:\/\/www.schiebener.net\/wordpress\/wp-content\/uploads\/2024\/11\/2024110601HeizenNRWKlein.jpg\" alt=\"\" class=\"wp-image-59567\" srcset=\"https:\/\/www.schiebener.net\/wordpress\/wp-content\/uploads\/2024\/11\/2024110601HeizenNRWKlein.jpg 1024w, https:\/\/www.schiebener.net\/wordpress\/wp-content\/uploads\/2024\/11\/2024110601HeizenNRWKlein-300x169.jpg 300w, https:\/\/www.schiebener.net\/wordpress\/wp-content\/uploads\/2024\/11\/2024110601HeizenNRWKlein-768x432.jpg 768w\" sizes=\"auto, (max-width: 709px) 85vw, (max-width: 909px) 67vw, (max-width: 1362px) 62vw, 840px\" \/><\/a><figcaption class=\"wp-element-caption\">Grafik: IT.NRW<\/figcaption><\/figure>\n<\/div>\n\n\n<p><strong>D\u00fcsseldorf (<a href=\"https:\/\/www.it.nrw\/nrw-jede-zehnte-person-kann-sich-keine-warme-wohnung-leisten-126919\" target=\"_blank\" rel=\"noreferrer noopener\">IT.NRW<\/a>). 2023 lebte jede zehnte Person (10,2 Prozent) in NRW in einem Haushalt, der es sich nicht leisten konnte, seine Wohnung oder sein Haus angemessen warm zu halten. <\/strong><\/p>\n\n\n\n<p>Wie Information und Technik Nordrhein-Westfalen als Statistisches Landesamt weiter mitteilt, ist dies ein Anstieg um 6,3 Prozentpunkte im Vergleich zu 2021. Im Jahr 2023 waren die Preise f\u00fcr Strom, Gas und andere Brennstoffe rund 54 Prozent h\u00f6her als noch im Jahr 2021 (gemessen an der Ver\u00e4nderung des Verbraucherpreisindex im Jahresdurchschnitt). Der Verbraucherpreisindex insgesamt verzeichnete im selben Zeitraum einen Anstieg von 13,1 Prozent.<\/p>\n\n\n\n<!--more-->\n\n\n\n<h3 class=\"wp-block-heading\">Starker Anstieg der Energiepreise seit dem Jahr 2022<\/h3>\n\n\n\n<p>Im Jahr 2021 stiegen die Preise f\u00fcr Strom, Gas und andere Brennstoffe im Vergleich zum Vorjahr durchschnittlich um 1,9&nbsp;Prozent. Bereits im Jahr 2022 gab es einen deutlichen Anstieg dieser Energiepreise. So sind die <strong>Preise f\u00fcr Strom, Gas und andere Brennstoffe<\/strong> im Vergleich zum Vorjahr im Jahresdurchschnitt um 39,7&nbsp;Prozent gestiegen. Die Energiekosten blieben auch im Jahr 2023 auf einem hohen Niveau. Von 2022 zu 2023 fiel der durchschnittliche Preisanstieg mit 10,0&nbsp;Prozent jedoch deutlich geringer aus.<\/p>\n\n\n\n<h3 class=\"wp-block-heading\">Vor allem Alleinerziehende k\u00f6nnen sich das Heizen nicht leisten<\/h3>\n\n\n\n<p>Im Jahr 2023 konnten es sich insbesondere Haushalte mit Kindern h\u00e4ufiger nicht leisten, die Unterkunft warm zu halten. Dies traf auf 11,4&nbsp;Prozent der <strong>Personen in Haushalten mit mindestens einem Kind<\/strong> und auf 9,2&nbsp;Prozent der Personen in <strong>Haushalten ohne Kinder<\/strong> zu. Besonders h\u00e4ufig waren jedoch <strong>Alleinerziehende<\/strong> und ihre Kinder betroffen. So konnte es sich fast ein Viertel (22,6&nbsp;Prozent) der Personen in Alleinerziehenden-Haushalten nicht leisten, die Wohnung warm zu halten. In <strong>Einpersonenhaushalten<\/strong> waren es dagegen 11,9&nbsp;Prozent. Im Vergleich dazu war der Anteil der betroffenen Personen in <strong>Haushalten mit zwei Erwachsenen<\/strong> geringer: Waren dies Haushalte <strong>ohne Kinder<\/strong>, lag der Anteil bei 7,9&nbsp;Prozent und <strong>mit Kindern<\/strong> bei 10,4&nbsp;Prozent.<\/p>\n\n\n<div class=\"wp-block-image\">\n<figure class=\"aligncenter size-full\"><a href=\"https:\/\/www.schiebener.net\/wordpress\/wp-content\/uploads\/2024\/11\/2024110602HeizenNRWKlein.jpg\" target=\"_blank\" rel=\"noreferrer noopener\"><img loading=\"lazy\" decoding=\"async\" width=\"1024\" height=\"576\" src=\"https:\/\/www.schiebener.net\/wordpress\/wp-content\/uploads\/2024\/11\/2024110602HeizenNRWKlein.jpg\" alt=\"\" class=\"wp-image-59568\" srcset=\"https:\/\/www.schiebener.net\/wordpress\/wp-content\/uploads\/2024\/11\/2024110602HeizenNRWKlein.jpg 1024w, https:\/\/www.schiebener.net\/wordpress\/wp-content\/uploads\/2024\/11\/2024110602HeizenNRWKlein-300x169.jpg 300w, https:\/\/www.schiebener.net\/wordpress\/wp-content\/uploads\/2024\/11\/2024110602HeizenNRWKlein-768x432.jpg 768w\" sizes=\"auto, (max-width: 709px) 85vw, (max-width: 909px) 67vw, (max-width: 1362px) 62vw, 840px\" \/><\/a><figcaption class=\"wp-element-caption\">Grafik: IT.NRW<\/figcaption><\/figure>\n<\/div>\n\n\n<p>Ergebnisse zu diesen und weiteren Fragen rund um das Thema \u201e<strong>materielle und soziale Entbehrung<\/strong>\u201d finden sich im Schwerpunktartikel auf der <a href=\"https:\/\/statistik.nrw\/service\/veroeffentlichungen\/themenschwerpunkte\/armut\/wer-nrw-ist-von-erheblicher-materieller-und-sozialer-entbehrung-betroffen\" target=\"_blank\" rel=\"noreferrer noopener\">Themenseite Armut<\/a>.<\/p>\n\n\n\n<p>Die hier vorgestellten Ergebnisse basieren auf der europ\u00e4ischen Gemeinschaftsstatistik \u00fcber Einkommen und Lebensbedingungen (European Union Statistics on Income and Living Conditions, EU-SILC). Die Befragung wurde bis zum Jahr 2019 als eigenst\u00e4ndige Erhebung durchgef\u00fchrt und ist seit 2020 als Unterstichprobe in den <strong>Mikrozensus<\/strong> integriert. <strong>Aufgrund der damit verbundenen umfangreichen methodischen \u00c4nderungen ist ein Vergleich der Ergebnisse ab 2020 mit den Vorjahren nicht m\u00f6glich<\/strong>. Ausf\u00fchrliche Informationen zur Neugestaltung von EU-SILC finden sich beim <a href=\"https:\/\/www.destatis.de\/DE\/Themen\/Gesellschaft-Umwelt\/Einkommen-Konsum-Lebensbedingungen\/Lebensbedingungen-Armutsgefaehrdung\/Methoden\/meth-auswirkungen-corona-EU-SILC.html\" target=\"_blank\" rel=\"noreferrer noopener\">Statistischen Bundesamt<\/a>.<\/p>\n\n\n\n<p><\/p>\n","protected":false},"excerpt":{"rendered":"<p>Knapp ein Viertel der Alleinerziehenden konnte es sich 2023 nicht leisten, die Unterkunft angemessen warm zu halten. D\u00fcsseldorf (IT.NRW). 2023 lebte jede zehnte Person (10,2 Prozent) in NRW in einem &hellip; <a href=\"https:\/\/www.schiebener.net\/wordpress\/nrw-jede-zehnte-person-kann-sich-keine-warme-wohnung-leisten\/\" class=\"more-link\"><span class=\"screen-reader-text\">\u201eNRW: Jede zehnte Person kann sich keine warme Wohnung leisten\u201c <\/span>weiterlesen<\/a><\/p>\n","protected":false},"author":17,"featured_media":0,"comment_status":"open","ping_status":"open","sticky":false,"template":"","format":"standard","meta":{"footnotes":""},"categories":[303,8406,6413,1043],"tags":[1143,9069,9243],"class_list":["post-59566","post","type-post","status-publish","format-standard","hentry","category-in-unserem-briefkasten","category-klimakrise","category-nrw","category-pressemitteilungen","tag-armut","tag-energiekrise","tag-heizen"],"_links":{"self":[{"href":"https:\/\/www.schiebener.net\/wordpress\/wp-json\/wp\/v2\/posts\/59566","targetHints":{"allow":["GET"]}}],"collection":[{"href":"https:\/\/www.schiebener.net\/wordpress\/wp-json\/wp\/v2\/posts"}],"about":[{"href":"https:\/\/www.schiebener.net\/wordpress\/wp-json\/wp\/v2\/types\/post"}],"author":[{"embeddable":true,"href":"https:\/\/www.schiebener.net\/wordpress\/wp-json\/wp\/v2\/users\/17"}],"replies":[{"embeddable":true,"href":"https:\/\/www.schiebener.net\/wordpress\/wp-json\/wp\/v2\/comments?post=59566"}],"version-history":[{"count":0,"href":"https:\/\/www.schiebener.net\/wordpress\/wp-json\/wp\/v2\/posts\/59566\/revisions"}],"wp:attachment":[{"href":"https:\/\/www.schiebener.net\/wordpress\/wp-json\/wp\/v2\/media?parent=59566"}],"wp:term":[{"taxonomy":"category","embeddable":true,"href":"https:\/\/www.schiebener.net\/wordpress\/wp-json\/wp\/v2\/categories?post=59566"},{"taxonomy":"post_tag","embeddable":true,"href":"https:\/\/www.schiebener.net\/wordpress\/wp-json\/wp\/v2\/tags?post=59566"}],"curies":[{"name":"wp","href":"https:\/\/api.w.org\/{rel}","templated":true}]}}