{"id":59478,"date":"2024-10-26T06:55:46","date_gmt":"2024-10-26T04:55:46","guid":{"rendered":"https:\/\/www.schiebener.net\/wordpress\/?p=59478"},"modified":"2024-10-26T06:55:46","modified_gmt":"2024-10-26T04:55:46","slug":"villon-verehrt-und-angespien","status":"publish","type":"post","link":"https:\/\/www.schiebener.net\/wordpress\/villon-verehrt-und-angespien\/","title":{"rendered":"VILLON \u2013 verehrt und angespien"},"content":{"rendered":"\n<h3 class=\"wp-block-heading\"><br \/><strong>J\u00f6rg Doppelreiter \u2013 ehemaliger Regisseur der Freilichtb\u00fchne Hallenberg kommt mit einer \u201eSzenischen Lesung mit Musik\u201c nach Hallenberg in den Kump.<\/strong><\/h3>\n\n\n<div class=\"wp-block-image\">\n<figure class=\"aligncenter size-large\"><a href=\"https:\/\/www.schiebener.net\/wordpress\/wp-content\/uploads\/2024\/10\/20241026PlakatkumphallenbergKlein.jpg\" target=\"_blank\" rel=\"noreferrer noopener\"><img loading=\"lazy\" decoding=\"async\" width=\"724\" height=\"1024\" src=\"https:\/\/www.schiebener.net\/wordpress\/wp-content\/uploads\/2024\/10\/20241026PlakatkumphallenbergKlein-724x1024.jpg\" alt=\"\" class=\"wp-image-59479\" srcset=\"https:\/\/www.schiebener.net\/wordpress\/wp-content\/uploads\/2024\/10\/20241026PlakatkumphallenbergKlein-724x1024.jpg 724w, https:\/\/www.schiebener.net\/wordpress\/wp-content\/uploads\/2024\/10\/20241026PlakatkumphallenbergKlein-212x300.jpg 212w, https:\/\/www.schiebener.net\/wordpress\/wp-content\/uploads\/2024\/10\/20241026PlakatkumphallenbergKlein-768x1086.jpg 768w, https:\/\/www.schiebener.net\/wordpress\/wp-content\/uploads\/2024\/10\/20241026PlakatkumphallenbergKlein.jpg 1024w\" sizes=\"auto, (max-width: 709px) 85vw, (max-width: 909px) 67vw, (max-width: 984px) 61vw, (max-width: 1362px) 45vw, 600px\" \/><\/a><figcaption class=\"wp-element-caption\">Veranstaltungsplakat F\u00f6rderverein Hallenberg<\/figcaption><\/figure>\n<\/div>\n\n\n<p><strong>Provozierend und humorvoll korrespondieren die biografische Beschreibung des liederlichen Villon\u00b4schen Lebens und seinen \u201elasterhaften\u201c Balladen mit musikalisch abgestimmten Konzepten.<\/strong> <\/p>\n\n\n\n<p><em>(Pressemitteilung F\u00f6rderverein Hallenberg)<\/em><\/p>\n\n\n\n<p>Die inspirierende Spontanit\u00e4t der instrumentalen Interpretation und der pointierte Vortrag garantieren einen spannenden Abend \u00fcber das frivole und lasterhafte Leben des Fran\u00e7ois de Montcorbier, genannt VILLON. Die szenische Lesung mit Musik gespickt mit den bekanntesten Balladen (\u201eIch bin so wild nach deinem Erdbeermund\u201c), mit denen Villon als erster \u201emoderner\u201c Lyriker und bedeutendster Dichter Frankreichs im Sp\u00e4tmittelalter gilt. <\/p>\n\n\n\n<p>Die szenische Lesung orientiert sich an der Biografie Villons und den \u00dcbersetzungen der Balladen von Paul Zech, erschienen im deutschen Taschenbuch-Verlag (dtv 43). <\/p>\n\n\n\n<p><strong>Dauer der Lesung: etwa 75 min.<\/strong><\/p>\n\n\n\n<p><strong>Der Autor und Erz\u00e4hler:<\/strong><\/p>\n\n\n\n<p>Mag. J\u00f6rg Doppelreiter schrieb die biografischen Texte anhand der \u00fcberlieferten Lebensgeschichte Villons. Doppelreiter interpretiert die Texte mit dem ihm eigenen Charme.<\/p>\n\n\n\n<p><strong>Der Musiker:<\/strong><\/p>\n\n\n\n<p>Heinz Murnig setzte den Inhalt der Lesung kongenial in Musik um.<\/p>\n\n\n\n<p><strong>Herzliche Einladung zu dieser besonderen Veranstaltung am Donnerstag, 7. November 2024 um 19.00 Uhr im Infozentrum Kump in Hallenberg, Petrusstr. 2.<\/strong><\/p>\n\n\n\n<p><strong>Eintritt 8,&#8211; \u20ac. Karten an der Abendkasse. Kartenreservierungen unter 02984-303-0<\/strong><\/p>\n","protected":false},"excerpt":{"rendered":"<p>J\u00f6rg Doppelreiter \u2013 ehemaliger Regisseur der Freilichtb\u00fchne Hallenberg kommt mit einer \u201eSzenischen Lesung mit Musik\u201c nach Hallenberg in den Kump. Provozierend und humorvoll korrespondieren die biografische Beschreibung des liederlichen Villon\u00b4schen &hellip; <a href=\"https:\/\/www.schiebener.net\/wordpress\/villon-verehrt-und-angespien\/\" class=\"more-link\"><span class=\"screen-reader-text\">\u201eVILLON \u2013 verehrt und angespien\u201c <\/span>weiterlesen<\/a><\/p>\n","protected":false},"author":17,"featured_media":0,"comment_status":"open","ping_status":"open","sticky":false,"template":"","format":"standard","meta":{"footnotes":""},"categories":[218,303,674,80,1043],"tags":[5751],"class_list":["post-59478","post","type-post","status-publish","format-standard","hentry","category-bucher","category-in-unserem-briefkasten","category-kultur","category-lokales","category-pressemitteilungen","tag-kump-hallenberg"],"_links":{"self":[{"href":"https:\/\/www.schiebener.net\/wordpress\/wp-json\/wp\/v2\/posts\/59478","targetHints":{"allow":["GET"]}}],"collection":[{"href":"https:\/\/www.schiebener.net\/wordpress\/wp-json\/wp\/v2\/posts"}],"about":[{"href":"https:\/\/www.schiebener.net\/wordpress\/wp-json\/wp\/v2\/types\/post"}],"author":[{"embeddable":true,"href":"https:\/\/www.schiebener.net\/wordpress\/wp-json\/wp\/v2\/users\/17"}],"replies":[{"embeddable":true,"href":"https:\/\/www.schiebener.net\/wordpress\/wp-json\/wp\/v2\/comments?post=59478"}],"version-history":[{"count":0,"href":"https:\/\/www.schiebener.net\/wordpress\/wp-json\/wp\/v2\/posts\/59478\/revisions"}],"wp:attachment":[{"href":"https:\/\/www.schiebener.net\/wordpress\/wp-json\/wp\/v2\/media?parent=59478"}],"wp:term":[{"taxonomy":"category","embeddable":true,"href":"https:\/\/www.schiebener.net\/wordpress\/wp-json\/wp\/v2\/categories?post=59478"},{"taxonomy":"post_tag","embeddable":true,"href":"https:\/\/www.schiebener.net\/wordpress\/wp-json\/wp\/v2\/tags?post=59478"}],"curies":[{"name":"wp","href":"https:\/\/api.w.org\/{rel}","templated":true}]}}